{"id":137317,"date":"2025-02-23T17:32:22","date_gmt":"2025-02-23T14:32:22","guid":{"rendered":"https:\/\/www.tgrthaber.com\/mavikadin\/?p=137317"},"modified":"2025-02-23T17:43:34","modified_gmt":"2025-02-23T14:43:34","slug":"basak-dizer-esi-kivanc-tatlituga-ovguler-yagdirdi-dunyanin-en-guzel-kardan-adami","status":"publish","type":"post","link":"https:\/\/www.tgrthaber.com\/mavikadin\/basak-dizer-esi-kivanc-tatlituga-ovguler-yagdirdi-dunyanin-en-guzel-kardan-adami\/","title":{"rendered":"Ba\u015fak Dizer e\u015fi K\u0131van\u00e7 Tatl\u0131tu\u011f\u2019a \u00f6vg\u00fcler ya\u011fd\u0131rd\u0131! \u201cD\u00fcnyan\u0131n en g\u00fczel kardan adam\u0131\u201d"},"content":{"rendered":"<p>Magazin d\u00fcnyas\u0131n\u0131n sevilen \u00e7iftleri aras\u0131nda yer alan K\u0131van\u00e7 Tatl\u0131tu\u011f ve Ba\u015fak Dizer \u00e7ifti, \u00f6zel hayatlar\u0131yla g\u00fcndem olmaya devam ediyor. \u00dcnl\u00fc \u00e7ift, bu kez Ba\u015fak Dizer\u2019in \u00f6vg\u00fcleriyle g\u00fcndeme geldi. Ba\u015fak Dizer, e\u015fi K\u0131van\u00e7 Tatl\u0131tu\u011f\u2019u sosyal medya hesab\u0131ndan payla\u015farak \u00f6vg\u00fcler ya\u011fd\u0131rd\u0131. \u0130\u015fte Ba\u015fak Dizer\u2019in e\u015fi K\u0131van\u00e7 Tatl\u0131tu\u011f\u2019a \u00f6vg\u00fcleri\u2026<\/p>\n<h3>BA\u015eAK D\u0130ZER\u2019DEN E\u015e\u0130 KIVAN\u00c7 TATLITU\u011e\u2019A \u00d6VG\u00dcLER!<\/h3>\n<p>\u00dcnl\u00fc oyuncu K\u0131van\u00e7 Tatl\u0131tu\u011f, stil dan\u0131\u015fman\u0131 Ba\u015fak Dizer ile 2016 y\u0131l\u0131nda Paris\u2019te d\u00fcnyaevine girmi\u015fti. \u00dcnl\u00fc \u00e7ift, evliliklerini 2022 y\u0131l\u0131nda \u201cKurt Efe\u201d ad\u0131n\u0131 verdikleri \u00e7ocuklar\u0131yla ta\u00e7land\u0131rm\u0131\u015ft\u0131. Uzun s\u00fcredir mutlu beraberliklerini devam ettiren \u00e7ift, magazin d\u00fcnyas\u0131n\u0131n sevilen \u00e7iftleri aras\u0131nda yerini alm\u0131\u015ft\u0131. \u00d6zel hayatlar\u0131yla s\u0131k s\u0131k g\u00fcndeme gelen \u00e7ift, ald\u0131klar\u0131 kararlarla da bir hayli dikkat \u00e7ekmi\u015fti.<\/p>\n<p><img loading=\"lazy\" decoding=\"async\" class=\"alignnone wp-image-137323\" src=\"https:\/\/www.tgrthaber.com\/mavikadin\/wp-content\/uploads\/Kivanc-Tatlitug-6-1024x576.jpg\" alt=\"Ba\u015fak Dizer\u2019den e\u015fi K\u0131van\u00e7 Tatl\u0131tu\u011f\u2019a \u00f6vg\u00fcler! \" width=\"1208\" height=\"680\" title=\"\" srcset=\"https:\/\/www.tgrthaber.com\/mavikadin\/wp-content\/uploads\/Kivanc-Tatlitug-6-1024x576.jpg 1024w, https:\/\/www.tgrthaber.com\/mavikadin\/wp-content\/uploads\/Kivanc-Tatlitug-6-300x169.jpg 300w, https:\/\/www.tgrthaber.com\/mavikadin\/wp-content\/uploads\/Kivanc-Tatlitug-6-768x432.jpg 768w, https:\/\/www.tgrthaber.com\/mavikadin\/wp-content\/uploads\/Kivanc-Tatlitug-6-1536x864.jpg 1536w, https:\/\/www.tgrthaber.com\/mavikadin\/wp-content\/uploads\/Kivanc-Tatlitug-6.jpg 1600w\" sizes=\"(max-width: 1208px) 100vw, 1208px\" \/><\/p>\n<hr \/>\n<p>Her yapt\u0131klar\u0131 olay olan \u00fcnl\u00fc \u00e7ift, bu kez Ba\u015fak Dizer\u2019in K\u0131van\u00e7 Tatl\u0131tu\u011f\u2019a \u00f6vg\u00fcleriyle g\u00fcndeme geldi. Dizer, e\u015fi Tatl\u0131tu\u011f\u2019u sosyal medya hesab\u0131ndan payla\u015farak \u00f6vg\u00fcler ya\u011fd\u0131rd\u0131. Dizer, yapt\u0131\u011f\u0131 payla\u015f\u0131ml\u0131 e\u015finin her alanda ba\u015far\u0131l\u0131 oldu\u011funu bir kez daha takip\u00e7ilerine g\u00f6sterdi. Dizer, e\u015fi Tatl\u0131tu\u011f\u2019u kardan adam yaparken yakalad\u0131. Tatl\u0131tu\u011f\u2019un kardan adam yaparken ki hallerinin foto\u011fraf\u0131n\u0131 \u00e7eken Dizer, sosyal medya hesab\u0131ndan o anlar\u0131 payla\u015ft\u0131. Dizer, Instagram hesab\u0131ndan payla\u015ft\u0131\u011f\u0131 foto\u011fraflara \u201cD\u00fcnyan\u0131n en g\u00fczel kardan adam\u0131\u201d notunu d\u00fc\u015ft\u00fc. \u00dcnl\u00fc oyuncu Tatl\u0131tu\u011f, sadece kardan adam yapmakla kalmay\u0131p adeta bir sanat eseri olu\u015fturarak kardan k\u00f6pek yapt\u0131.<\/p>\n<p><img loading=\"lazy\" decoding=\"async\" class=\"alignnone wp-image-137325\" src=\"https:\/\/www.tgrthaber.com\/mavikadin\/wp-content\/uploads\/Kivanc-Tatlitug-3-1-1024x576.jpg\" alt=\"Ba\u015fak Dizer\u2019den e\u015fi K\u0131van\u00e7 Tatl\u0131tu\u011f\u2019a \u00f6vg\u00fcler! \" width=\"1208\" height=\"680\" title=\"\" srcset=\"https:\/\/www.tgrthaber.com\/mavikadin\/wp-content\/uploads\/Kivanc-Tatlitug-3-1-1024x576.jpg 1024w, https:\/\/www.tgrthaber.com\/mavikadin\/wp-content\/uploads\/Kivanc-Tatlitug-3-1-300x169.jpg 300w, https:\/\/www.tgrthaber.com\/mavikadin\/wp-content\/uploads\/Kivanc-Tatlitug-3-1-768x432.jpg 768w, https:\/\/www.tgrthaber.com\/mavikadin\/wp-content\/uploads\/Kivanc-Tatlitug-3-1-1536x864.jpg 1536w, https:\/\/www.tgrthaber.com\/mavikadin\/wp-content\/uploads\/Kivanc-Tatlitug-3-1.jpg 1600w\" sizes=\"(max-width: 1208px) 100vw, 1208px\" \/><\/p>\n<hr \/>\n<p>\u0130\u015fte Ba\u015fak Dizer\u2019in g\u00f6z\u00fcnden K\u0131van\u00e7 Tatl\u0131tu\u011f\u2019un sanat eserleri, kardan adam ve kardan k\u00f6pek yapt\u0131\u011f\u0131 anlar\u2026<\/p>\n<p><img loading=\"lazy\" decoding=\"async\" class=\"alignnone wp-image-137327\" src=\"https:\/\/www.tgrthaber.com\/mavikadin\/wp-content\/uploads\/Kivanc-Tatlitug-4-1024x576.jpg\" alt=\"Ba\u015fak Dizer\u2019den e\u015fi K\u0131van\u00e7 Tatl\u0131tu\u011f\u2019a \u00f6vg\u00fcler! \" width=\"1208\" height=\"680\" title=\"\" srcset=\"https:\/\/www.tgrthaber.com\/mavikadin\/wp-content\/uploads\/Kivanc-Tatlitug-4-1024x576.jpg 1024w, https:\/\/www.tgrthaber.com\/mavikadin\/wp-content\/uploads\/Kivanc-Tatlitug-4-300x169.jpg 300w, https:\/\/www.tgrthaber.com\/mavikadin\/wp-content\/uploads\/Kivanc-Tatlitug-4-768x432.jpg 768w, https:\/\/www.tgrthaber.com\/mavikadin\/wp-content\/uploads\/Kivanc-Tatlitug-4-1536x864.jpg 1536w, https:\/\/www.tgrthaber.com\/mavikadin\/wp-content\/uploads\/Kivanc-Tatlitug-4.jpg 1600w\" sizes=\"(max-width: 1208px) 100vw, 1208px\" \/><\/p>\n<hr \/>\n<h3>KIVAN\u00c7 TATLITU\u011e OKUL KAYITLARINI DURDURMU\u015eTU!<\/h3>\n<p>Ba\u015far\u0131l\u0131 oyunculu\u011funun yan\u0131 s\u0131ra son zamanlarda ald\u0131\u011f\u0131 mutfak e\u011fitimleriyle de g\u00fcndeme gelen K\u0131van\u00e7 Tatl\u0131tu\u011f, e\u015fi Ba\u015fak Dizer ve o\u011flu Kurt Efe ile T\u00fcrkiye\u2019den ayr\u0131lma karar\u0131 alm\u0131\u015f ve bir y\u0131ll\u0131\u011f\u0131na Londra\u2019da ya\u015famaya karar vermi\u015fti. Bu s\u00fcre\u00e7te ise Tatl\u0131tu\u011f\u2019un a\u015f\u00e7\u0131l\u0131k e\u011fitimi ald\u0131\u011f\u0131 ve mutfak sanatlar\u0131 alan\u0131nda da ustala\u015fmay\u0131 hedefledi\u011fi konu\u015fuluyordu.<\/p>\n<p><img loading=\"lazy\" decoding=\"async\" class=\"alignnone wp-image-137328\" src=\"https:\/\/www.tgrthaber.com\/mavikadin\/wp-content\/uploads\/Kivanc-Tatlitug-5-1024x576.jpg\" alt=\"Ba\u015fak Dizer\u2019den e\u015fi K\u0131van\u00e7 Tatl\u0131tu\u011f\u2019a \u00f6vg\u00fcler! \" width=\"1208\" height=\"680\" title=\"\" srcset=\"https:\/\/www.tgrthaber.com\/mavikadin\/wp-content\/uploads\/Kivanc-Tatlitug-5-1024x576.jpg 1024w, https:\/\/www.tgrthaber.com\/mavikadin\/wp-content\/uploads\/Kivanc-Tatlitug-5-300x169.jpg 300w, https:\/\/www.tgrthaber.com\/mavikadin\/wp-content\/uploads\/Kivanc-Tatlitug-5-768x432.jpg 768w, https:\/\/www.tgrthaber.com\/mavikadin\/wp-content\/uploads\/Kivanc-Tatlitug-5-1536x864.jpg 1536w, https:\/\/www.tgrthaber.com\/mavikadin\/wp-content\/uploads\/Kivanc-Tatlitug-5.jpg 1600w\" sizes=\"(max-width: 1208px) 100vw, 1208px\" \/><\/p>\n<hr \/>\n<p>Magazin d\u00fcnyas\u0131n\u0131n g\u00fcndemine bomba gibi oturan bu olay sonras\u0131nda K\u0131van\u00e7 Tatl\u0131tu\u011f\u2019un, Londra\u2019daki \u00fcnl\u00fc mutfak okulu Le Cordon Bleu\u2019de e\u011fitim almaya ba\u015flamas\u0131 b\u00fcy\u00fck ses getirmi\u015fti. Tatlutu\u011f\u2019un Londra\u2019da oldu\u011funu duyan hayranlar\u0131, \u00fcnl\u00fc oyuncuyla ayn\u0131 s\u0131n\u0131fta olmak i\u00e7in adeta yar\u0131\u015fa girmi\u015fti. Tatl\u0131tu\u011f\u2019un yo\u011fun hayran kitlesi nedeniyle okulda kay\u0131t patlamas\u0131 ya\u015fand\u0131\u011f\u0131 ve ba\u015fvurular\u0131n ge\u00e7ici olarak durduruldu\u011fu g\u00fcndeme gelmi\u015fti.<\/p>\n","protected":false},"excerpt":{"rendered":"<p>Ba\u015fak Dizer, e\u015fi K\u0131van\u00e7 Tatl\u0131tu\u011f\u2019u sosyal medya hesab\u0131ndan payla\u015farak \u00f6vg\u00fcler ya\u011fd\u0131rd\u0131. \u0130\u015fte Ba\u015fak Dizer\u2019in e\u015fi K\u0131van\u00e7 Tatl\u0131tu\u011f\u2019a \u00f6vg\u00fcleri\u2026 <\/p>\n","protected":false},"author":26,"featured_media":137320,"comment_status":"closed","ping_status":"closed","sticky":false,"template":"","format":"standard","meta":{"rank_math_lock_modified_date":false,"footnotes":""},"categories":[76],"tags":[2499,2498,11682,11428],"class_list":["post-137317","post","type-post","status-publish","format-standard","has-post-thumbnail","hentry","category-magazin","tag-basak-dizer","tag-kivanc-tatlitug","tag-kivanc-tatlitug-ascilik","tag-kivanc-tatlitug-mutfak-sanatlari"],"_links":{"self":[{"href":"https:\/\/www.tgrthaber.com\/mavikadin\/wp-json\/wp\/v2\/posts\/137317"}],"collection":[{"href":"https:\/\/www.tgrthaber.com\/mavikadin\/wp-json\/wp\/v2\/posts"}],"about":[{"href":"https:\/\/www.tgrthaber.com\/mavikadin\/wp-json\/wp\/v2\/types\/post"}],"author":[{"embeddable":true,"href":"https:\/\/www.tgrthaber.com\/mavikadin\/wp-json\/wp\/v2\/users\/26"}],"replies":[{"embeddable":true,"href":"https:\/\/www.tgrthaber.com\/mavikadin\/wp-json\/wp\/v2\/comments?post=137317"}],"version-history":[{"count":3,"href":"https:\/\/www.tgrthaber.com\/mavikadin\/wp-json\/wp\/v2\/posts\/137317\/revisions"}],"predecessor-version":[{"id":137329,"href":"https:\/\/www.tgrthaber.com\/mavikadin\/wp-json\/wp\/v2\/posts\/137317\/revisions\/137329"}],"wp:featuredmedia":[{"embeddable":true,"href":"https:\/\/www.tgrthaber.com\/mavikadin\/wp-json\/wp\/v2\/media\/137320"}],"wp:attachment":[{"href":"https:\/\/www.tgrthaber.com\/mavikadin\/wp-json\/wp\/v2\/media?parent=137317"}],"wp:term":[{"taxonomy":"category","embeddable":true,"href":"https:\/\/www.tgrthaber.com\/mavikadin\/wp-json\/wp\/v2\/categories?post=137317"},{"taxonomy":"post_tag","embeddable":true,"href":"https:\/\/www.tgrthaber.com\/mavikadin\/wp-json\/wp\/v2\/tags?post=137317"}],"curies":[{"name":"wp","href":"https:\/\/api.w.org\/{rel}","templated":true}]}}