{"id":137366,"date":"2025-02-23T21:44:43","date_gmt":"2025-02-23T18:44:43","guid":{"rendered":"https:\/\/www.tgrthaber.com\/mavikadin\/?p=137366"},"modified":"2025-02-23T21:45:18","modified_gmt":"2025-02-23T18:45:18","slug":"binbir-gece-masallari-dizisinde-gerginlik-ruzgar-aksoy-yerine-ozgur-cevik","status":"publish","type":"post","link":"https:\/\/www.tgrthaber.com\/mavikadin\/binbir-gece-masallari-dizisinde-gerginlik-ruzgar-aksoy-yerine-ozgur-cevik\/","title":{"rendered":"Binbir Gece Masallar\u0131 dizisinde gerginlik! R\u00fczgar Aksoy yerine \u00d6zg\u00fcr \u00c7evik!"},"content":{"rendered":"<p>TRT\u2019nin tabii dijital platformunda yay\u0131nlanmaya haz\u0131rlanan Binbir Gece Masallar\u0131 dizisinin ge\u00e7ti\u011fimiz g\u00fcnlerde senaryo okumalar\u0131 tamamland\u0131. Dizinin \u00e7ekimlerinin planland\u0131\u011f\u0131 gibi 25 \u015eubat Sal\u0131 g\u00fcn\u00fc ba\u015flayacak. Ekip dizinin \u00e7ekimlerine 2 g\u00fcn kala beklenmedik bir ayr\u0131l\u0131k ya\u015fad\u0131. Binbir Gece Masallar\u0131 dizisinin y\u00f6netmeni Metin G\u00fcnay ile dizideki Yunus karakterini oynayacak olan R\u00fczgar Aksoy aras\u0131nda \u00e7al\u0131\u015fma s\u0131ras\u0131nda gerginlik ya\u015fand\u0131.<\/p>\n<h3>\u201cBEN YOKUM EFEND\u0130M\u201d<\/h3>\n<p>Bozda\u011f Film ekibinin \u00fcstlendi\u011fi Binbir Gece Masal\u0131 dizisinde fla\u015f bir ayr\u0131l\u0131k oldu. Birsen Altunta\u015f\u2019\u0131n haberine g\u00f6re yap\u0131m ekibi ile teknik konularda anla\u015famad\u0131\u011f\u0131 \u00f6ne s\u00fcr\u00fclen Aksoy\u2019un provalar s\u0131ras\u0131nda y\u00f6netmen Metin G\u00fcnay\u2019la gerginlik ya\u015fad\u0131\u011f\u0131 ard\u0131ndan da sinirlenip diziyi b\u0131rakt\u0131\u011f\u0131 iddias\u0131nda bulunuldu\u011funu s\u00f6yledi.<\/p>\n<p>Ge\u00e7ti\u011fimiz haftalarda senaryonun okuma provas\u0131nda R\u00fczgar Aksoy\u2019un ekipten ayr\u0131ld\u0131\u011f\u0131 iddia edildi. Aksoy hakk\u0131nda \u00e7\u0131kan iddialar \u00fczerine durumu sosyal medya sayfas\u0131ndan \u201cS\u00fcrekli dola\u015fan haberlere istinaden\u2026 Binbir Gece Masallar\u0131 i\u015finde ben yokum efendim\u201d notuyla do\u011frulad\u0131.<\/p>\n<p><img loading=\"lazy\" decoding=\"async\" class=\"alignnone wp-image-137367\" src=\"https:\/\/www.tgrthaber.com\/mavikadin\/wp-content\/uploads\/binbir-gece-masalindan-ruzgar-aksoy-ayrildi-300x169.jpg\" alt=\"binbir gece masal\u0131ndan r\u00fczgar aksoy ayr\u0131ld\u0131\" width=\"1208\" height=\"680\" title=\"\" srcset=\"https:\/\/www.tgrthaber.com\/mavikadin\/wp-content\/uploads\/binbir-gece-masalindan-ruzgar-aksoy-ayrildi-300x169.jpg 300w, https:\/\/www.tgrthaber.com\/mavikadin\/wp-content\/uploads\/binbir-gece-masalindan-ruzgar-aksoy-ayrildi-1024x576.jpg 1024w, https:\/\/www.tgrthaber.com\/mavikadin\/wp-content\/uploads\/binbir-gece-masalindan-ruzgar-aksoy-ayrildi-768x432.jpg 768w, https:\/\/www.tgrthaber.com\/mavikadin\/wp-content\/uploads\/binbir-gece-masalindan-ruzgar-aksoy-ayrildi-1536x864.jpg 1536w, https:\/\/www.tgrthaber.com\/mavikadin\/wp-content\/uploads\/binbir-gece-masalindan-ruzgar-aksoy-ayrildi.jpg 1920w\" sizes=\"(max-width: 1208px) 100vw, 1208px\" \/><\/p>\n<hr \/>\n<h3>\u00d6ZG\u00dcR \u00c7EV\u0130K B\u0130NB\u0130R GECE MASALI D\u0130Z\u0130S\u0130NDE!<\/h3>\n<p>R\u00fczgar Aksoy\u2019un ayr\u0131lmas\u0131 \u00fczerine Binbir Gece Masal\u0131\u2019\u0131ndaki \u015eehrazat\u2019\u0131n a\u015f\u0131\u011f\u0131 ve \u015eehriyar\u2019\u0131n d\u00fc\u015fman\u0131 olan Yunus rol\u00fc Kurulu\u015f Osman dizisinden ayr\u0131lan \u00d6zg\u00fcr \u00c7evik dahil oldu.<\/p>\n<p><img loading=\"lazy\" decoding=\"async\" class=\"alignnone wp-image-137369\" src=\"https:\/\/www.tgrthaber.com\/mavikadin\/wp-content\/uploads\/ozgur-cevik-300x169.jpg\" alt=\"\u00f6zg\u00fcr \u00e7evik\" width=\"1208\" height=\"680\" title=\"\" srcset=\"https:\/\/www.tgrthaber.com\/mavikadin\/wp-content\/uploads\/ozgur-cevik-300x169.jpg 300w, https:\/\/www.tgrthaber.com\/mavikadin\/wp-content\/uploads\/ozgur-cevik-1024x576.jpg 1024w, https:\/\/www.tgrthaber.com\/mavikadin\/wp-content\/uploads\/ozgur-cevik-768x432.jpg 768w, https:\/\/www.tgrthaber.com\/mavikadin\/wp-content\/uploads\/ozgur-cevik-1536x864.jpg 1536w, https:\/\/www.tgrthaber.com\/mavikadin\/wp-content\/uploads\/ozgur-cevik.jpg 1920w\" sizes=\"(max-width: 1208px) 100vw, 1208px\" \/><\/p>\n<hr \/>\n<h3>25 \u015eUBAT\u2019TA \u00c7EK\u0130MLER\u0130 BA\u015eLANACAK!<\/h3>\n<p>Binbir Gece Masallar\u0131 dizisinin \u00e7ekimleri 25 \u015eubat Sal\u0131 g\u00fcn\u00fc ba\u015flayacak. Dizinin ba\u015frol oyuncular\u0131 Cansu Dere ve \u0130brahim \u00c7elikkol TRT\u2019nin dijital platformu tabii\u2019nin Dubai\u2019de yapaca\u011f\u0131 lansman\u0131na kat\u0131ld\u0131ktan bir g\u00fcn sonra t\u00fcm ekip sete \u00e7\u0131kacak.<\/p>\n<h3>B\u0130NB\u0130R GECE MASALI ANA KADROSU<\/h3>\n<ul>\n<li>Senaryosu Atilla Engin<\/li>\n<li>G\u00f6r\u00fcnt\u00fc y\u00f6netmeni Ercan I\u015f\u0131k<\/li>\n<li>Cansu Dere (\u015eehrazat)<\/li>\n<li>\u0130brahim \u00c7elikkol (\u015eehriyar)<\/li>\n<li>\u015eahin Erg\u00fcney (Hamid)<\/li>\n<li>Selin T\u00fcrkmen (D\u00fcnyazad)<\/li>\n<li>G\u00fcne\u015f Hayat (Mihriban)<\/li>\n<li>Osman Alka\u015f (K\u00f6r Masalc\u0131 Sahir)<\/li>\n<li>Jale Ar\u0131kan (Fatma)<\/li>\n<li>Fatih Ayhan (\u015eahzaman)<\/li>\n<li>Nazl\u0131 Senem \u00dcnal (Azimet)<\/li>\n<li>Hakan Vanl\u0131 (Ferhad)<\/li>\n<li>Sevin\u00e7 K\u0131ranl\u0131 (S\u00fcheyla)<\/li>\n<li>\u0130pek Arkan (G\u00fclendam)<\/li>\n<\/ul>\n","protected":false},"excerpt":{"rendered":"<p>Binbir Gece Masallar\u0131 dizisinin \u00e7ekimlerine 2 g\u00fcn kala y\u00f6netmen ve oyuncu aras\u0131nda gerginlik ya\u015fand\u0131. 25 \u015eubat Sal\u0131 g\u00fcn\u00fc \u00e7ekimlerine ba\u015flanacak olan yap\u0131m\u0131n oyuncu kadrosunda yer alan R\u00fczgar Aksoy, dizinin y\u00f6netmeni Metin G\u00fcnay\u2019la ya\u015fad\u0131\u011f\u0131 gerginlik diziden ayr\u0131lmas\u0131na neden oldu. Binbir Gece Masal\u0131 &#8216;Yunus&#8217; rol\u00fcn\u00fc \u00d6zg\u00fcr \u00c7evik oynayacak.<\/p>\n","protected":false},"author":10,"featured_media":137368,"comment_status":"closed","ping_status":"closed","sticky":false,"template":"","format":"standard","meta":{"rank_math_lock_modified_date":false,"footnotes":""},"categories":[602],"tags":[11767,11766,2628,10390,11768],"class_list":["post-137366","post","type-post","status-publish","format-standard","has-post-thumbnail","hentry","category-diziler","tag-binbir-gece-masali","tag-binbir-gece-masali-ozgur-cevik-yunus","tag-dizi-haberleri","tag-dizi-magazin","tag-ozgur-cevik-yunus-rolu"],"_links":{"self":[{"href":"https:\/\/www.tgrthaber.com\/mavikadin\/wp-json\/wp\/v2\/posts\/137366"}],"collection":[{"href":"https:\/\/www.tgrthaber.com\/mavikadin\/wp-json\/wp\/v2\/posts"}],"about":[{"href":"https:\/\/www.tgrthaber.com\/mavikadin\/wp-json\/wp\/v2\/types\/post"}],"author":[{"embeddable":true,"href":"https:\/\/www.tgrthaber.com\/mavikadin\/wp-json\/wp\/v2\/users\/10"}],"replies":[{"embeddable":true,"href":"https:\/\/www.tgrthaber.com\/mavikadin\/wp-json\/wp\/v2\/comments?post=137366"}],"version-history":[{"count":3,"href":"https:\/\/www.tgrthaber.com\/mavikadin\/wp-json\/wp\/v2\/posts\/137366\/revisions"}],"predecessor-version":[{"id":137372,"href":"https:\/\/www.tgrthaber.com\/mavikadin\/wp-json\/wp\/v2\/posts\/137366\/revisions\/137372"}],"wp:featuredmedia":[{"embeddable":true,"href":"https:\/\/www.tgrthaber.com\/mavikadin\/wp-json\/wp\/v2\/media\/137368"}],"wp:attachment":[{"href":"https:\/\/www.tgrthaber.com\/mavikadin\/wp-json\/wp\/v2\/media?parent=137366"}],"wp:term":[{"taxonomy":"category","embeddable":true,"href":"https:\/\/www.tgrthaber.com\/mavikadin\/wp-json\/wp\/v2\/categories?post=137366"},{"taxonomy":"post_tag","embeddable":true,"href":"https:\/\/www.tgrthaber.com\/mavikadin\/wp-json\/wp\/v2\/tags?post=137366"}],"curies":[{"name":"wp","href":"https:\/\/api.w.org\/{rel}","templated":true}]}}