{"id":137373,"date":"2025-02-23T22:23:53","date_gmt":"2025-02-23T19:23:53","guid":{"rendered":"https:\/\/www.tgrthaber.com\/mavikadin\/?p=137373"},"modified":"2025-02-23T22:23:53","modified_gmt":"2025-02-23T19:23:53","slug":"masterchef-turkiye-2024-yarismacisi-ayse-ekizin-son-hali-sok-etti","status":"publish","type":"post","link":"https:\/\/www.tgrthaber.com\/mavikadin\/masterchef-turkiye-2024-yarismacisi-ayse-ekizin-son-hali-sok-etti\/","title":{"rendered":"MasterChef T\u00fcrkiye 2024 yar\u0131\u015fmac\u0131s\u0131 Ay\u015fe Ekiz\u2019in son hali \u015fok etti!"},"content":{"rendered":"<p>Kanal 7\u2019de yay\u0131nlanan \u015eampiyon Lezzetler program\u0131na kat\u0131lan MasterChef 2024 yar\u0131\u015fmac\u0131s\u0131 olan Ay\u015fe Ekiz, yeni haliyle ekran ba\u015f\u0131ndakileri \u015fa\u015f\u0131rtt\u0131. MasterChef All Star \u015eampiyonu olan Esra Tokelli\u2019nin sundu\u011fu programda Afyon ve K\u0131br\u0131s y\u00f6resine ait lezzetler tan\u0131t\u0131l\u0131yordu. Esra Tokelli\u2019nin yemek program\u0131na kat\u0131lan Ay\u015fe Ekiz, yar\u0131\u015fmadan sonraki tarz\u0131yla dikkat \u00e7ekti.<\/p>\n<h3>MASTERCHEF 2024 AY\u015eE\u2019N\u0130N YEN\u0130 \u0130MAJI<\/h3>\n<p>TV 8\u2019de yay\u0131nlanan MasterChef 2024 yar\u0131\u015fmac\u0131s\u0131 Ay\u015fe Ekiz, yar\u0131\u015fmadan ayr\u0131ld\u0131ktan sonra g\u00f6r\u00fcn\u00fcm\u00fcne \u00e7eki d\u00fczen vermeye ba\u015flad\u0131. Yar\u0131\u015fmadayken do\u011fal bir g\u00f6r\u00fcn\u00fcme sahip olan Ay\u015fe Ekiz\u2019in yar\u0131\u015fma sonras\u0131 de\u011fi\u015fen giyim tarz\u0131 ve y\u00fcz\u00fcne yapt\u0131\u011f\u0131 dokunu\u015flar takip\u00e7ilerini \u015fa\u015f\u0131rtmaya devam ediyor. Esra MasterCehf \u015fampiyonu Esra Tokelli\u2019nin program\u0131na kat\u0131lan Ay\u015fe Ekiz\u2019in giyim tarz\u0131 ve y\u00fcz\u00fcne yapt\u0131\u011f\u0131 makyaj izleyenlerin dikkatinden ka\u00e7mad\u0131. \u201c Estetik mi yapt\u0131rd\u0131n?\u201d, \u201c Eski halinden eser yok\u201d gibi yorumlar yap\u0131ld\u0131. Sosyal medyas\u0131nda payla\u015ft\u0131\u011f\u0131 foto\u011fraflara da ayn\u0131 tepkiler verilmesine ra\u011fmen Ay\u015fe Ekiz yap\u0131lan yorumlara kar\u015f\u0131 herhangi bir tepki veya a\u00e7\u0131klamada bulunmad\u0131.<\/p>\n<p><img loading=\"lazy\" decoding=\"async\" class=\"alignnone wp-image-137374\" src=\"https:\/\/www.tgrthaber.com\/mavikadin\/wp-content\/uploads\/masterchef-2024-ayse-ekizin-yeni-hali-300x169.jpg\" alt=\"masterchef 2024 ay\u015fe ekiz&#039;in yeni hali\" width=\"1208\" height=\"680\" title=\"\" srcset=\"https:\/\/www.tgrthaber.com\/mavikadin\/wp-content\/uploads\/masterchef-2024-ayse-ekizin-yeni-hali-300x169.jpg 300w, https:\/\/www.tgrthaber.com\/mavikadin\/wp-content\/uploads\/masterchef-2024-ayse-ekizin-yeni-hali-1024x576.jpg 1024w, https:\/\/www.tgrthaber.com\/mavikadin\/wp-content\/uploads\/masterchef-2024-ayse-ekizin-yeni-hali-768x432.jpg 768w, https:\/\/www.tgrthaber.com\/mavikadin\/wp-content\/uploads\/masterchef-2024-ayse-ekizin-yeni-hali-1536x864.jpg 1536w, https:\/\/www.tgrthaber.com\/mavikadin\/wp-content\/uploads\/masterchef-2024-ayse-ekizin-yeni-hali.jpg 1920w\" sizes=\"(max-width: 1208px) 100vw, 1208px\" \/><\/p>\n<hr \/>\n<h3>\u201cGURUR DUYUYORUM\u201d<\/h3>\n<p>Kanal 7\u2019de haftan\u0131n 3 g\u00fcn\u00fc program yapan MasterChef \u015fampiyonu Esra Tokelli, MasterChef 2024 Ay\u015fe Ekiz hakk\u0131nda a\u00e7\u0131klamalarda bulundu. Program\u0131na kat\u0131lan Ay\u015fe Ekiz i\u00e7in Esra Tokelli, \u201c Bende kalbi y\u00fcre\u011fi g\u00fczel bir insanla, b\u00f6yle cesaretli cesur dik duran bir kad\u0131nla ayn\u0131 tezgahta bulundu\u011fum i\u00e7in daha \u00e7ok gurur duydum. \u201c s\u00f6zlerini kulland\u0131. MasterChef 2024 Ay\u015fe Ekiz,\u00a0 kat\u0131ld\u0131\u011f\u0131 programda yine kendine \u00f6zg\u00fc yemekleriyle ve samimi, i\u00e7ten halleriyle izleyenlerin g\u00f6nl\u00fcnde yine tahta oturdu. Ayr\u0131ca Ay\u015fe Ekiz, sosyal medya hesaplar\u0131nda yemek yapma yolculu\u011funa devam ediyor.<\/p>\n","protected":false},"excerpt":{"rendered":"<p>: MasterChef T\u00fcrkiye \u015fampiyonu Esra Tokelli\u2019nin Kanal 7\u2019deki program\u0131na kat\u0131lan Mastercehf T\u00fcrkiye 2024 yar\u0131\u015fmac\u0131s\u0131 Ay\u015fe Ekiz\u2019in son halini g\u00f6renler \u015fa\u015f\u0131rd\u0131. Programa kat\u0131lan Ay\u015fe Ekiz hem yapt\u0131\u011f\u0131 yemeklerle hem de yeni tarz\u0131yla dikkatleri \u00e7ekti. <\/p>\n","protected":false},"author":10,"featured_media":137375,"comment_status":"closed","ping_status":"closed","sticky":false,"template":"","format":"standard","meta":{"rank_math_lock_modified_date":false,"footnotes":""},"categories":[76],"tags":[133,2218,11769,3363],"class_list":["post-137373","post","type-post","status-publish","format-standard","has-post-thumbnail","hentry","category-magazin","tag-magazin","tag-magazin-haberleri","tag-masterchef-2024-yse-ekiz-yeni-hali","tag-masterchef-ayse-ekiz"],"_links":{"self":[{"href":"https:\/\/www.tgrthaber.com\/mavikadin\/wp-json\/wp\/v2\/posts\/137373"}],"collection":[{"href":"https:\/\/www.tgrthaber.com\/mavikadin\/wp-json\/wp\/v2\/posts"}],"about":[{"href":"https:\/\/www.tgrthaber.com\/mavikadin\/wp-json\/wp\/v2\/types\/post"}],"author":[{"embeddable":true,"href":"https:\/\/www.tgrthaber.com\/mavikadin\/wp-json\/wp\/v2\/users\/10"}],"replies":[{"embeddable":true,"href":"https:\/\/www.tgrthaber.com\/mavikadin\/wp-json\/wp\/v2\/comments?post=137373"}],"version-history":[{"count":1,"href":"https:\/\/www.tgrthaber.com\/mavikadin\/wp-json\/wp\/v2\/posts\/137373\/revisions"}],"predecessor-version":[{"id":137376,"href":"https:\/\/www.tgrthaber.com\/mavikadin\/wp-json\/wp\/v2\/posts\/137373\/revisions\/137376"}],"wp:featuredmedia":[{"embeddable":true,"href":"https:\/\/www.tgrthaber.com\/mavikadin\/wp-json\/wp\/v2\/media\/137375"}],"wp:attachment":[{"href":"https:\/\/www.tgrthaber.com\/mavikadin\/wp-json\/wp\/v2\/media?parent=137373"}],"wp:term":[{"taxonomy":"category","embeddable":true,"href":"https:\/\/www.tgrthaber.com\/mavikadin\/wp-json\/wp\/v2\/categories?post=137373"},{"taxonomy":"post_tag","embeddable":true,"href":"https:\/\/www.tgrthaber.com\/mavikadin\/wp-json\/wp\/v2\/tags?post=137373"}],"curies":[{"name":"wp","href":"https:\/\/api.w.org\/{rel}","templated":true}]}}