{"id":137385,"date":"2025-02-23T23:31:26","date_gmt":"2025-02-23T20:31:26","guid":{"rendered":"https:\/\/www.tgrthaber.com\/mavikadin\/?p=137385"},"modified":"2025-02-23T23:31:26","modified_gmt":"2025-02-23T20:31:26","slug":"deha-dizisi-atagi-gecti-devran-ve-imren-yakinlasmasi-begeni-topladi","status":"publish","type":"post","link":"https:\/\/www.tgrthaber.com\/mavikadin\/deha-dizisi-atagi-gecti-devran-ve-imren-yakinlasmasi-begeni-topladi\/","title":{"rendered":"Deha dizisi ata\u011f\u0131 ge\u00e7ti! Devran ve imren yak\u0131nla\u015fmas\u0131 be\u011feni toplad\u0131!"},"content":{"rendered":"<p>Pazar ak\u015famlar\u0131n\u0131n vazge\u00e7ilmez dizileri aras\u0131nda yerini alan Deha dizisi uzun s\u00fcredir reytinglerde s\u0131k\u0131nt\u0131lar ya\u015f\u0131yordu. Dizinin senaristinin ve yap\u0131m ekibinin senaryo \u00fczerinde d\u00fczenlemeler yapmas\u0131n\u0131 isteyen dizi hayranlar\u0131 Deha\u2019n\u0131n yeni b\u00f6l\u00fcm\u00fcnde istediklerine ula\u015ft\u0131lar. Deha ve \u0130mren karakterini ay\u0131rd\u0131klar\u0131 i\u00e7in diziye tepkiler ya\u011fm\u0131\u015ft\u0131. Deha dizisi 21. B\u00f6l\u00fcmde Devran ve \u0130mren yak\u0131nla\u015fmas\u0131 adeta dizisinin reytinglerini yeniden y\u00fckseli\u015fe ge\u00e7irmi\u015fe benziyor.<\/p>\n<h3>YEN\u0130DEN DEVRAN VE \u0130MREN A\u015eKI!<\/h3>\n<p>Pazar g\u00fcn\u00fc ekrana gelen Deha dizisi, yeni b\u00f6l\u00fcmde adeta ata\u011fa ge\u00e7ti. Deha dizisi 21. B\u00f6l\u00fcmde Devran ve \u0130mren karakterlerinin yeniden birbirlerine yak\u0131nla\u015fmas\u0131 sosyal medyay\u0131 aya\u011fa kald\u0131rd\u0131. Devren ile \u0130mren y\u00fczle\u015fme sahnelerinde Devran, \u201cSana a\u015f\u0131\u011f\u0131m demeye korkuyorsun. Benim sana s\u00f6yleyecek hi\u00e7bir \u015feyim yok\u201d s\u00f6zlerine kar\u015f\u0131l\u0131k \u0130mren\u2019in \u201c Biliyorum. Belki de hi\u00e7bir zaman olmayacak. Sende \u015funu bil yeter. Ben hayat\u0131mda ilk defa b\u00f6yle bir \u015fey hissediyorum. Ve bunun i\u00e7in hi\u00e7 kimseye f\u0131rsat vermeyece\u011fim. Sana bile. Belki sen beni silip atacaks\u0131n belki surat\u0131ma bakmayacaks\u0131n, belki yolda g\u00f6r\u00fcp tan\u0131mayacaks\u0131n. Hi\u00e7 fark etmez, \u00e7\u00fcnk\u00fc benim hislerim hi\u00e7bir zaman de\u011fi\u015fmeyecek.\u201d s\u00f6zleriyle k\u00fcllenen a\u015fk\u0131 yeniden ortaya \u00e7\u0131kt\u0131.<\/p>\n<p><img loading=\"lazy\" decoding=\"async\" class=\"alignnone wp-image-137386\" src=\"https:\/\/www.tgrthaber.com\/mavikadin\/wp-content\/uploads\/deha-dizis-devran-ve-imren-yakinlasmasi-300x169.jpg\" alt=\"deha dizisi devran ve imren yak\u0131nla\u015fmas\u0131\" width=\"1208\" height=\"680\" title=\"\" srcset=\"https:\/\/www.tgrthaber.com\/mavikadin\/wp-content\/uploads\/deha-dizis-devran-ve-imren-yakinlasmasi-300x169.jpg 300w, https:\/\/www.tgrthaber.com\/mavikadin\/wp-content\/uploads\/deha-dizis-devran-ve-imren-yakinlasmasi-1024x576.jpg 1024w, https:\/\/www.tgrthaber.com\/mavikadin\/wp-content\/uploads\/deha-dizis-devran-ve-imren-yakinlasmasi-768x432.jpg 768w, https:\/\/www.tgrthaber.com\/mavikadin\/wp-content\/uploads\/deha-dizis-devran-ve-imren-yakinlasmasi-1536x864.jpg 1536w, https:\/\/www.tgrthaber.com\/mavikadin\/wp-content\/uploads\/deha-dizis-devran-ve-imren-yakinlasmasi.jpg 1920w\" sizes=\"(max-width: 1208px) 100vw, 1208px\" \/><\/p>\n<hr \/>\n<h3>SOSYAL MEDYADAN BE\u011eEN\u0130 YA\u011eMURU<\/h3>\n<p>Deha dizisinin yeni b\u00f6l\u00fcm\u00fcnde dizinin hayranlar\u0131n\u0131n bekledi\u011fi Devran ve \u0130mren a\u015fk\u0131 yeniden ba\u015flamas\u0131 \u00fczerine sosyal medya o sahne adeta be\u011feni ya\u011fmuruna tutuldu. ikilinin yak\u0131nla\u015fmas\u0131 dizinin yeni b\u00f6l\u00fcmlerinde nas\u0131l ilerleyecek? Devran ve \u0130mren yeniden mi ba\u015flayacaklar? Dizinin fanlar\u0131 Devran ve \u0130mren yak\u0131nla\u015fmas\u0131 i\u00e7inse sosyal medyada \u015fu s\u00f6zleri s\u00f6ylediler.<\/p>\n<p>\u201c Allah\u2019\u0131m g\u00f6zlerim kan\u0131yor.\u201d<\/p>\n<p>\u201c\u0130mre\u2019nin sesi neymi\u015f b\u00f6yle\u201d<\/p>\n","protected":false},"excerpt":{"rendered":"<p>Deha dizisi, reytinglerde d\u00fc\u015f\u00fck ortalama oran\u0131 al\u0131yordu. Deha dizisi hayranlar\u0131, dizinin gidi\u015fat\u0131ndan memnuniyetsizliklerini sosyal medya \u00fczerinden dile getirdiler. Deha dizisinin yeni b\u00f6l\u00fcm\u00fcnde Devran ve \u0130mren\u2019in yak\u0131nla\u015fma sahneleri dizinin hayranlar\u0131n\u0131 ata\u011fa ge\u00e7irdi. <\/p>\n","protected":false},"author":10,"featured_media":137387,"comment_status":"closed","ping_status":"closed","sticky":false,"template":"","format":"standard","meta":{"rank_math_lock_modified_date":false,"footnotes":""},"categories":[602],"tags":[3398,11772,2628],"class_list":["post-137385","post","type-post","status-publish","format-standard","has-post-thumbnail","hentry","category-diziler","tag-deha-dizisi","tag-deha-dizisi-devran-ve-imren-yakinlasmasi","tag-dizi-haberleri"],"_links":{"self":[{"href":"https:\/\/www.tgrthaber.com\/mavikadin\/wp-json\/wp\/v2\/posts\/137385"}],"collection":[{"href":"https:\/\/www.tgrthaber.com\/mavikadin\/wp-json\/wp\/v2\/posts"}],"about":[{"href":"https:\/\/www.tgrthaber.com\/mavikadin\/wp-json\/wp\/v2\/types\/post"}],"author":[{"embeddable":true,"href":"https:\/\/www.tgrthaber.com\/mavikadin\/wp-json\/wp\/v2\/users\/10"}],"replies":[{"embeddable":true,"href":"https:\/\/www.tgrthaber.com\/mavikadin\/wp-json\/wp\/v2\/comments?post=137385"}],"version-history":[{"count":1,"href":"https:\/\/www.tgrthaber.com\/mavikadin\/wp-json\/wp\/v2\/posts\/137385\/revisions"}],"predecessor-version":[{"id":137388,"href":"https:\/\/www.tgrthaber.com\/mavikadin\/wp-json\/wp\/v2\/posts\/137385\/revisions\/137388"}],"wp:featuredmedia":[{"embeddable":true,"href":"https:\/\/www.tgrthaber.com\/mavikadin\/wp-json\/wp\/v2\/media\/137387"}],"wp:attachment":[{"href":"https:\/\/www.tgrthaber.com\/mavikadin\/wp-json\/wp\/v2\/media?parent=137385"}],"wp:term":[{"taxonomy":"category","embeddable":true,"href":"https:\/\/www.tgrthaber.com\/mavikadin\/wp-json\/wp\/v2\/categories?post=137385"},{"taxonomy":"post_tag","embeddable":true,"href":"https:\/\/www.tgrthaber.com\/mavikadin\/wp-json\/wp\/v2\/tags?post=137385"}],"curies":[{"name":"wp","href":"https:\/\/api.w.org\/{rel}","templated":true}]}}