{"id":137389,"date":"2025-02-23T23:56:52","date_gmt":"2025-02-23T20:56:52","guid":{"rendered":"https:\/\/www.tgrthaber.com\/mavikadin\/?p=137389"},"modified":"2025-02-23T23:56:53","modified_gmt":"2025-02-23T20:56:53","slug":"sakir-pasa-ailesi-oyuncusu-helin-kandemir-sitem-etti-cok-uzgunuz","status":"publish","type":"post","link":"https:\/\/www.tgrthaber.com\/mavikadin\/sakir-pasa-ailesi-oyuncusu-helin-kandemir-sitem-etti-cok-uzgunuz\/","title":{"rendered":"\u015eakir Pa\u015fa Ailesi oyuncusu Helin Kandemir sitem etti! \u201c\u00c7ok \u00fczg\u00fcn\u00fcz\u201d"},"content":{"rendered":"<p>\u015eakir Pa\u015fa Ailesinin torunlar\u0131n\u0131n mahkeme karar\u0131 sonucunda dizi yay\u0131ndan kald\u0131r\u0131ld\u0131. 7 b\u00f6l\u00fcm oynayan \u015eakir Pa\u015fa Ailesi Mucizeler Ve Skandallar dizisi NOW kanal\u0131n\u0131n resmi sitesinden mahkeme karar\u0131 a\u00e7\u0131klan\u0131r a\u00e7\u0131klanmaz kald\u0131rd\u0131. Dizinin \u00e7ekimlerine ba\u015flan\u0131p ba\u015flan\u0131lmayaca\u011f\u0131 Medyap\u0131m\u2019\u0131n mahkemeye yapt\u0131\u011f\u0131 itiraz sonucunda belli olacak. \u015eakir Pa\u015fa Ailesi dizisinde oynayan Helin Kandemir\u2019e bir mekan \u00e7\u0131k\u0131\u015f\u0131nda dizi hakk\u0131nda al\u0131nan yay\u0131nlanmama yasa\u011f\u0131 konusundaki d\u00fc\u015f\u00fcnceleri soruldu. Helin Kandemir al\u0131nan karara \u201c\u00c7ok \u00fczg\u00fcn\u00fcz\u201d cevab\u0131n\u0131 verdi.<\/p>\n<h3>\u201cDOYASIYA \u0130ZLEMEK NAS\u0130P OLMADI\u201d<\/h3>\n<p>\u015eakir Kabaa\u011fa\u00e7l\u0131\u2019n\u0131n torunlar\u0131 taraf\u0131ndan ba\u015flat\u0131lan s\u00fcre\u00e7 sonunda mahkeme taraf\u0131ndan yay\u0131n\u0131 durdurma karar\u0131 verdirilen \u201c\u015eakir Pa\u015fa Ailesi\u201d dizinin gen\u00e7 oyuncusu Helin Kandemir, al\u0131nan karar hakk\u0131nda sitemlerini payla\u015ft\u0131. Helin Kandemir, \u201c \u015euan da bir \u015fey s\u00f6ylemek \u00e7ok da do\u011fru de\u011fil. Hi\u00e7birimizin s\u00f6ylemesi do\u011fru de\u011fil san\u0131r\u0131m. Hukuk m\u00fccadelesi devam ediyor. Bekliyoruz. Ama bir iki g\u00fcnl\u00fck aram\u0131z olacak.\u201d s\u00f6zleriyle konu hakk\u0131ndaki d\u00fc\u015f\u00fcncelerini payla\u015ft\u0131.<\/p>\n<p>Muhabirin \u201c Kendi i\u00e7inizde bir de\u011ferlendirme yapt\u0131n\u0131z m\u0131? sorusu \u00fczerine Kandemir, \u201c Kimse bir \u015fey konu\u015fmad\u0131. Ger\u00e7ekten g\u00f6revliler b\u00fct\u00fcn g\u00f6revlerini yerine getireceklerdir. \u00dczg\u00fcn\u00fcz tabi ki. \u00c7ok g\u00fczel bir i\u015fimiz var. Hi\u00e7 nasip olmad\u0131 doyas\u0131ya izlemek ve \u00e7ekmek\u201d c\u00fcmleleriyle al\u0131nan karara olan sitemini dile getirdi.<\/p>\n<p><img loading=\"lazy\" decoding=\"async\" class=\"alignnone wp-image-137390\" src=\"https:\/\/www.tgrthaber.com\/mavikadin\/wp-content\/uploads\/sakir-pasa-ailesi-helin-kandemir-300x169.jpg\" alt=\"\u015fakir pa\u015fa ailesi helin kandemir\" width=\"1208\" height=\"680\" title=\"\" srcset=\"https:\/\/www.tgrthaber.com\/mavikadin\/wp-content\/uploads\/sakir-pasa-ailesi-helin-kandemir-300x169.jpg 300w, https:\/\/www.tgrthaber.com\/mavikadin\/wp-content\/uploads\/sakir-pasa-ailesi-helin-kandemir-1024x576.jpg 1024w, https:\/\/www.tgrthaber.com\/mavikadin\/wp-content\/uploads\/sakir-pasa-ailesi-helin-kandemir-768x432.jpg 768w, https:\/\/www.tgrthaber.com\/mavikadin\/wp-content\/uploads\/sakir-pasa-ailesi-helin-kandemir-1536x864.jpg 1536w, https:\/\/www.tgrthaber.com\/mavikadin\/wp-content\/uploads\/sakir-pasa-ailesi-helin-kandemir.jpg 1920w\" sizes=\"(max-width: 1208px) 100vw, 1208px\" \/><\/p>\n<hr \/>\n<h3>\u015eAK\u0130R PA\u015eA A\u0130LES\u0130 YEN\u0130DEN BA\u015eLAYACAK MI?<\/h3>\n<p>\u015eakir Pa\u015fa Ailesinin torunlar\u0131n\u0131n ald\u0131\u011f\u0131 karara itiraz eden Medyap\u0131m ekibi, mahkemeden gelen karar\u0131 bekliyor. Mahkeme karar\u0131n\u0131n olumlu sonu\u00e7lanmas\u0131 dahilinde yap\u0131m ekibinin ald\u0131\u011f\u0131 karar do\u011frultusunda \u00e7ekimlere Sal\u0131 g\u00fcn\u00fc ba\u015flan\u0131lacak. Medyap\u0131m ekibi, mahkemede karar\u0131n\u0131n olumsuz sonu\u00e7lanmas\u0131 ard\u0131ndan ne gibi ad\u0131mlar ataca\u011f\u0131 ise merak ediliyor. \u015eakir Pa\u015fa Ailesi dizisi yeniden ba\u015flayacak m\u0131?<\/p>\n","protected":false},"excerpt":{"rendered":"<p>\u015eakir Pa\u015fa Ailesi Mucizeler Ve Skandallar dizisinin oyuncusu Helin Kandemir, mahkeme karar\u0131 hakk\u0131nda konu\u015ftu. Helin Kandemir, \u201c\u00c7ok \u00fczg\u00fcn\u00fcz\u201d diyerek dizinin mahkeme taraf\u0131ndan kald\u0131r\u0131lmas\u0131 konusundaki d\u00fc\u015f\u00fcncelerini payla\u015ft\u0131. <\/p>\n","protected":false},"author":10,"featured_media":137391,"comment_status":"closed","ping_status":"closed","sticky":false,"template":"","format":"standard","meta":{"rank_math_lock_modified_date":false,"footnotes":""},"categories":[76],"tags":[10390,133,2218,2324,11773],"class_list":["post-137389","post","type-post","status-publish","format-standard","has-post-thumbnail","hentry","category-magazin","tag-dizi-magazin","tag-magazin","tag-magazin-haberleri","tag-sakir-pasa-ailesi","tag-sakir-pasa-ailesi-helin-kandemir"],"_links":{"self":[{"href":"https:\/\/www.tgrthaber.com\/mavikadin\/wp-json\/wp\/v2\/posts\/137389"}],"collection":[{"href":"https:\/\/www.tgrthaber.com\/mavikadin\/wp-json\/wp\/v2\/posts"}],"about":[{"href":"https:\/\/www.tgrthaber.com\/mavikadin\/wp-json\/wp\/v2\/types\/post"}],"author":[{"embeddable":true,"href":"https:\/\/www.tgrthaber.com\/mavikadin\/wp-json\/wp\/v2\/users\/10"}],"replies":[{"embeddable":true,"href":"https:\/\/www.tgrthaber.com\/mavikadin\/wp-json\/wp\/v2\/comments?post=137389"}],"version-history":[{"count":1,"href":"https:\/\/www.tgrthaber.com\/mavikadin\/wp-json\/wp\/v2\/posts\/137389\/revisions"}],"predecessor-version":[{"id":137392,"href":"https:\/\/www.tgrthaber.com\/mavikadin\/wp-json\/wp\/v2\/posts\/137389\/revisions\/137392"}],"wp:featuredmedia":[{"embeddable":true,"href":"https:\/\/www.tgrthaber.com\/mavikadin\/wp-json\/wp\/v2\/media\/137391"}],"wp:attachment":[{"href":"https:\/\/www.tgrthaber.com\/mavikadin\/wp-json\/wp\/v2\/media?parent=137389"}],"wp:term":[{"taxonomy":"category","embeddable":true,"href":"https:\/\/www.tgrthaber.com\/mavikadin\/wp-json\/wp\/v2\/categories?post=137389"},{"taxonomy":"post_tag","embeddable":true,"href":"https:\/\/www.tgrthaber.com\/mavikadin\/wp-json\/wp\/v2\/tags?post=137389"}],"curies":[{"name":"wp","href":"https:\/\/api.w.org\/{rel}","templated":true}]}}