{"id":137423,"date":"2025-02-24T09:52:13","date_gmt":"2025-02-24T06:52:13","guid":{"rendered":"https:\/\/www.tgrthaber.com\/mavikadin\/?p=137423"},"modified":"2025-02-24T10:05:22","modified_gmt":"2025-02-24T07:05:22","slug":"sakir-pasa-ailesi-dizisinin-oyunculari-bakin-daha-once-hangi-projede-birlikte-rol-almis","status":"publish","type":"post","link":"https:\/\/www.tgrthaber.com\/mavikadin\/sakir-pasa-ailesi-dizisinin-oyunculari-bakin-daha-once-hangi-projede-birlikte-rol-almis\/","title":{"rendered":"\u015eakir Pa\u015fa Ailesi dizisinin oyuncular\u0131 bak\u0131n daha \u00f6nce hangi projede birlikte rol alm\u0131\u015f!"},"content":{"rendered":"<p>NOW TV ekranlar\u0131n\u0131n b\u00fcy\u00fck bir ilgiyle takip edilen dizisi \u015eakir Pa\u015fa Ailesi\u2019nin sevilen karakterleri \u201c\u015eakir Pa\u015fa\u201d ve \u201cAniesi\u201d daha \u00f6nce ayn\u0131 projede yer alm\u0131\u015f. Dizide \u015eakir Pa\u015fa\u2019y\u0131 \u201cF\u0131rat Tan\u0131\u015f\u201d oynarken Aniesi\u2019yi ise \u201cDenise Capezza\u201d oynuyor. \u015eakir Pa\u015fa Ailesi\u2019nde kay\u0131npeder ve gelin karakterlerini oynayan ikili daha \u00f6nce bak\u0131n hangi projede birlikte rol alm\u0131\u015f\u2026<\/p>\n<h3>FIRAT TANI\u015e VE DEN\u0130SE CAPEZZA DAHA \u00d6NCE AYNI PROJEDE YER ALMI\u015e!<\/h3>\n<p>NOW TV ekranlar\u0131nda izleyici kar\u015f\u0131s\u0131na \u00e7\u0131kan \u015eakir Pa\u015fa Ailesi: Mucizeler ve Skandallar dizisi b\u00fcy\u00fck bir ilgiyle takip ediliyor. Dizi yay\u0131nland\u0131\u011f\u0131 g\u00fcnden bu yana \u00e7e\u015fitli problemlerle kar\u015f\u0131 kar\u015f\u0131ya gelmeye devam etse de seyirci kitlesi azalm\u0131yor. Son olarak yay\u0131n durdurma yasa\u011f\u0131 gelen dizinin yeni b\u00f6l\u00fcm\u00fc ekranlardan kald\u0131r\u0131lm\u0131\u015ft\u0131. Dizi hem konusu hem de g\u00fc\u00e7l\u00fc oyuncu kadrosuyla dikkatleri \u00fczerine \u00e7ekmeye devam ediyor. Dizinin en dikkat \u00e7eken karakterleri aras\u0131nda \u201c\u015eakir Pa\u015fa\u201d ve gelini \u201cAniesi\u201d yer al\u0131yor.<\/p>\n<p><img loading=\"lazy\" decoding=\"async\" class=\"alignnone wp-image-137425\" src=\"https:\/\/www.tgrthaber.com\/mavikadin\/wp-content\/uploads\/Sakir-Pasa-Ailesi-6-3-1024x576.jpg\" alt=\"\u015eakir Pa\u015fa Ailesi\" width=\"1208\" height=\"680\" title=\"\" srcset=\"https:\/\/www.tgrthaber.com\/mavikadin\/wp-content\/uploads\/Sakir-Pasa-Ailesi-6-3-1024x576.jpg 1024w, https:\/\/www.tgrthaber.com\/mavikadin\/wp-content\/uploads\/Sakir-Pasa-Ailesi-6-3-300x169.jpg 300w, https:\/\/www.tgrthaber.com\/mavikadin\/wp-content\/uploads\/Sakir-Pasa-Ailesi-6-3-768x432.jpg 768w, https:\/\/www.tgrthaber.com\/mavikadin\/wp-content\/uploads\/Sakir-Pasa-Ailesi-6-3-1536x864.jpg 1536w, https:\/\/www.tgrthaber.com\/mavikadin\/wp-content\/uploads\/Sakir-Pasa-Ailesi-6-3.jpg 1600w\" sizes=\"(max-width: 1208px) 100vw, 1208px\" \/><\/p>\n<hr \/>\n<p>\u015eakir Pa\u015fa Ailesi: Mucizeler ve Skandallar dizisinde \u015eakir Pa\u015fa\u2019y\u0131 \u201cF\u0131rat Tan\u0131\u015f\u201d oynarken Aniesi karakterini ise \u201cDenise Capezza\u201d oynuyor. Dizide kay\u0131npeder ve gelin karakterlerini \u00fcstlenen ikili, en dikkat \u00e7eken isimler aras\u0131nda yerini al\u0131yor. \u015eimdilerde \u015eakir Pa\u015fa Ailesi dizisinde kay\u0131npeder ve gelin rollerini oynayan ikili daha \u00f6nce yine ayn\u0131 projede birlikte rol alm\u0131\u015f. Dizinin ba\u015far\u0131l\u0131 oyuncular\u0131 F\u0131rat Tan\u0131\u015f ve Denise Capezza y\u0131llar \u00f6nce 2016 y\u0131l\u0131nda vizyona giren \u201cHep Yek\u201d adl\u0131 sinema filminde birlikte partner olmu\u015f. \u0130kilinin daha \u00f6nce ayn\u0131 projede oldu\u011funu duyanlar ise \u015fa\u015fk\u0131nl\u0131k ge\u00e7iriyor. Sevilen dizi \u015eakir Pa\u015fa Ailesi\u2019nin ekranlara yeniden d\u00f6n\u00fcp d\u00f6nmeyece\u011fi ise merakla bekleniyor.<\/p>\n<div style=\"width: 640px;\" class=\"wp-video\"><!--[if lt IE 9]><script>document.createElement('video');<\/script><![endif]-->\n<video class=\"wp-video-shortcode\" id=\"video-137423-1\" width=\"640\" height=\"640\" preload=\"metadata\" controls=\"controls\"><source type=\"video\/mp4\" src=\"https:\/\/www.tgrthaber.com\/mavikadin\/wp-content\/uploads\/sosyal-video-1.mp4?_=1\" \/><a href=\"https:\/\/www.tgrthaber.com\/mavikadin\/wp-content\/uploads\/sosyal-video-1.mp4\">https:\/\/www.tgrthaber.com\/mavikadin\/wp-content\/uploads\/sosyal-video-1.mp4<\/a><\/video><\/div>\n<p>&nbsp;<\/p>\n<hr \/>\n<h3>\u015eAK\u0130R PA\u015eA A\u0130LES\u0130 D\u0130Z\u0130S\u0130N\u0130N B\u00d6L\u00dcMLER\u0130 HER YERDEN S\u0130L\u0130ND\u0130!<\/h3>\n<p>NOW TV ekranlar\u0131n\u0131n iddial\u0131 dizileri aras\u0131nda yer alan \u015eakir Pa\u015fa Ailesi\u2019nin, b\u00f6l\u00fcm videolar\u0131 yava\u015f yava\u015f her yerden siliniyor. Ge\u00e7ti\u011fimiz g\u00fcnlerde Cevat \u015eakir Kabaa\u011fa\u00e7l\u0131\u2019n\u0131n torunlar\u0131n\u0131n a\u00e7t\u0131\u011f\u0131 dava sonucuyla yay\u0131ndan kald\u0131r\u0131lan dizinin, b\u00f6l\u00fcm videolar\u0131 her yerden silindi.\u00a0Yay\u0131nland\u0131\u011f\u0131 g\u00fcnden bu yana yo\u011fun bir izleyici kitlesine sahip olan dizi, toplumun milli ve manevi de\u011ferlerine, genel ahlaka ve ailenin korunmas\u0131na ayk\u0131r\u0131 unsurlar i\u00e7erdi\u011fi gerek\u00e7esiyle\u00a0RT\u00dcK taraf\u0131ndan ceza alm\u0131\u015f ve yay\u0131n durdurma karar\u0131yla kar\u015f\u0131 kar\u015f\u0131ya kalm\u0131\u015ft\u0131.<\/p>\n<p><img loading=\"lazy\" decoding=\"async\" class=\"alignnone wp-image-137427\" src=\"https:\/\/www.tgrthaber.com\/mavikadin\/wp-content\/uploads\/Sakir-Pasa-Ailesi-5-2-1024x576.jpg\" alt=\"\u015eakir Pa\u015fa Ailesi\" width=\"1208\" height=\"680\" title=\"\" srcset=\"https:\/\/www.tgrthaber.com\/mavikadin\/wp-content\/uploads\/Sakir-Pasa-Ailesi-5-2-1024x576.jpg 1024w, https:\/\/www.tgrthaber.com\/mavikadin\/wp-content\/uploads\/Sakir-Pasa-Ailesi-5-2-300x169.jpg 300w, https:\/\/www.tgrthaber.com\/mavikadin\/wp-content\/uploads\/Sakir-Pasa-Ailesi-5-2-768x432.jpg 768w, https:\/\/www.tgrthaber.com\/mavikadin\/wp-content\/uploads\/Sakir-Pasa-Ailesi-5-2-1536x864.jpg 1536w, https:\/\/www.tgrthaber.com\/mavikadin\/wp-content\/uploads\/Sakir-Pasa-Ailesi-5-2.jpg 1600w\" sizes=\"(max-width: 1208px) 100vw, 1208px\" \/><\/p>\n<hr \/>\n<p>Ekran maceras\u0131na ba\u015flad\u0131\u011f\u0131 g\u00fcnden bu yana, \u00e7e\u015fitli problemlerle kar\u015f\u0131 kar\u015f\u0131ya kalan \u015eakir Pa\u015fa Ailesi dizisi hakk\u0131nda ge\u00e7ti\u011fimiz g\u00fcnlerde yeni bir karar ortaya at\u0131lm\u0131\u015ft\u0131. Cevat \u015eakir Kabaa\u011fa\u00e7l\u0131\u2019n\u0131n torunlar\u0131n\u0131n a\u00e7t\u0131\u011f\u0131 dava sonucuyla dizi yay\u0131ndan kald\u0131r\u0131lm\u0131\u015ft\u0131. Ailenin ald\u0131rd\u0131\u011f\u0131 kararla yay\u0131n\u0131 durdurulan dizinin b\u00f6l\u00fcm videolar\u0131, bu kez NOW TV sayfas\u0131ndan ve resmi YouTube hesab\u0131ndan kald\u0131r\u0131ld\u0131.<\/p>\n","protected":false},"excerpt":{"rendered":"<p>\u015eakir Pa\u015fa Ailesi dizisinin sevilen karakterleri \u015eakir Pa\u015fa ve Aniesi daha \u00f6nce de ayn\u0131 projede birlikte oynam\u0131\u015flar. Bak\u0131n ba\u015far\u0131l\u0131 oyuncular hangi projede birlikte rol alm\u0131\u015f\u2026 <\/p>\n","protected":false},"author":26,"featured_media":137424,"comment_status":"closed","ping_status":"closed","sticky":false,"template":"","format":"standard","meta":{"rank_math_lock_modified_date":false,"footnotes":""},"categories":[76],"tags":[11666,4234,3361,4510,2324],"class_list":["post-137423","post","type-post","status-publish","format-standard","has-post-thumbnail","hentry","category-magazin","tag-agnesia-kaferia","tag-denise-capezza","tag-firat-tanis","tag-sakir-pasa","tag-sakir-pasa-ailesi"],"_links":{"self":[{"href":"https:\/\/www.tgrthaber.com\/mavikadin\/wp-json\/wp\/v2\/posts\/137423"}],"collection":[{"href":"https:\/\/www.tgrthaber.com\/mavikadin\/wp-json\/wp\/v2\/posts"}],"about":[{"href":"https:\/\/www.tgrthaber.com\/mavikadin\/wp-json\/wp\/v2\/types\/post"}],"author":[{"embeddable":true,"href":"https:\/\/www.tgrthaber.com\/mavikadin\/wp-json\/wp\/v2\/users\/26"}],"replies":[{"embeddable":true,"href":"https:\/\/www.tgrthaber.com\/mavikadin\/wp-json\/wp\/v2\/comments?post=137423"}],"version-history":[{"count":4,"href":"https:\/\/www.tgrthaber.com\/mavikadin\/wp-json\/wp\/v2\/posts\/137423\/revisions"}],"predecessor-version":[{"id":137432,"href":"https:\/\/www.tgrthaber.com\/mavikadin\/wp-json\/wp\/v2\/posts\/137423\/revisions\/137432"}],"wp:featuredmedia":[{"embeddable":true,"href":"https:\/\/www.tgrthaber.com\/mavikadin\/wp-json\/wp\/v2\/media\/137424"}],"wp:attachment":[{"href":"https:\/\/www.tgrthaber.com\/mavikadin\/wp-json\/wp\/v2\/media?parent=137423"}],"wp:term":[{"taxonomy":"category","embeddable":true,"href":"https:\/\/www.tgrthaber.com\/mavikadin\/wp-json\/wp\/v2\/categories?post=137423"},{"taxonomy":"post_tag","embeddable":true,"href":"https:\/\/www.tgrthaber.com\/mavikadin\/wp-json\/wp\/v2\/tags?post=137423"}],"curies":[{"name":"wp","href":"https:\/\/api.w.org\/{rel}","templated":true}]}}