{"id":137440,"date":"2025-02-24T10:23:19","date_gmt":"2025-02-24T07:23:19","guid":{"rendered":"https:\/\/www.tgrthaber.com\/mavikadin\/?p=137440"},"modified":"2025-02-24T10:26:27","modified_gmt":"2025-02-24T07:26:27","slug":"helin-kandemirin-oynadigi-dizi-ve-filmler-neler-sakir-pasa-ailesi-mucizeler-ve-skandallar-dizisinde-son-durum","status":"publish","type":"post","link":"https:\/\/www.tgrthaber.com\/mavikadin\/helin-kandemirin-oynadigi-dizi-ve-filmler-neler-sakir-pasa-ailesi-mucizeler-ve-skandallar-dizisinde-son-durum\/","title":{"rendered":"Helin Kandemir&#8217;in oynad\u0131\u011f\u0131 dizi ve filmler neler? \u015eakir Pa\u015fa Ailesi: Mucizeler ve Skandallar dizisinde son durum"},"content":{"rendered":"<p>\u015eakir Pa\u015fa Ailesi: Mucizeler ve Skandallar dizisinde S\u00fcmb\u00fcl karakteriyle dikkat \u00e7eken Helin Kandemir g\u00fcndem oldu. K\u00fc\u00e7\u00fck ya\u015f\u0131nda oyunculuk d\u00fcnyas\u0131na ad\u0131m at\u0131p ba\u015far\u0131y\u0131 yakalayan Kandemir\u2019in \u015fu s\u0131ralar i\u015f insan\u0131 Celal Can Alg\u00fcl ile birlikte oldu\u011fu iddia ediliyor.<\/p>\n<h3>HEL\u0130N KANDEM\u0130R&#8217;\u0130N OYNADI\u011eI D\u0130Z\u0130 VE F\u0130LMLER NELER?<\/h3>\n<p>Oyunculuk sekt\u00f6r\u00fcne k\u00fc\u00e7\u00fck ya\u015f\u0131nda ba\u015flayan Helin Kandemir \u015fu s\u0131ralar pop\u00fcler dizi \u015eakir Pa\u015fa Ailesi: Mucizeler ve Skandallar\u2019da S\u00fcmb\u00fcl karakterini oynuyordu.<\/p>\n<p><img loading=\"lazy\" decoding=\"async\" class=\"alignnone wp-image-137442\" src=\"https:\/\/www.tgrthaber.com\/mavikadin\/wp-content\/uploads\/Helin-Kandemir-1-1.jpg\" alt=\"\" width=\"1208\" height=\"680\" title=\"\" srcset=\"https:\/\/www.tgrthaber.com\/mavikadin\/wp-content\/uploads\/Helin-Kandemir-1-1.jpg 1920w, https:\/\/www.tgrthaber.com\/mavikadin\/wp-content\/uploads\/Helin-Kandemir-1-1-300x169.jpg 300w, https:\/\/www.tgrthaber.com\/mavikadin\/wp-content\/uploads\/Helin-Kandemir-1-1-1024x576.jpg 1024w, https:\/\/www.tgrthaber.com\/mavikadin\/wp-content\/uploads\/Helin-Kandemir-1-1-768x432.jpg 768w, https:\/\/www.tgrthaber.com\/mavikadin\/wp-content\/uploads\/Helin-Kandemir-1-1-1536x864.jpg 1536w\" sizes=\"(max-width: 1208px) 100vw, 1208px\" \/><\/p>\n<hr \/>\n<p>Dizinin yay\u0131ndan kald\u0131r\u0131lmas\u0131yla ilgili Helin Kandemir, al\u0131nan karar hakk\u0131nda &#8220;\u015euan da bir \u015fey s\u00f6ylemek \u00e7ok da do\u011fru de\u011fil. Hi\u00e7birimizin s\u00f6ylemesi do\u011fru de\u011fil san\u0131r\u0131m. Hukuk m\u00fccadelesi devam ediyor. Bekliyoruz. Ama bir iki g\u00fcnl\u00fck aram\u0131z olacak&#8221; diye konu\u015ftu.<\/p>\n<p>Muhabirlerin &#8221; Kendi i\u00e7inizde bir de\u011ferlendirme yapt\u0131n\u0131z m\u0131? sorusuna Kandemir, &#8220;Kimse bir \u015fey konu\u015fmad\u0131. Ger\u00e7ekten g\u00f6revliler b\u00fct\u00fcn g\u00f6revlerini yerine getireceklerdir. \u00dczg\u00fcn\u00fcz tabii ki. \u00c7ok g\u00fczel bir i\u015fimiz var. Hi\u00e7 nasip olmad\u0131 doyas\u0131ya izlemek ve \u00e7ekmek&#8221; cevab\u0131n\u0131 verdi.<\/p>\n<p><img loading=\"lazy\" decoding=\"async\" class=\"alignnone wp-image-137444\" src=\"https:\/\/www.tgrthaber.com\/mavikadin\/wp-content\/uploads\/Helin-Kandemir-2-2.jpg\" alt=\"\" width=\"1208\" height=\"680\" title=\"\" srcset=\"https:\/\/www.tgrthaber.com\/mavikadin\/wp-content\/uploads\/Helin-Kandemir-2-2.jpg 1920w, https:\/\/www.tgrthaber.com\/mavikadin\/wp-content\/uploads\/Helin-Kandemir-2-2-300x169.jpg 300w, https:\/\/www.tgrthaber.com\/mavikadin\/wp-content\/uploads\/Helin-Kandemir-2-2-1024x576.jpg 1024w, https:\/\/www.tgrthaber.com\/mavikadin\/wp-content\/uploads\/Helin-Kandemir-2-2-768x432.jpg 768w, https:\/\/www.tgrthaber.com\/mavikadin\/wp-content\/uploads\/Helin-Kandemir-2-2-1536x864.jpg 1536w\" sizes=\"(max-width: 1208px) 100vw, 1208px\" \/><\/p>\n<hr \/>\n<p>\u015eakir Pa\u015fa Ailesi: Mucizeler ve Skandallar \/ 2024<\/p>\n<p>Bihter \/ 2023<\/p>\n<p>Duy Beni \/ 2022<\/p>\n<p>Rise of Empires: Ottoman \/ 2022<\/p>\n<p>\u00d6zel Ders \/ 2022<\/p>\n<p>Azizler \/ 2020<\/p>\n<p><img loading=\"lazy\" decoding=\"async\" class=\"alignnone wp-image-137445\" src=\"https:\/\/www.tgrthaber.com\/mavikadin\/wp-content\/uploads\/Helin-Kandemir-4-1.jpg\" alt=\"\" width=\"1208\" height=\"680\" title=\"\" srcset=\"https:\/\/www.tgrthaber.com\/mavikadin\/wp-content\/uploads\/Helin-Kandemir-4-1.jpg 1920w, https:\/\/www.tgrthaber.com\/mavikadin\/wp-content\/uploads\/Helin-Kandemir-4-1-300x169.jpg 300w, https:\/\/www.tgrthaber.com\/mavikadin\/wp-content\/uploads\/Helin-Kandemir-4-1-1024x576.jpg 1024w, https:\/\/www.tgrthaber.com\/mavikadin\/wp-content\/uploads\/Helin-Kandemir-4-1-768x432.jpg 768w, https:\/\/www.tgrthaber.com\/mavikadin\/wp-content\/uploads\/Helin-Kandemir-4-1-1536x864.jpg 1536w\" sizes=\"(max-width: 1208px) 100vw, 1208px\" \/><\/p>\n<hr \/>\n<p>Hakan Muhaf\u0131z \/ 2019<\/p>\n<p>Do\u011fdu\u011fun Ev Kaderindir \/ 2019<\/p>\n<p>A Tale Of Three Sisters \/ 2019<\/p>\n<p>Bir Litre G\u00f6z Ya\u015f\u0131 \/ 2018<\/p>\n<p>\u0130simsizler \/ 2017<\/p>\n<p>\u00d6tesiz \u0130nsanlar \/ 2013<\/p>\n<p>\u0130nsan Aldand\u0131 \/ 2011<\/p>\n<p>Kollama \/ 2010<\/p>\n<p><img loading=\"lazy\" decoding=\"async\" class=\"alignnone wp-image-135691\" src=\"https:\/\/www.tgrthaber.com\/mavikadin\/wp-content\/uploads\/Helin-Kandemir-1.jpg\" alt=\"\" width=\"1208\" height=\"680\" title=\"\" srcset=\"https:\/\/www.tgrthaber.com\/mavikadin\/wp-content\/uploads\/Helin-Kandemir-1.jpg 1920w, https:\/\/www.tgrthaber.com\/mavikadin\/wp-content\/uploads\/Helin-Kandemir-1-300x169.jpg 300w, https:\/\/www.tgrthaber.com\/mavikadin\/wp-content\/uploads\/Helin-Kandemir-1-1024x576.jpg 1024w, https:\/\/www.tgrthaber.com\/mavikadin\/wp-content\/uploads\/Helin-Kandemir-1-768x432.jpg 768w, https:\/\/www.tgrthaber.com\/mavikadin\/wp-content\/uploads\/Helin-Kandemir-1-1536x864.jpg 1536w\" sizes=\"(max-width: 1208px) 100vw, 1208px\" \/><\/p>\n<hr \/>\n<h3>HEL\u0130N KANDEM\u0130R K\u0130MD\u0130R?<\/h3>\n<p>\u015eu s\u0131ralar dizisinin yay\u0131ndan kald\u0131r\u0131lmas\u0131yla \u015foke olan Helin Kandemir i\u015f insan\u0131 Celal Can Alg\u00fcl ile an\u0131l\u0131yor.<\/p>\n<p>2 Haziran 2004\u2018te \u0130stanbul\u2019da d\u00fcnyaya gelen Helin Kandemir ilk kez 2013 y\u0131l\u0131nda \u00d6tesiz \u0130nsanlar adl\u0131 tv projesinde yer ald\u0131.<\/p>\n<p>Hakan Muhaf\u0131z, Do\u011fdun Ev Kaderindir, \u0130simsizler gibi yap\u0131mlarda bulunan Helin Kandemir Elbet Bir G\u00fcn adl\u0131 dizide Mevsim rol\u00fcn\u00fc \u00fcstlendi.<\/p>\n<p>Babas\u0131 Murat Kandemir\u2019i l\u00f6semi y\u00fcz\u00fcnden 27 \u015eubat 2023 tarihinde kaybeden Kandemir, 2019 y\u0131l\u0131nda Uluslararas\u0131 \u0130stanbul Film Festivali\u2019nde K\u0131z Karde\u015fler \u00e7al\u0131\u015fmas\u0131yla \u2018En \u0130yi Kad\u0131n Oyuncu\u2019 kazanm\u0131\u015ft\u0131.<\/p>\n","protected":false},"excerpt":{"rendered":"<p>\u015eakir Pa\u015fa Ailesi: Mucizeler ve Skandallar dizisinde S\u00fcmb\u00fcl karakteri ile dikkat \u00e7eken gen\u00e7 oyuncu Helin Kandemir\u2019in oynad\u0131\u011f\u0131 dizi ve filmler merak edildi. \u0130\u015fte Helin Kandemir ve hakk\u0131nda merak edilenler.<\/p>\n","protected":false},"author":5,"featured_media":137446,"comment_status":"closed","ping_status":"closed","sticky":false,"template":"","format":"standard","meta":{"rank_math_lock_modified_date":false,"footnotes":""},"categories":[76],"tags":[4239,2324],"class_list":["post-137440","post","type-post","status-publish","format-standard","has-post-thumbnail","hentry","category-magazin","tag-helin-kandemir","tag-sakir-pasa-ailesi"],"_links":{"self":[{"href":"https:\/\/www.tgrthaber.com\/mavikadin\/wp-json\/wp\/v2\/posts\/137440"}],"collection":[{"href":"https:\/\/www.tgrthaber.com\/mavikadin\/wp-json\/wp\/v2\/posts"}],"about":[{"href":"https:\/\/www.tgrthaber.com\/mavikadin\/wp-json\/wp\/v2\/types\/post"}],"author":[{"embeddable":true,"href":"https:\/\/www.tgrthaber.com\/mavikadin\/wp-json\/wp\/v2\/users\/5"}],"replies":[{"embeddable":true,"href":"https:\/\/www.tgrthaber.com\/mavikadin\/wp-json\/wp\/v2\/comments?post=137440"}],"version-history":[{"count":1,"href":"https:\/\/www.tgrthaber.com\/mavikadin\/wp-json\/wp\/v2\/posts\/137440\/revisions"}],"predecessor-version":[{"id":137448,"href":"https:\/\/www.tgrthaber.com\/mavikadin\/wp-json\/wp\/v2\/posts\/137440\/revisions\/137448"}],"wp:featuredmedia":[{"embeddable":true,"href":"https:\/\/www.tgrthaber.com\/mavikadin\/wp-json\/wp\/v2\/media\/137446"}],"wp:attachment":[{"href":"https:\/\/www.tgrthaber.com\/mavikadin\/wp-json\/wp\/v2\/media?parent=137440"}],"wp:term":[{"taxonomy":"category","embeddable":true,"href":"https:\/\/www.tgrthaber.com\/mavikadin\/wp-json\/wp\/v2\/categories?post=137440"},{"taxonomy":"post_tag","embeddable":true,"href":"https:\/\/www.tgrthaber.com\/mavikadin\/wp-json\/wp\/v2\/tags?post=137440"}],"curies":[{"name":"wp","href":"https:\/\/api.w.org\/{rel}","templated":true}]}}