{"id":137495,"date":"2025-02-24T13:50:59","date_gmt":"2025-02-24T10:50:59","guid":{"rendered":"https:\/\/www.tgrthaber.com\/mavikadin\/?p=137495"},"modified":"2025-02-24T13:53:08","modified_gmt":"2025-02-24T10:53:08","slug":"on-parmaginda-on-marifet-kan-ciceklerinin-yildizi-yagmur-yukselin-piyano-performansi-alkis-aldi","status":"publish","type":"post","link":"https:\/\/www.tgrthaber.com\/mavikadin\/on-parmaginda-on-marifet-kan-ciceklerinin-yildizi-yagmur-yukselin-piyano-performansi-alkis-aldi\/","title":{"rendered":"On parma\u011f\u0131nda on marifet! &#8216;Kan \u00c7i\u00e7ekleri&#8217;nin y\u0131ld\u0131z\u0131 Ya\u011fmur Y\u00fcksel, piyano ba\u015f\u0131nda yetene\u011fini konu\u015fturdu"},"content":{"rendered":"<p>Son zamanlarda ekranlar\u0131n parlayan y\u0131ld\u0131zlar\u0131ndan biri olarak g\u00f6r\u00fclen gen\u00e7 oyuncu Ya\u011fmur Y\u00fcksel, oyunculuk performans\u0131n\u0131n yan\u0131 s\u0131ra etkileyici g\u00fczelli\u011fiyle de s\u0131kl\u0131kla g\u00fcndem oluyor. Kanal 7 ekranlar\u0131nda yay\u0131nlanan &#8216;Kan \u00c7i\u00e7ekleri&#8217; dizisinin ba\u015frol oyuncusu Ya\u011fmur Y\u00fcksel, oyunculuk kariyerinde elde etti\u011fi ba\u015far\u0131larla \u00f6d\u00fcllere doymaz iken \u00f6zel hayat\u0131 ile de izleyicilerin ilgi oda\u011f\u0131 oluyor.<\/p>\n<p>Daha 23 ya\u015f\u0131nda olmas\u0131na ra\u011fmen olduk\u00e7a ba\u015far\u0131l\u0131 i\u015flere imza atan oyuncu Y\u00fcksel, \u015fimdi de piyano ba\u015f\u0131na ge\u00e7ti\u011fi halleri g\u00fcndeme geldi.<\/p>\n<h3>G\u00dcZELL\u0130\u011e\u0130YLE B\u00dcY\u00dcLEYEN YA\u011eMUR Y\u00dcKSEL H\u00dcNERLER\u0130N\u0130 SERG\u0130LED\u0130!<\/h3>\n<p>Aktif kulland\u0131\u011f\u0131 sosyal medya hesab\u0131nda yeni g\u00f6nderi yay\u0131nlay\u0131p video karesinden g\u00f6r\u00fcnt\u00fc payla\u015fan g\u00fczel oyuncu Ya\u011fmur Y\u00fcksel&#8217;in payla\u015f\u0131m\u0131 ilgi oda\u011f\u0131 oldu.<\/p>\n<p><img loading=\"lazy\" decoding=\"async\" class=\"alignnone wp-image-137513\" src=\"https:\/\/www.tgrthaber.com\/mavikadin\/wp-content\/uploads\/gfgw.png\" alt=\"\" width=\"1208\" height=\"669\" title=\"\" srcset=\"https:\/\/www.tgrthaber.com\/mavikadin\/wp-content\/uploads\/gfgw.png 850w, https:\/\/www.tgrthaber.com\/mavikadin\/wp-content\/uploads\/gfgw-300x166.png 300w, https:\/\/www.tgrthaber.com\/mavikadin\/wp-content\/uploads\/gfgw-768x426.png 768w\" sizes=\"(max-width: 1208px) 100vw, 1208px\" \/><\/p>\n<hr \/>\n<p>\u00c7ok say\u0131da be\u011feni gelen bu karesinde oyuncu Ya\u011fmur Y\u00fcksel, &#8216;Minik Ser\u00e7e&#8217; lakapl\u0131 Sezen Aksu\u2019nun me\u015fhur \u015fark\u0131s\u0131 olan \u2018B\u00fckl\u00fcm B\u00fckl\u00fcm\u2019\u00fc piyanoda \u00e7ald\u0131.<\/p>\n<p>Piyano ba\u015f\u0131nda marifetini konu\u015fturan g\u00fczel oyuncu Ya\u011fmur Y\u00fcksel&#8217;in asil g\u00f6r\u00fcn\u00fcm\u00fc ve yetene\u011fi takip\u00e7ilerinin dikkatini \u00e7ekti. Kan \u00c7i\u00e7ekleri&#8217;nin gen\u00e7 y\u0131ld\u0131z\u0131 Ya\u011fmur Y\u00fcksel&#8217;in bu payla\u015f\u0131m\u0131 \u00e7ok say\u0131da be\u011feni t\u0131klar\u0131n\u0131 almas\u0131na neden oldu.<\/p>\n<h3>KAN \u00c7\u0130\u00c7EKLER\u0130&#8217;N\u0130N G\u00d6ZDE OYUNCUSU YA\u011eMUR Y\u00dcKSEL KISACA K\u0130MD\u0130R?<\/h3>\n<p>21 Ocak 2002 tarihinde Amasa&#8217;n\u0131n Merzifon il\u00e7esinde d\u00fcnyaya gelen oyuncu Ya\u011fmur Y\u00fcksel, oyunculuk kariyerinde k\u0131sa zamanda \u00e7ok yol kat etmi\u015f ve \u015f\u00f6hretin basamaklar\u0131n\u0131 ad\u0131m ad\u0131m \u00e7\u0131km\u0131\u015ft\u0131r. &#8220;Kan \u00c7i\u00e7ekleri&#8221; dizisindeki ba\u015far\u0131l\u0131 oyunculuk yetene\u011fi ile ekranlardaki y\u0131ld\u0131z\u0131 parlayan g\u00fczel oyuncu Ya\u011fmur Y\u00fcksel, hem oyunculu\u011fu hem de g\u00fczelli\u011fiyle izleyicilerin dikkatini \u00e7ekmeye devam ediyor.<\/p>\n<p><img loading=\"lazy\" decoding=\"async\" class=\"alignnone wp-image-123125\" src=\"https:\/\/www.tgrthaber.com\/mavikadin\/wp-content\/uploads\/Purple-Aesthetic-Watercolor-Zoom-Virtual-Background-2-22.png\" alt=\"\" width=\"1208\" height=\"680\" title=\"\" srcset=\"https:\/\/www.tgrthaber.com\/mavikadin\/wp-content\/uploads\/Purple-Aesthetic-Watercolor-Zoom-Virtual-Background-2-22.png 1280w, https:\/\/www.tgrthaber.com\/mavikadin\/wp-content\/uploads\/Purple-Aesthetic-Watercolor-Zoom-Virtual-Background-2-22-300x169.png 300w, https:\/\/www.tgrthaber.com\/mavikadin\/wp-content\/uploads\/Purple-Aesthetic-Watercolor-Zoom-Virtual-Background-2-22-1024x576.png 1024w, https:\/\/www.tgrthaber.com\/mavikadin\/wp-content\/uploads\/Purple-Aesthetic-Watercolor-Zoom-Virtual-Background-2-22-768x432.png 768w\" sizes=\"(max-width: 1208px) 100vw, 1208px\" \/><\/p>\n<hr \/>\n<p>\u00dcnl\u00fc isim &#8216;N\u00fcfer&#8217; ve &#8216;Kan \u00c7i\u00e7ekleri&#8217; gibi yap\u0131mlarda ba\u015far\u0131l\u0131 bir oyunculuk sergilemi\u015ftir. \u00d6zel hayat\u0131 olduk\u00e7a merak edilen g\u00fczel oyuncu Ya\u011fmur Y\u00fcksel&#8217;in annesini g\u00f6renler ise b\u00fcy\u00fck bir \u015fa\u015fk\u0131nl\u0131k ya\u015f\u0131yor.<\/p>\n<p>D\u0131\u015far\u0131dan bak\u0131ld\u0131\u011f\u0131nda abla-karde\u015f g\u00f6r\u00fcn\u00fcm\u00fcnde olan Ya\u011fmur Y\u00fcksel&#8217;in ge\u00e7ti\u011fimiz zamanlarda \u00f6d\u00fcl t\u00f6renine annesi ile beraber kat\u0131lmas\u0131 dikkat \u00e7ekmi\u015fti. Y\u00fcksel&#8217;e &#8220;G\u00fczelli\u011fi kesinlikle annesinden ge\u00e7mi\u015f.&#8221; yorumlar\u0131 yap\u0131lm\u0131\u015ft\u0131.<\/p>\n<p><img loading=\"lazy\" decoding=\"async\" class=\"alignnone wp-image-137522\" src=\"https:\/\/www.tgrthaber.com\/mavikadin\/wp-content\/uploads\/sddefault.jpg\" alt=\"\" width=\"1208\" height=\"906\" title=\"\" srcset=\"https:\/\/www.tgrthaber.com\/mavikadin\/wp-content\/uploads\/sddefault.jpg 640w, https:\/\/www.tgrthaber.com\/mavikadin\/wp-content\/uploads\/sddefault-300x225.jpg 300w\" sizes=\"(max-width: 1208px) 100vw, 1208px\" \/><\/p>\n<hr \/>\n<p>&nbsp;<\/p>\n","protected":false},"excerpt":{"rendered":"<p>Kanal 7 ekranlar\u0131nda yay\u0131nlanan &#8216;Kan \u00c7i\u00e7ekleri&#8217; dizisinin ba\u015frol oyuncusu Ya\u011fmur Y\u00fcksel, piyona ba\u015f\u0131nda marifetlerini konu\u015fturdu.<\/p>\n","protected":false},"author":27,"featured_media":95023,"comment_status":"closed","ping_status":"closed","sticky":false,"template":"","format":"standard","meta":{"rank_math_lock_modified_date":false,"footnotes":""},"categories":[76],"tags":[133,2282],"class_list":["post-137495","post","type-post","status-publish","format-standard","has-post-thumbnail","hentry","category-magazin","tag-magazin","tag-yagmur-yuksel"],"_links":{"self":[{"href":"https:\/\/www.tgrthaber.com\/mavikadin\/wp-json\/wp\/v2\/posts\/137495"}],"collection":[{"href":"https:\/\/www.tgrthaber.com\/mavikadin\/wp-json\/wp\/v2\/posts"}],"about":[{"href":"https:\/\/www.tgrthaber.com\/mavikadin\/wp-json\/wp\/v2\/types\/post"}],"author":[{"embeddable":true,"href":"https:\/\/www.tgrthaber.com\/mavikadin\/wp-json\/wp\/v2\/users\/27"}],"replies":[{"embeddable":true,"href":"https:\/\/www.tgrthaber.com\/mavikadin\/wp-json\/wp\/v2\/comments?post=137495"}],"version-history":[{"count":5,"href":"https:\/\/www.tgrthaber.com\/mavikadin\/wp-json\/wp\/v2\/posts\/137495\/revisions"}],"predecessor-version":[{"id":137527,"href":"https:\/\/www.tgrthaber.com\/mavikadin\/wp-json\/wp\/v2\/posts\/137495\/revisions\/137527"}],"wp:featuredmedia":[{"embeddable":true,"href":"https:\/\/www.tgrthaber.com\/mavikadin\/wp-json\/wp\/v2\/media\/95023"}],"wp:attachment":[{"href":"https:\/\/www.tgrthaber.com\/mavikadin\/wp-json\/wp\/v2\/media?parent=137495"}],"wp:term":[{"taxonomy":"category","embeddable":true,"href":"https:\/\/www.tgrthaber.com\/mavikadin\/wp-json\/wp\/v2\/categories?post=137495"},{"taxonomy":"post_tag","embeddable":true,"href":"https:\/\/www.tgrthaber.com\/mavikadin\/wp-json\/wp\/v2\/tags?post=137495"}],"curies":[{"name":"wp","href":"https:\/\/api.w.org\/{rel}","templated":true}]}}