{"id":137502,"date":"2025-02-24T13:36:40","date_gmt":"2025-02-24T10:36:40","guid":{"rendered":"https:\/\/www.tgrthaber.com\/mavikadin\/?p=137502"},"modified":"2025-02-24T13:49:06","modified_gmt":"2025-02-24T10:49:06","slug":"muge-anli-tarihi-rekor-kirdi-10-yasindaki-kayip-cocugu-5-dakika-icinde-buldu","status":"publish","type":"post","link":"https:\/\/www.tgrthaber.com\/mavikadin\/muge-anli-tarihi-rekor-kirdi-10-yasindaki-kayip-cocugu-5-dakika-icinde-buldu\/","title":{"rendered":"M\u00fcge Anl\u0131 tarihi rekor k\u0131rd\u0131! 10 ya\u015f\u0131ndaki kay\u0131p \u00e7ocu\u011fu 5 dakika i\u00e7inde buldu"},"content":{"rendered":"<p>ATV ekranlar\u0131nda izleyici kar\u015f\u0131s\u0131na \u00e7\u0131kan M\u00fcge Anl\u0131 ile Tatl\u0131 Sert program\u0131 b\u00fcy\u00fck bir ilgiyle takip edilmeye devam ediyor. M\u00fcge Anl\u0131, sunuculu\u011funu yapt\u0131\u011f\u0131 programda rekorlar k\u0131rmaya devam ediyor. M\u00fcge Anl\u0131 ile Tatl\u0131 Sert program\u0131n\u0131n son b\u00f6l\u00fcm\u00fcnde bir anne daha evlad\u0131na kavu\u015ftu. 10 ya\u015f\u0131ndaki \u00e7ocuk 5 dakika i\u00e7erisinde bulundu. M\u00fcge Anl\u0131, tarihi bir rekora imza att\u0131.<\/p>\n<h3>M\u00dcGE ANLI TAR\u0130H\u0130 REKOR KIRDI!<\/h3>\n<p>ATV ekranlar\u0131n\u0131n sevilen g\u00fcnd\u00fcz ku\u015fa\u011f\u0131 program\u0131 M\u00fcge Anl\u0131 ile Tatl\u0131 Sert, b\u00fcy\u00fck bir ilgiyle takip edilmeye devam ediyor. Yo\u011fun bir izleyici kitlesine sahip olan M\u00fcge Anl\u0131 program\u0131nda tarihi bir rekora imza at\u0131ld\u0131. M\u00fcge Anl\u0131 ile Tatl\u0131 Sert program\u0131n\u0131n son b\u00f6l\u00fcm\u00fcnde bir anne daha evlad\u0131na kavu\u015ftu.<\/p>\n<p><img loading=\"lazy\" decoding=\"async\" class=\"alignnone wp-image-137505\" src=\"https:\/\/www.tgrthaber.com\/mavikadin\/wp-content\/uploads\/Muge-Anli-1-8-1024x576.jpg\" alt=\"M\u00fcge Anl\u0131 tarihi rekor k\u0131rd\u0131!\" width=\"1208\" height=\"680\" title=\"\" srcset=\"https:\/\/www.tgrthaber.com\/mavikadin\/wp-content\/uploads\/Muge-Anli-1-8-1024x576.jpg 1024w, https:\/\/www.tgrthaber.com\/mavikadin\/wp-content\/uploads\/Muge-Anli-1-8-300x169.jpg 300w, https:\/\/www.tgrthaber.com\/mavikadin\/wp-content\/uploads\/Muge-Anli-1-8-768x432.jpg 768w, https:\/\/www.tgrthaber.com\/mavikadin\/wp-content\/uploads\/Muge-Anli-1-8-1536x864.jpg 1536w, https:\/\/www.tgrthaber.com\/mavikadin\/wp-content\/uploads\/Muge-Anli-1-8.jpg 1600w\" sizes=\"(max-width: 1208px) 100vw, 1208px\" \/><\/p>\n<hr \/>\n<p>Ba\u015far\u0131l\u0131 sunuculu\u011fuyla ad\u0131ndan s\u0131k\u00e7a s\u00f6z ettiren M\u00fcge Anl\u0131, bir aileyi daha \u00e7ocu\u011funa kavu\u015fturdu. K\u00fcslerin bar\u0131\u015ft\u0131\u011f\u0131, kay\u0131plar\u0131n arkas\u0131ndaki s\u0131r perdelerinin araland\u0131\u011f\u0131, \u015f\u00fcpheli \u00f6l\u00fcmlerin g\u00fcn y\u00fcz\u00fcne \u00e7\u0131kt\u0131\u011f\u0131 M\u00fcge Anl\u0131 ile Tatl\u0131 Sert program\u0131nda bu kez bir anne \u00e7ocu\u011funa kavu\u015ftu. M\u00fcge Anl\u0131, tarihi bir rekora imza att\u0131. 10 ya\u015f\u0131ndaki \u00e7ocuk 5 dakika i\u00e7erisinde bulundu. 5 dakika i\u00e7erisinde bulunan kay\u0131p \u00e7ocu\u011fun ailesine kavu\u015fma anlar\u0131 herkesi duyguland\u0131rd\u0131.<\/p>\n<p><img loading=\"lazy\" decoding=\"async\" class=\"alignnone wp-image-137506\" src=\"https:\/\/www.tgrthaber.com\/mavikadin\/wp-content\/uploads\/Muge-Anli-6-2-1024x576.jpg\" alt=\"M\u00fcge Anl\u0131 tarihi rekor k\u0131rd\u0131!\" width=\"1208\" height=\"680\" title=\"\" srcset=\"https:\/\/www.tgrthaber.com\/mavikadin\/wp-content\/uploads\/Muge-Anli-6-2-1024x576.jpg 1024w, https:\/\/www.tgrthaber.com\/mavikadin\/wp-content\/uploads\/Muge-Anli-6-2-300x169.jpg 300w, https:\/\/www.tgrthaber.com\/mavikadin\/wp-content\/uploads\/Muge-Anli-6-2-768x432.jpg 768w, https:\/\/www.tgrthaber.com\/mavikadin\/wp-content\/uploads\/Muge-Anli-6-2-1536x864.jpg 1536w, https:\/\/www.tgrthaber.com\/mavikadin\/wp-content\/uploads\/Muge-Anli-6-2.jpg 1600w\" sizes=\"(max-width: 1208px) 100vw, 1208px\" \/><\/p>\n<hr \/>\n<h3>10 YA\u015eINDAK\u0130 KAYIP \u00c7OCU\u011eU 5 DAK\u0130KA \u0130\u00c7\u0130NDE BULDU!<\/h3>\n<p>M\u00fcge Anl\u0131 ile Tatl\u0131 Sert program\u0131n\u0131n son b\u00f6l\u00fcm\u00fcnde 10 ya\u015flar\u0131ndaki iki kay\u0131p \u00e7ocuk konu\u015fulmu\u015ftu. M\u00fcge Anl\u0131, program\u0131n yeni b\u00f6l\u00fcm\u00fcnde 10 ya\u015flar\u0131ndaki 2 kay\u0131p \u00e7ocuk hakk\u0131ndaki m\u00fcjdeli haberi izleyicilerle payla\u015ft\u0131. Her iki \u00e7ocuk i\u00e7inde mutlu sona ula\u015ft\u0131klar\u0131n\u0131 dile getiren M\u00fcge Anl\u0131, 10 ya\u015f\u0131ndaki kay\u0131p \u00e7ocuklardan birinin 5 dakika i\u00e7erisinde bulundu\u011funu s\u00f6yledi.<\/p>\n<div style=\"width: 640px;\" class=\"wp-video\"><!--[if lt IE 9]><script>document.createElement('video');<\/script><![endif]-->\n<video class=\"wp-video-shortcode\" id=\"video-137502-1\" width=\"640\" height=\"360\" preload=\"metadata\" controls=\"controls\"><source type=\"video\/mp4\" src=\"https:\/\/www.tgrthaber.com\/mavikadin\/wp-content\/uploads\/Adsiz-580-x-485-piksel-1600-x-900-piksel-14.mp4?_=1\" \/><a href=\"https:\/\/www.tgrthaber.com\/mavikadin\/wp-content\/uploads\/Adsiz-580-x-485-piksel-1600-x-900-piksel-14.mp4\">https:\/\/www.tgrthaber.com\/mavikadin\/wp-content\/uploads\/Adsiz-580-x-485-piksel-1600-x-900-piksel-14.mp4<\/a><\/video><\/div>\n<p>Yusuf ve Mizgin Esen \u00e7ifti, M\u00fcge Anl\u0131 ile Tatl\u0131 Sert program\u0131n\u0131n son b\u00f6l\u00fcm\u00fcnde 2 g\u00fcnd\u00fcr kay\u0131p olan 10 ya\u015f\u0131ndaki \u00e7ocuklar\u0131n\u0131 aramaya \u00e7\u0131km\u0131\u015ft\u0131. M\u00fcge Anl\u0131, program\u0131n yeni b\u00f6l\u00fcm\u00fcnde 2 g\u00fcnd\u00fcr kay\u0131p olan 10 ya\u015f\u0131ndaki \u00e7ocu\u011fun bulundu\u011fu dile getirdi. M\u00fcge Anl\u0131, 10 ya\u015f\u0131ndaki \u00e7ocu\u011fun, yay\u0131n\u0131n hemen ard\u0131ndan 5 dakika sonra dikkatli bir esnaf taraf\u0131ndan bulundu\u011funu s\u00f6yledi. 10 ya\u015f\u0131ndaki \u00e7ocuklar\u0131 5 dakika i\u00e7erisinde bulunan aile ise mutlu bir \u015fekilde \u00e7ocuklar\u0131na kavu\u015fman\u0131n sevincini ya\u015fad\u0131. Aile g\u00f6zya\u015flar\u0131 i\u00e7inde o\u011fullar\u0131na sar\u0131larak te\u015fekk\u00fcrlerde bulundu.<\/p>\n","protected":false},"excerpt":{"rendered":"<p>Ekranlar\u0131n sevilen g\u00fcnd\u00fcz ku\u015fa\u011f\u0131 program\u0131 M\u00fcge Anl\u0131, rekorlar k\u0131rmaya devam ediyor. M\u00fcge Anl\u0131, 10 ya\u015f\u0131ndaki kay\u0131p \u00e7ocu\u011fu 5 dakika i\u00e7inde bularak yeni bir rekora imza att\u0131. \u0130\u015fte detaylar\u2026 <\/p>\n","protected":false},"author":26,"featured_media":137504,"comment_status":"closed","ping_status":"closed","sticky":false,"template":"","format":"standard","meta":{"rank_math_lock_modified_date":false,"footnotes":""},"categories":[76],"tags":[2453,2533],"class_list":["post-137502","post","type-post","status-publish","format-standard","has-post-thumbnail","hentry","category-magazin","tag-muge-anli","tag-muge-anli-ile-tatli-sert"],"_links":{"self":[{"href":"https:\/\/www.tgrthaber.com\/mavikadin\/wp-json\/wp\/v2\/posts\/137502"}],"collection":[{"href":"https:\/\/www.tgrthaber.com\/mavikadin\/wp-json\/wp\/v2\/posts"}],"about":[{"href":"https:\/\/www.tgrthaber.com\/mavikadin\/wp-json\/wp\/v2\/types\/post"}],"author":[{"embeddable":true,"href":"https:\/\/www.tgrthaber.com\/mavikadin\/wp-json\/wp\/v2\/users\/26"}],"replies":[{"embeddable":true,"href":"https:\/\/www.tgrthaber.com\/mavikadin\/wp-json\/wp\/v2\/comments?post=137502"}],"version-history":[{"count":3,"href":"https:\/\/www.tgrthaber.com\/mavikadin\/wp-json\/wp\/v2\/posts\/137502\/revisions"}],"predecessor-version":[{"id":137518,"href":"https:\/\/www.tgrthaber.com\/mavikadin\/wp-json\/wp\/v2\/posts\/137502\/revisions\/137518"}],"wp:featuredmedia":[{"embeddable":true,"href":"https:\/\/www.tgrthaber.com\/mavikadin\/wp-json\/wp\/v2\/media\/137504"}],"wp:attachment":[{"href":"https:\/\/www.tgrthaber.com\/mavikadin\/wp-json\/wp\/v2\/media?parent=137502"}],"wp:term":[{"taxonomy":"category","embeddable":true,"href":"https:\/\/www.tgrthaber.com\/mavikadin\/wp-json\/wp\/v2\/categories?post=137502"},{"taxonomy":"post_tag","embeddable":true,"href":"https:\/\/www.tgrthaber.com\/mavikadin\/wp-json\/wp\/v2\/tags?post=137502"}],"curies":[{"name":"wp","href":"https:\/\/api.w.org\/{rel}","templated":true}]}}