{"id":137529,"date":"2025-02-24T14:24:23","date_gmt":"2025-02-24T11:24:23","guid":{"rendered":"https:\/\/www.tgrthaber.com\/mavikadin\/?p=137529"},"modified":"2025-02-24T14:24:23","modified_gmt":"2025-02-24T11:24:23","slug":"yilmaz-morgul-hastaneye-kaldirildi-iyi-olacagim","status":"publish","type":"post","link":"https:\/\/www.tgrthaber.com\/mavikadin\/yilmaz-morgul-hastaneye-kaldirildi-iyi-olacagim\/","title":{"rendered":"Y\u0131lmaz Morg\u00fcl hastaneye kald\u0131r\u0131ld\u0131! \u2018\u0130yi olaca\u011f\u0131m\u2019"},"content":{"rendered":"<p>Sevilen sanat\u00e7\u0131 Y\u0131lmaz Morg\u00fcl, hastane odas\u0131ndan video payla\u015ft\u0131. Mersin\u2019de tedavi alt\u0131na al\u0131nan \u00fcnl\u00fc isim solunum cihaz\u0131na ba\u011fl\u0131 halde \u00e7ekti\u011fi videoyu yay\u0131nlad\u0131.<\/p>\n<h3>YILMAZ MORG\u00dcL HASTANEYE KALDIRILDI!<\/h3>\n<p>Sosyal medya payla\u015f\u0131mlar\u0131 ve a\u00e7\u0131klamalar\u0131yla s\u0131k s\u0131k g\u00fcndeme gelen Y\u0131lmaz Morg\u00fcl\u2019den k\u00f6t\u00fc haber geldi. Apar topar hastaneye kald\u0131r\u0131lan Y\u0131lmaz Morg\u00fcl takip\u00e7ilerine hastane odas\u0131ndan video \u00e7ekti.<\/p>\n<p>Morg\u00fcl videoda, hayranlar\u0131n\u0131 rahatlatmak i\u00e7in &#8216;Beni merak etmeyin, iyi olaca\u011f\u0131m&#8217; ifadelerini kulland\u0131. \u00dcnl\u00fc isim ge\u00e7ti\u011fimiz y\u0131llarda annesini kaybetmi\u015f ve kendi de sa\u011fl\u0131k sorunlar\u0131yla m\u00fccadele etmeye ba\u015flam\u0131\u015ft\u0131.<\/p>\n<div style=\"width: 640px;\" class=\"wp-video\"><!--[if lt IE 9]><script>document.createElement('video');<\/script><![endif]-->\n<video class=\"wp-video-shortcode\" id=\"video-137529-1\" width=\"640\" height=\"1138\" preload=\"metadata\" controls=\"controls\"><source type=\"video\/mp4\" src=\"https:\/\/www.tgrthaber.com\/mavikadin\/wp-content\/uploads\/Instagram-morgulofficial-stories-3574883936411241288.mp4?_=1\" \/><a href=\"https:\/\/www.tgrthaber.com\/mavikadin\/wp-content\/uploads\/Instagram-morgulofficial-stories-3574883936411241288.mp4\">https:\/\/www.tgrthaber.com\/mavikadin\/wp-content\/uploads\/Instagram-morgulofficial-stories-3574883936411241288.mp4<\/a><\/video><\/div>\n<hr \/>\n<h3>YILMAZ MORG\u00dcL SEVENLER\u0130N\u0130 END\u0130\u015eELEND\u0130RD\u0130<\/h3>\n<p>Y\u0131lmaz Morg\u00fcl 1996 y\u0131l\u0131nda cilt kanserine yakalanm\u0131\u015f ve g\u00f6rd\u00fc\u011f\u00fc tedavi sonras\u0131nda sa\u011fl\u0131\u011f\u0131na kavu\u015fmu\u015ftu. Sanat\u00e7\u0131 bu defa hastane odas\u0131ndan yapt\u0131\u011f\u0131 payla\u015f\u0131mla sevenlerini korkuttu.<\/p>\n<p>Morg\u00fcl, sosyal medya hesab\u0131 Instagram\u2019dan payla\u015ft\u0131\u011f\u0131 videoda &#8220;Mersin&#8217;de hastanedeyim. Beni merak etmeyin, iyi olaca\u011f\u0131m&#8221; ifadelerini kulland\u0131. Solunum cihaz\u0131na ba\u011fl\u0131 olarak konu\u015fan Morg\u00fcl\u2019\u00fcn konu\u015furken zorlanmas\u0131 dikkatlerden ka\u00e7mad\u0131.<\/p>\n<p><img loading=\"lazy\" decoding=\"async\" class=\"alignnone wp-image-137533\" src=\"https:\/\/www.tgrthaber.com\/mavikadin\/wp-content\/uploads\/Yilmaz-Morgul-2_restored.webp\" alt=\"\" width=\"1208\" height=\"670\" title=\"\" srcset=\"https:\/\/www.tgrthaber.com\/mavikadin\/wp-content\/uploads\/Yilmaz-Morgul-2_restored.webp 1240w, https:\/\/www.tgrthaber.com\/mavikadin\/wp-content\/uploads\/Yilmaz-Morgul-2_restored-300x166.webp 300w, https:\/\/www.tgrthaber.com\/mavikadin\/wp-content\/uploads\/Yilmaz-Morgul-2_restored-1024x568.webp 1024w, https:\/\/www.tgrthaber.com\/mavikadin\/wp-content\/uploads\/Yilmaz-Morgul-2_restored-768x426.webp 768w\" sizes=\"(max-width: 1208px) 100vw, 1208px\" \/><\/p>\n<hr \/>\n<h3>YILMAZ MORG\u00dcL HAYATI<\/h3>\n<p>1988 y\u0131l\u0131nda Adana&#8217;da sahneye sahne almaya ba\u015flayan Y\u0131lmaz Morg\u00fcl, Feriha Tunceli ve S\u00f6zer Ya\u015fmut&#8217;tan musiki dersleri ald\u0131.<br \/>\n\u201cElveda \u0130stanbul\u201d ad\u0131ndaki ilk alb\u00fcm\u00fcn\u00fc 1995 y\u0131l\u0131nda piyasaya s\u00fcren Morg\u00fcl, &#8220;K\u0131z Sen Kimsin?&#8221; ve Zeki M\u00fcren&#8217;in de seslendirdi\u011fi &#8220;Bah\u00e7evan&#8221; adl\u0131 par\u00e7alarla tan\u0131nd\u0131.<br \/>\n7 y\u0131l boyunca Amerika&#8217;da cilt kanseri tedavisi olan Y\u0131lmaz Morg\u00fcl, yeniden sa\u011fl\u0131\u011f\u0131na kavu\u015ftu.<\/p>\n<p>2016\u2019da yay\u0131nlanan Morg\u00fcl, Survivor isimli yar\u0131\u015fma program\u0131nda hastal\u0131\u011f\u0131ndan dolay\u0131 izin verildi. 1982 do\u011fumlu oldu\u011funu s\u00f6yleyen Y\u0131lmaz Morg\u00fcl\u2019\u00fcn ger\u00e7ek ya\u015f\u0131, uzun s\u00fcre g\u00fcndem konusu oldu.<\/p>\n<p>\u00dcnl\u00fc ismin T\u00fcrk sanat m\u00fczi\u011fi sanat\u00e7\u0131s\u0131 Onur Akay&#8217;\u0131n, 20 sene \u00f6nce \u00e7ekilmi\u015f foto\u011fraflar\u0131 sosyal medyada payla\u015f\u0131ld\u0131ktan sonra Morg\u00fcl\u2019\u00fcn 1964 do\u011fumlu oldu\u011fu ortaya \u00e7\u0131kt\u0131.<\/p>\n<p>Survivor 2016\u2019da adl\u0131 yar\u0131\u015fmada \u00dcnl\u00fcler tak\u0131m\u0131nda yer alan Morg\u00fcl, ayn\u0131 y\u0131l yay\u0131nlanan, Rising Star T\u00fcrkiye adl\u0131 yar\u0131\u015fmada j\u00fcri oldu.<\/p>\n<p><img loading=\"lazy\" decoding=\"async\" class=\"alignnone wp-image-137534\" src=\"https:\/\/www.tgrthaber.com\/mavikadin\/wp-content\/uploads\/Yilmaz-Morgul.jpg\" alt=\"\" width=\"1208\" height=\"680\" title=\"\" srcset=\"https:\/\/www.tgrthaber.com\/mavikadin\/wp-content\/uploads\/Yilmaz-Morgul.jpg 1600w, https:\/\/www.tgrthaber.com\/mavikadin\/wp-content\/uploads\/Yilmaz-Morgul-300x169.jpg 300w, https:\/\/www.tgrthaber.com\/mavikadin\/wp-content\/uploads\/Yilmaz-Morgul-1024x576.jpg 1024w, https:\/\/www.tgrthaber.com\/mavikadin\/wp-content\/uploads\/Yilmaz-Morgul-768x432.jpg 768w, https:\/\/www.tgrthaber.com\/mavikadin\/wp-content\/uploads\/Yilmaz-Morgul-1536x864.jpg 1536w\" sizes=\"(max-width: 1208px) 100vw, 1208px\" \/><\/p>\n<hr \/>\n<p><strong>Diskografi<\/strong><\/p>\n<p>Elveda \u0130stanbul (1995)<br \/>\nA\u015f\u0131k Olmak \u0130stiyorum &amp; Unutama Beni (1996)<br \/>\nY\u0131lmaz Morg\u00fcl II (1996)<br \/>\nMasum Yalanlar (1997)<br \/>\nOldu\u011fum Gibiyim (2000)<br \/>\nT\u00fcrk Sanat M\u00fczi\u011fi Klasikleri (2001)<br \/>\nCan Par\u00e7am (2003)<br \/>\nCennet (2005)<br \/>\nT\u00fcrk Sanat M\u00fczi\u011fi Klasikleri (2008) 2CD<br \/>\nY\u0131lmaz Morg\u00fcl (2010)<br \/>\nY\u0131lmaz Morg\u00fcl &amp; Ayfer Er &#8211; A\u015fk Benden Sorulur (2013) Single<br \/>\nYaln\u0131zl\u0131k Makam\u0131 (2015) EP<br \/>\nY\u0131lmaz Morg\u00fcl 2016 (2016) EP<br \/>\nY\u0131lmaz Morg\u00fcl Pop (2017) EP<br \/>\nSensizlik Haram Bana (2019) Single<br \/>\nA\u015f\u0131k Olmak \u0130stiyorum (2021)<br \/>\nKal Benim I\u00e7in (feat. Erkan \u00c7elik) [Canl\u0131 Performans] (2021) Single<br \/>\nG\u00fcl\u00fc Soldurmam (2021) Single<\/p>\n","protected":false},"excerpt":{"rendered":"<p>\u00dcnl\u00fc sanat\u00e7\u0131 Y\u0131lmaz Morg\u00fcl apar topar hastaneye kald\u0131r\u0131ld\u0131. Mersin\u2019de bir hastanede tedavi alt\u0131na al\u0131nan \u00fcnl\u00fc isim solunum cihaz\u0131na ba\u011fl\u0131 halde video payla\u015ft\u0131.<\/p>\n","protected":false},"author":5,"featured_media":137535,"comment_status":"closed","ping_status":"closed","sticky":false,"template":"","format":"standard","meta":{"rank_math_lock_modified_date":false,"footnotes":""},"categories":[76],"tags":[3284],"class_list":["post-137529","post","type-post","status-publish","format-standard","has-post-thumbnail","hentry","category-magazin","tag-yilmaz-morgul"],"_links":{"self":[{"href":"https:\/\/www.tgrthaber.com\/mavikadin\/wp-json\/wp\/v2\/posts\/137529"}],"collection":[{"href":"https:\/\/www.tgrthaber.com\/mavikadin\/wp-json\/wp\/v2\/posts"}],"about":[{"href":"https:\/\/www.tgrthaber.com\/mavikadin\/wp-json\/wp\/v2\/types\/post"}],"author":[{"embeddable":true,"href":"https:\/\/www.tgrthaber.com\/mavikadin\/wp-json\/wp\/v2\/users\/5"}],"replies":[{"embeddable":true,"href":"https:\/\/www.tgrthaber.com\/mavikadin\/wp-json\/wp\/v2\/comments?post=137529"}],"version-history":[{"count":2,"href":"https:\/\/www.tgrthaber.com\/mavikadin\/wp-json\/wp\/v2\/posts\/137529\/revisions"}],"predecessor-version":[{"id":137537,"href":"https:\/\/www.tgrthaber.com\/mavikadin\/wp-json\/wp\/v2\/posts\/137529\/revisions\/137537"}],"wp:featuredmedia":[{"embeddable":true,"href":"https:\/\/www.tgrthaber.com\/mavikadin\/wp-json\/wp\/v2\/media\/137535"}],"wp:attachment":[{"href":"https:\/\/www.tgrthaber.com\/mavikadin\/wp-json\/wp\/v2\/media?parent=137529"}],"wp:term":[{"taxonomy":"category","embeddable":true,"href":"https:\/\/www.tgrthaber.com\/mavikadin\/wp-json\/wp\/v2\/categories?post=137529"},{"taxonomy":"post_tag","embeddable":true,"href":"https:\/\/www.tgrthaber.com\/mavikadin\/wp-json\/wp\/v2\/tags?post=137529"}],"curies":[{"name":"wp","href":"https:\/\/api.w.org\/{rel}","templated":true}]}}