{"id":137541,"date":"2025-02-24T14:46:02","date_gmt":"2025-02-24T11:46:02","guid":{"rendered":"https:\/\/www.tgrthaber.com\/mavikadin\/?p=137541"},"modified":"2025-02-24T14:50:14","modified_gmt":"2025-02-24T11:50:14","slug":"derya-sensoy-kimdir-derya-sensoy-kimin-kizi-kiminle-sevgili","status":"publish","type":"post","link":"https:\/\/www.tgrthaber.com\/mavikadin\/derya-sensoy-kimdir-derya-sensoy-kimin-kizi-kiminle-sevgili\/","title":{"rendered":"Derya \u015eensoy kimdir? Derya \u015eensoy kimin k\u0131z\u0131, kiminle sevgili?"},"content":{"rendered":"<p>Ba\u015far\u0131l\u0131 oyunculu\u011fuyla ad\u0131ndan s\u00f6z ettiren Derya \u015eensoy\u2019un kim oldu\u011fu merak ediliyor. \u015eimdilerde a\u015fk hayat\u0131yla g\u00fcndeme gelen \u015eensoy\u2019un \u00f6zel hayat\u0131 ara\u015ft\u0131r\u0131l\u0131yor. Kendisi gibi oyuncu olan sevgilisi Ya\u011f\u0131z Can Konyal\u0131\u2019ya a\u015fk\u0131n\u0131 ilan eden \u015eensoy\u2019un kim oldu\u011fu merak edildi. Peki, Derya \u015eensoy kimdir? Derya \u015eensoy kimin k\u0131z\u0131, kiminle sevgili? Derya \u015eensoy hakk\u0131nda merak edilenleri sizin i\u00e7in ara\u015ft\u0131rd\u0131k. \u0130\u015fte Derya \u015eensoy hakk\u0131nda bilinmeyenler\u2026<\/p>\n<h3>DERYA \u015eENSOY K\u0130MD\u0130R?<\/h3>\n<p>Derya \u015eensoy, 7 \u015eubat 1990 tarihinde \u0130stanbul\u2019da d\u00fcnyaya geldi. Tam ad\u0131 Neriman Derya \u015eensoy olan ba\u015far\u0131l\u0131 oyuncu, tiyatro k\u00f6kenli bir ailede yeti\u015fti. \u0130lkokul ve ortaokul e\u011fitimini ba\u015far\u0131yla tamamlayan \u015eensoy, lise e\u011fitimini \u00dcsk\u00fcdar Amerikan Lisesi\u2019nden mezun olarak tamamlad\u0131. \u015eensoy, ill\u00fcstrasyon ve tasar\u0131m e\u011fitimi almak i\u00e7in New York\u2019a gitti. Parsons The New School for Design&#8217;da e\u011fitim g\u00f6ren \u015eensoy, bir d\u00f6nem \u0130ngiltere\u2019de tak\u0131 \u00fczerine \u00e7al\u0131\u015fmalar yapt\u0131.<\/p>\n<p><img loading=\"lazy\" decoding=\"async\" class=\"alignnone wp-image-137544\" src=\"https:\/\/www.tgrthaber.com\/mavikadin\/wp-content\/uploads\/Derya-Sensoy-7-1024x576.jpg\" alt=\"Derya \u015eensoy kimdir? \" width=\"1208\" height=\"680\" title=\"\" srcset=\"https:\/\/www.tgrthaber.com\/mavikadin\/wp-content\/uploads\/Derya-Sensoy-7-1024x576.jpg 1024w, https:\/\/www.tgrthaber.com\/mavikadin\/wp-content\/uploads\/Derya-Sensoy-7-300x169.jpg 300w, https:\/\/www.tgrthaber.com\/mavikadin\/wp-content\/uploads\/Derya-Sensoy-7-768x432.jpg 768w, https:\/\/www.tgrthaber.com\/mavikadin\/wp-content\/uploads\/Derya-Sensoy-7-1536x864.jpg 1536w, https:\/\/www.tgrthaber.com\/mavikadin\/wp-content\/uploads\/Derya-Sensoy-7.jpg 1600w\" sizes=\"(max-width: 1208px) 100vw, 1208px\" \/><\/p>\n<hr \/>\n<p>Kariyerine tiyatro, dizi ve sinema oyuncusu olarak devam eden Derya \u015eensoy, 2013 y\u0131l\u0131nda \u201cMasal M\u00fcfetti\u015fi\u201d adl\u0131 oyunun dekor ve kost\u00fcm tasar\u0131m\u0131n\u0131 yapt\u0131. Oyunculu\u011fa ad\u0131m\u0131n\u0131 2013 y\u0131l\u0131nda atan \u015eensoy, ilk deneyimini \u201cDoksanlar\u201d dizisinde \u201cTu\u011fba Karaman Tuncay\u201d karakterini oynayarak ger\u00e7ekle\u015ftirdi. Daha sonra oyunculuk kariyerinde bir\u00e7ok ba\u015far\u0131l\u0131 projede yer alan \u015eensoy, ba\u015far\u0131l\u0131 oyunculu\u011fuyla ad\u0131ndan s\u00f6z ettirdi.<\/p>\n<h3>DERYA \u015eENSOY K\u0130M\u0130N KIZI?<\/h3>\n<p>Tiyatro k\u00f6kenli bir ailede yeti\u015fen Derya \u015eensoy, Derya Baykal ve Ferhan \u015eensoy\u2019un k\u0131z\u0131 olarak d\u00fcnyaya geldi. Derya \u015eensoy\u2019un annesi tiyatro sanat\u00e7\u0131s\u0131 Derya Baykal, babas\u0131 ise sinema ve tiyatro sanat\u00e7\u0131s\u0131 Ferhan \u015eensoy\u2019dur. Derya \u015eensoy, ayn\u0131 zamanda tiyatro sanat\u00e7\u0131s\u0131 ve yazar\u0131 M\u00fcjgan Ferhan \u015eensoy\u2019un da karde\u015fidir.<\/p>\n<p><img loading=\"lazy\" decoding=\"async\" class=\"alignnone wp-image-137545\" src=\"https:\/\/www.tgrthaber.com\/mavikadin\/wp-content\/uploads\/Derya-Sensoy-6-1024x576.jpg\" alt=\"Derya \u015eensoy kimdir? \" width=\"1208\" height=\"680\" title=\"\" srcset=\"https:\/\/www.tgrthaber.com\/mavikadin\/wp-content\/uploads\/Derya-Sensoy-6-1024x576.jpg 1024w, https:\/\/www.tgrthaber.com\/mavikadin\/wp-content\/uploads\/Derya-Sensoy-6-300x169.jpg 300w, https:\/\/www.tgrthaber.com\/mavikadin\/wp-content\/uploads\/Derya-Sensoy-6-768x432.jpg 768w, https:\/\/www.tgrthaber.com\/mavikadin\/wp-content\/uploads\/Derya-Sensoy-6-1536x864.jpg 1536w, https:\/\/www.tgrthaber.com\/mavikadin\/wp-content\/uploads\/Derya-Sensoy-6.jpg 1600w\" sizes=\"(max-width: 1208px) 100vw, 1208px\" \/><\/p>\n<hr \/>\n<p>Oyunculuk kariyerine 2013 y\u0131l\u0131nda ba\u015flayan Derya \u015eensoy, g\u00fcn\u00fcm\u00fczde hala ba\u015far\u0131l\u0131 oyunculu\u011fuyla tan\u0131nmaktad\u0131r. Oyunculuk kariyerini ailesinin genlerinden alan \u015eensoy, ilk sinema oyunculu\u011funu 2014 y\u0131l\u0131nda \u201c\u00c7akallarla Dans 3: S\u0131f\u0131r S\u0131k\u0131nt\u0131\u201d filmiyle ger\u00e7ekle\u015ftirdi. 2015 y\u0131l\u0131nda \u201cHesapta A\u015fk\u201d filminde \u201cDidem\u201d karakterini oynayan \u015eensoy, \u201cMay\u0131s Krali\u00e7esi\u201d dizisinde \u201cDilara\u201d karakterini \u00fcstlendi.<\/p>\n<p>Oyunculu\u011fun yan\u0131 s\u0131ra dekor ve kost\u00fcm tasar\u0131m\u0131 da yapan Derya \u015eensoy, karde\u015fi M\u00fcjgan Ferhan \u015eensoy&#8217;un yaz\u0131p y\u00f6netti\u011fi Pera&#8217;daki Hayalet adl\u0131 oyunun dekor tasar\u0131m\u0131n\u0131\u00a0\u00fcstlendi. Daha sonra bir\u00e7ok ba\u015far\u0131l\u0131 sinema, dizi ve tiyatro oyununda yer alan \u015eensoy, son olarak 2022 y\u0131l\u0131nda Netflix dijital platformunda yer alan \u201cSonsuza Dek Nedime\u201d projesinde yer ald\u0131.<\/p>\n<p><img loading=\"lazy\" decoding=\"async\" class=\"alignnone wp-image-137547\" src=\"https:\/\/www.tgrthaber.com\/mavikadin\/wp-content\/uploads\/Derya-Sensoy-9-1024x576.jpg\" alt=\"Derya \u015eensoy kimdir? \" width=\"1208\" height=\"680\" title=\"\" srcset=\"https:\/\/www.tgrthaber.com\/mavikadin\/wp-content\/uploads\/Derya-Sensoy-9-1024x576.jpg 1024w, https:\/\/www.tgrthaber.com\/mavikadin\/wp-content\/uploads\/Derya-Sensoy-9-300x169.jpg 300w, https:\/\/www.tgrthaber.com\/mavikadin\/wp-content\/uploads\/Derya-Sensoy-9-768x432.jpg 768w, https:\/\/www.tgrthaber.com\/mavikadin\/wp-content\/uploads\/Derya-Sensoy-9-1536x864.jpg 1536w, https:\/\/www.tgrthaber.com\/mavikadin\/wp-content\/uploads\/Derya-Sensoy-9.jpg 1600w\" sizes=\"(max-width: 1208px) 100vw, 1208px\" \/><\/p>\n<hr \/>\n<h3>DERYA \u015eENSOY K\u0130M\u0130NLE SEVG\u0130L\u0130?<\/h3>\n<p>Ba\u015far\u0131l\u0131 oyunculu\u011fuyla ad\u0131ndan s\u00f6z ettiren Derya \u015eensoy, \u00f6zel hayat\u0131yla da g\u00fcndeme gelmeye devam ediyor. \u015eimdilerde ya\u015fad\u0131\u011f\u0131 a\u015fk dedikodular\u0131yla g\u00fcndeme gelen \u015eensoy\u2019un sevgilisinin kim oldu\u011fu da merak ediliyor. A\u015fk hayat\u0131yla da s\u0131k s\u0131k magazin d\u00fcnyas\u0131n\u0131n g\u00fcndemine oturan \u015eensoy, \u00fcnl\u00fc oyuncu Birce Akalay\u2019\u0131n eski e\u015fi Sarp Levendo\u011flu ile olan birlikteli\u011fiyle \u00e7ok konu\u015fulmu\u015ftu.<\/p>\n<p><img loading=\"lazy\" decoding=\"async\" class=\"alignnone wp-image-137548\" src=\"https:\/\/www.tgrthaber.com\/mavikadin\/wp-content\/uploads\/Derya-Sensoy-1-1024x576.jpg\" alt=\"Derya \u015eensoy kimdir? \" width=\"1208\" height=\"680\" title=\"\" srcset=\"https:\/\/www.tgrthaber.com\/mavikadin\/wp-content\/uploads\/Derya-Sensoy-1-1024x576.jpg 1024w, https:\/\/www.tgrthaber.com\/mavikadin\/wp-content\/uploads\/Derya-Sensoy-1-300x169.jpg 300w, https:\/\/www.tgrthaber.com\/mavikadin\/wp-content\/uploads\/Derya-Sensoy-1-768x432.jpg 768w, https:\/\/www.tgrthaber.com\/mavikadin\/wp-content\/uploads\/Derya-Sensoy-1-1536x864.jpg 1536w, https:\/\/www.tgrthaber.com\/mavikadin\/wp-content\/uploads\/Derya-Sensoy-1.jpg 1600w\" sizes=\"(max-width: 1208px) 100vw, 1208px\" \/><\/p>\n<hr \/>\n<p>\u015eimdilerde yeni a\u015fka yelken a\u00e7an Derya \u015eensoy, kendisi gibi oyuncu sevgilisi Ya\u011f\u0131z Can Konyal\u0131 ile g\u00fcndeme geliyor. \u015eensoy, ge\u00e7ti\u011fimiz sene i\u015f insan\u0131 Celal Can Alg\u00fcl ile 4 y\u0131ll\u0131k ili\u015fkisini sonland\u0131rarak herkesi \u015fa\u015f\u0131rtm\u0131\u015ft\u0131. Ge\u00e7ti\u011fimiz g\u00fcnlerde ise \u015eensoy hakk\u0131nda Ya\u011f\u0131z Can Konyal\u0131 ile a\u015fk ya\u015fad\u0131\u011f\u0131na dair \u00e7e\u015fitli iddialar ortaya at\u0131lm\u0131\u015ft\u0131. \u015eensoy, iddialara son noktay\u0131 koyarak sosyal medya hesab\u0131ndan yapt\u0131\u011f\u0131 payla\u015f\u0131mla \u00e7\u0131kan haberleri do\u011frulad\u0131. \u015eensoy, kendisi gibi oyuncu olan sevgilisi Ya\u011f\u0131z Can Konyal\u0131 ile gitti\u011fi Atina tatilinden kareleri Instagram hesab\u0131ndan takip\u00e7ileriyle payla\u015ft\u0131.<\/p>\n<p><img loading=\"lazy\" decoding=\"async\" class=\"alignnone wp-image-137549\" src=\"https:\/\/www.tgrthaber.com\/mavikadin\/wp-content\/uploads\/Derya-Sensoy-2-1024x576.jpg\" alt=\"Derya \u015eensoy kimdir? \" width=\"1208\" height=\"680\" title=\"\" srcset=\"https:\/\/www.tgrthaber.com\/mavikadin\/wp-content\/uploads\/Derya-Sensoy-2-1024x576.jpg 1024w, https:\/\/www.tgrthaber.com\/mavikadin\/wp-content\/uploads\/Derya-Sensoy-2-300x169.jpg 300w, https:\/\/www.tgrthaber.com\/mavikadin\/wp-content\/uploads\/Derya-Sensoy-2-768x432.jpg 768w, https:\/\/www.tgrthaber.com\/mavikadin\/wp-content\/uploads\/Derya-Sensoy-2-1536x864.jpg 1536w, https:\/\/www.tgrthaber.com\/mavikadin\/wp-content\/uploads\/Derya-Sensoy-2.jpg 1600w\" sizes=\"(max-width: 1208px) 100vw, 1208px\" \/><\/p>\n","protected":false},"excerpt":{"rendered":"<p>Ba\u015far\u0131l\u0131 oyuncu Derya \u015eensoy, \u015fimdilerde Ya\u011f\u0131z Can Konyal\u0131 ile ya\u015fad\u0131\u011f\u0131 a\u015fkla g\u00fcndemde. A\u015fk dedikodular\u0131yla g\u00fcndeme gelen Derya \u015eensoy\u2019un kim oldu\u011fu merak ediliyor. \u0130\u015fte detaylar\u2026 <\/p>\n","protected":false},"author":26,"featured_media":137542,"comment_status":"closed","ping_status":"closed","sticky":false,"template":"","format":"standard","meta":{"rank_math_lock_modified_date":false,"footnotes":""},"categories":[491],"tags":[6180,11794,11793],"class_list":["post-137541","post","type-post","status-publish","format-standard","has-post-thumbnail","hentry","category-biyografi","tag-derya-sensoy","tag-derya-sensoy-kimdir","tag-yagiz-can-konyali"],"_links":{"self":[{"href":"https:\/\/www.tgrthaber.com\/mavikadin\/wp-json\/wp\/v2\/posts\/137541"}],"collection":[{"href":"https:\/\/www.tgrthaber.com\/mavikadin\/wp-json\/wp\/v2\/posts"}],"about":[{"href":"https:\/\/www.tgrthaber.com\/mavikadin\/wp-json\/wp\/v2\/types\/post"}],"author":[{"embeddable":true,"href":"https:\/\/www.tgrthaber.com\/mavikadin\/wp-json\/wp\/v2\/users\/26"}],"replies":[{"embeddable":true,"href":"https:\/\/www.tgrthaber.com\/mavikadin\/wp-json\/wp\/v2\/comments?post=137541"}],"version-history":[{"count":3,"href":"https:\/\/www.tgrthaber.com\/mavikadin\/wp-json\/wp\/v2\/posts\/137541\/revisions"}],"predecessor-version":[{"id":137550,"href":"https:\/\/www.tgrthaber.com\/mavikadin\/wp-json\/wp\/v2\/posts\/137541\/revisions\/137550"}],"wp:featuredmedia":[{"embeddable":true,"href":"https:\/\/www.tgrthaber.com\/mavikadin\/wp-json\/wp\/v2\/media\/137542"}],"wp:attachment":[{"href":"https:\/\/www.tgrthaber.com\/mavikadin\/wp-json\/wp\/v2\/media?parent=137541"}],"wp:term":[{"taxonomy":"category","embeddable":true,"href":"https:\/\/www.tgrthaber.com\/mavikadin\/wp-json\/wp\/v2\/categories?post=137541"},{"taxonomy":"post_tag","embeddable":true,"href":"https:\/\/www.tgrthaber.com\/mavikadin\/wp-json\/wp\/v2\/tags?post=137541"}],"curies":[{"name":"wp","href":"https:\/\/api.w.org\/{rel}","templated":true}]}}