{"id":137552,"date":"2025-02-24T15:14:28","date_gmt":"2025-02-24T12:14:28","guid":{"rendered":"https:\/\/www.tgrthaber.com\/mavikadin\/?p=137552"},"modified":"2025-02-24T17:03:15","modified_gmt":"2025-02-24T14:03:15","slug":"melike-sahinin-esi-sedat-arpalik-uvey-babadaki-oyuncuya-benzetildi","status":"publish","type":"post","link":"https:\/\/www.tgrthaber.com\/mavikadin\/melike-sahinin-esi-sedat-arpalik-uvey-babadaki-oyuncuya-benzetildi\/","title":{"rendered":"Melike \u015eahin&#8217;in e\u015fi Sedat Arpal\u0131k \u00dcvey Baba dizisindeki oyuncuya benzetildi!"},"content":{"rendered":"<p>\u00dcnl\u00fc \u015fark\u0131c\u0131 Melike \u015eahin g\u00fcndemde kalmaya devam ediyor. O Ses T\u00fcrkiye 2025 sezonunda j\u00fcri koltu\u011funda oturan \u015fark\u0131c\u0131 yapt\u0131\u011f\u0131 i\u015flerle ve s\u00f6yledi\u011fi s\u00f6zlerle g\u00fcndemde. Sevenlerinin merakla takip etti\u011fi \u015eahin\u2019in bu kez de e\u015fi Sedat Arpal\u0131k\u2019\u0131n \u00dcvey Baba dizisindeki karaktere benzetilmesi sosyal medyada \u00e7ok konu\u015fuldu.<\/p>\n<h3><strong>MEL\u0130KE \u015eAH\u0130N VE O SES T\u00dcRK\u0130YE J\u00dcR\u0130S\u0130NDE<\/strong><\/h3>\n<p>O Ses T\u00fcrkiye 2025 sezonunda ilk kez j\u00fcri koltu\u011funa oturan Melike \u015eahin yine ayn\u0131 programda j\u00fcri \u00fcyesi olan Hadise ile g\u00fcndem de kalmaya devam ediyor. \u0130kilinin yar\u0131\u015fma program\u0131 i\u00e7erisinde birbirlerine kar\u015f\u0131 sergiledikleri her hareket ve her laf, izleyici taraf\u0131ndan merakla takip ediliyor. \u0130ki sanat\u00e7\u0131n\u0131n da aralar\u0131ndaki bu tav\u0131rlar izleyenler taraf\u0131ndan da ka\u00e7m\u0131yor. Her cumartesi ak\u015famlar\u0131 ekrana gelen O Ses T\u00fcrkiye yar\u0131\u015fmas\u0131 ilgi ve merakla izleniyor.<\/p>\n<p><img loading=\"lazy\" decoding=\"async\" class=\"alignnone wp-image-137564\" src=\"https:\/\/www.tgrthaber.com\/mavikadin\/wp-content\/uploads\/sedat-arpalik-uvey-baba-2-1024x576.jpg\" alt=\"sedat arpal\u0131k-\u00fcvey baba\" width=\"1208\" height=\"680\" title=\"\" srcset=\"https:\/\/www.tgrthaber.com\/mavikadin\/wp-content\/uploads\/sedat-arpalik-uvey-baba-2-1024x576.jpg 1024w, https:\/\/www.tgrthaber.com\/mavikadin\/wp-content\/uploads\/sedat-arpalik-uvey-baba-2-300x169.jpg 300w, https:\/\/www.tgrthaber.com\/mavikadin\/wp-content\/uploads\/sedat-arpalik-uvey-baba-2-768x432.jpg 768w, https:\/\/www.tgrthaber.com\/mavikadin\/wp-content\/uploads\/sedat-arpalik-uvey-baba-2-1536x864.jpg 1536w, https:\/\/www.tgrthaber.com\/mavikadin\/wp-content\/uploads\/sedat-arpalik-uvey-baba-2.jpg 1600w\" sizes=\"(max-width: 1208px) 100vw, 1208px\" \/><\/p>\n<hr \/>\n<p>\u00dcnl\u00fc \u015fark\u0131c\u0131 Melike \u015eahin ile evli olan Sedat Arpal\u0131k, e\u015fi gibi merak edilen konulan aras\u0131nda yer al\u0131yor. \u00dcnl\u00fc \u015fark\u0131c\u0131n\u0131n kocas\u0131 Sedat Arpal\u0131k ile ilgili pek fazla bir bilgi bulunmuyor. \u00d6zel hayat\u0131n\u0131 g\u00f6zlerden uzak ya\u015fayan Arpal\u0131k, i\u015f hayat\u0131n\u0131 da g\u00f6zlerden uzak ya\u015famay\u0131 tercih ediyor. E\u015fi Melike \u015eahin ile aralar\u0131ndaki ya\u015f fark\u0131ndan dolay\u0131 da s\u0131k s\u0131k g\u00fcndeme gelen Arpal\u0131k bu kez de \u00dcvey Baba adl\u0131 dizideki ba\u015frol karakterine benzetildi. Bu benzetilme sosyal medya da \u00e7ok konu\u015fuldu.<\/p>\n<p><img loading=\"lazy\" decoding=\"async\" class=\"alignnone wp-image-137562\" src=\"https:\/\/www.tgrthaber.com\/mavikadin\/wp-content\/uploads\/sedat-arpalik-uvey-baba-4-1024x576.jpg\" alt=\"sedat arpal\u0131k-\u00fcvey baba\" width=\"1208\" height=\"680\" title=\"\" srcset=\"https:\/\/www.tgrthaber.com\/mavikadin\/wp-content\/uploads\/sedat-arpalik-uvey-baba-4-1024x576.jpg 1024w, https:\/\/www.tgrthaber.com\/mavikadin\/wp-content\/uploads\/sedat-arpalik-uvey-baba-4-300x169.jpg 300w, https:\/\/www.tgrthaber.com\/mavikadin\/wp-content\/uploads\/sedat-arpalik-uvey-baba-4-768x432.jpg 768w, https:\/\/www.tgrthaber.com\/mavikadin\/wp-content\/uploads\/sedat-arpalik-uvey-baba-4-1536x864.jpg 1536w, https:\/\/www.tgrthaber.com\/mavikadin\/wp-content\/uploads\/sedat-arpalik-uvey-baba-4.jpg 1600w\" sizes=\"(max-width: 1208px) 100vw, 1208px\" \/><\/p>\n<hr \/>\n<h3><strong>SEDAT ARPALIK, \u00dcVEY BABADAK\u0130 OYUNCUYA BENZET\u0130LD\u0130<\/strong><\/h3>\n<p>Sosyal medya da Melike \u015eahin\u2019in e\u015fi Sedat Arpal\u0131k son g\u00fcnlerde merak edilip ara\u015ft\u0131r\u0131lan ki\u015filer aras\u0131nda yerini ald\u0131. Sedat Arpal\u0131k\u2019 \u0131 \u201c\u00dcvey Baba\u201d dizisiyle haf\u0131zalara kaz\u0131nan \u2018\u015eemsi \u0130nkaya\u2019n\u0131n oynad\u0131\u011f\u0131 Halil G\u00fcne\u015fli karakterine benzetilmesi de olay oldu. 1998 y\u0131l\u0131nda Star TV ekranlar\u0131nda izleyicisiyle bulu\u015fan \u00dcvey Baba dizisi \u2018Kemalettin Tu\u011fcu\u2019nun ayn\u0131 adl\u0131 eserinden televizyona uyarlanan dram t\u00fcr\u00fcndeki dizidir. Kendi d\u00f6neminde \u00e7ok fazla izlenen dizileri aras\u0131nda yer alm\u0131\u015f 6 sezon kadar da s\u00fcrm\u00fc\u015ft\u00fcr.<\/p>\n<p><img loading=\"lazy\" decoding=\"async\" class=\"alignnone wp-image-137646\" src=\"https:\/\/www.tgrthaber.com\/mavikadin\/wp-content\/uploads\/haber-gorselleri-fotoshop-6-1-1024x576.jpg\" alt=\"sedat arpal\u0131k-\u00fcvey baba\" width=\"1208\" height=\"680\" title=\"\" srcset=\"https:\/\/www.tgrthaber.com\/mavikadin\/wp-content\/uploads\/haber-gorselleri-fotoshop-6-1-1024x576.jpg 1024w, https:\/\/www.tgrthaber.com\/mavikadin\/wp-content\/uploads\/haber-gorselleri-fotoshop-6-1-300x169.jpg 300w, https:\/\/www.tgrthaber.com\/mavikadin\/wp-content\/uploads\/haber-gorselleri-fotoshop-6-1-768x432.jpg 768w, https:\/\/www.tgrthaber.com\/mavikadin\/wp-content\/uploads\/haber-gorselleri-fotoshop-6-1-1536x864.jpg 1536w, https:\/\/www.tgrthaber.com\/mavikadin\/wp-content\/uploads\/haber-gorselleri-fotoshop-6-1.jpg 1600w\" sizes=\"(max-width: 1208px) 100vw, 1208px\" \/><\/p>\n<hr \/>\n<p>&nbsp;<\/p>\n<p><strong>SEDAT ARPALIK K\u0130MD\u0130R<\/strong><\/p>\n<p>\u00dcnl\u00fc \u015fark\u0131c\u0131 Melike \u015eahin\u2019le evli olan Sedat Arpal\u0131k sosyal medyada merak edilen isimlerden biri oldu. Arpal\u0131k\u2019\u0131n i\u015fi ve \u00f6zel hayat\u0131 insanlar taraf\u0131ndan merak edilmeye ba\u015fland\u0131. E\u015finin \u00fcnl\u00fc \u015fark\u0131c\u0131 olmas\u0131 nedeniyle g\u00fcndem de olan Arpal\u0131k, hayat\u0131n\u0131 g\u00f6zlerden uzak bir \u015fekilde ya\u015famaya devam ediyor. E\u011fitimi hakk\u0131nda kamuoyunda Arpal\u0131k\u2019\u0131n hakk\u0131nda detayl\u0131 bilgiler bulunmuyor.<\/p>\n<p><img loading=\"lazy\" decoding=\"async\" class=\"alignnone wp-image-137647\" src=\"https:\/\/www.tgrthaber.com\/mavikadin\/wp-content\/uploads\/haber-gorselleri-fotoshop-5-1-1024x576.jpg\" alt=\"sedat arpal\u0131k-\u00fcvey baba\" width=\"1208\" height=\"680\" title=\"\" srcset=\"https:\/\/www.tgrthaber.com\/mavikadin\/wp-content\/uploads\/haber-gorselleri-fotoshop-5-1-1024x576.jpg 1024w, https:\/\/www.tgrthaber.com\/mavikadin\/wp-content\/uploads\/haber-gorselleri-fotoshop-5-1-300x169.jpg 300w, https:\/\/www.tgrthaber.com\/mavikadin\/wp-content\/uploads\/haber-gorselleri-fotoshop-5-1-768x432.jpg 768w, https:\/\/www.tgrthaber.com\/mavikadin\/wp-content\/uploads\/haber-gorselleri-fotoshop-5-1-1536x864.jpg 1536w, https:\/\/www.tgrthaber.com\/mavikadin\/wp-content\/uploads\/haber-gorselleri-fotoshop-5-1.jpg 1600w\" sizes=\"(max-width: 1208px) 100vw, 1208px\" \/><\/p>\n<hr \/>\n<p>Kendisinin sadece bir i\u015f adam\u0131 oldu\u011fu ve i\u015fi hakk\u0131nda da ayn\u0131 \u015fekilde kamuoyunda kesin bilgiler bulunmuyor. \u00a0Sedat Arpal\u0131k\u2019\u0131n ya\u015f\u0131 hakk\u0131nda sadece e\u015fiyle aras\u0131ndaki \u201910 ya\u015f\u2019 fark\u0131 bilgisinin bulunmas\u0131 \u00fczerine 45 ya\u015flar\u0131nda oldu\u011fu s\u00f6ylenebilir. 9 y\u0131l birlikte olan \u00e7ift, beraberliklerini 2024 y\u0131l\u0131nda evlenerek d\u00fcnyaevine girmi\u015flerdir.<\/p>\n","protected":false},"excerpt":{"rendered":"<p>\u00dcnl\u00fc \u015fark\u0131c\u0131 Melike \u015eahin g\u00fcndemde kalmaya devam ediyor. O Ses T\u00fcrkiye 2025 sezonunda j\u00fcri koltu\u011funda oturan \u015fark\u0131c\u0131 yapt\u0131\u011f\u0131 i\u015flerle ve s\u00f6yledi\u011fi s\u00f6zlerle g\u00fcndemde. Sevenlerinin merakla takip etti\u011fi \u015eahin\u2019in bu kez de e\u015fi Sedat Arpal\u0131k\u2019\u0131n \u00dcvey Baba dizisindeki karaktere benzetilmesi sosyal medyada \u00e7ok konu\u015fuldu.<\/p>\n","protected":false},"author":34,"featured_media":137565,"comment_status":"closed","ping_status":"closed","sticky":false,"template":"","format":"standard","meta":{"rank_math_lock_modified_date":false,"footnotes":""},"categories":[76],"tags":[4301,9446,11796],"class_list":["post-137552","post","type-post","status-publish","format-standard","has-post-thumbnail","hentry","category-magazin","tag-melike-sahin","tag-sedat-arpalik","tag-uvey-baba-dizi-karakteri"],"_links":{"self":[{"href":"https:\/\/www.tgrthaber.com\/mavikadin\/wp-json\/wp\/v2\/posts\/137552"}],"collection":[{"href":"https:\/\/www.tgrthaber.com\/mavikadin\/wp-json\/wp\/v2\/posts"}],"about":[{"href":"https:\/\/www.tgrthaber.com\/mavikadin\/wp-json\/wp\/v2\/types\/post"}],"author":[{"embeddable":true,"href":"https:\/\/www.tgrthaber.com\/mavikadin\/wp-json\/wp\/v2\/users\/34"}],"replies":[{"embeddable":true,"href":"https:\/\/www.tgrthaber.com\/mavikadin\/wp-json\/wp\/v2\/comments?post=137552"}],"version-history":[{"count":5,"href":"https:\/\/www.tgrthaber.com\/mavikadin\/wp-json\/wp\/v2\/posts\/137552\/revisions"}],"predecessor-version":[{"id":137648,"href":"https:\/\/www.tgrthaber.com\/mavikadin\/wp-json\/wp\/v2\/posts\/137552\/revisions\/137648"}],"wp:featuredmedia":[{"embeddable":true,"href":"https:\/\/www.tgrthaber.com\/mavikadin\/wp-json\/wp\/v2\/media\/137565"}],"wp:attachment":[{"href":"https:\/\/www.tgrthaber.com\/mavikadin\/wp-json\/wp\/v2\/media?parent=137552"}],"wp:term":[{"taxonomy":"category","embeddable":true,"href":"https:\/\/www.tgrthaber.com\/mavikadin\/wp-json\/wp\/v2\/categories?post=137552"},{"taxonomy":"post_tag","embeddable":true,"href":"https:\/\/www.tgrthaber.com\/mavikadin\/wp-json\/wp\/v2\/tags?post=137552"}],"curies":[{"name":"wp","href":"https:\/\/api.w.org\/{rel}","templated":true}]}}