{"id":137598,"date":"2025-02-24T16:09:57","date_gmt":"2025-02-24T13:09:57","guid":{"rendered":"https:\/\/www.tgrthaber.com\/mavikadin\/?p=137598"},"modified":"2025-02-24T16:11:22","modified_gmt":"2025-02-24T13:11:22","slug":"melike-sahin-o-ses-turkiyeden-kovuldu-mu-yarismaya-juri-uyesi-olarak-nasil-katildi","status":"publish","type":"post","link":"https:\/\/www.tgrthaber.com\/mavikadin\/melike-sahin-o-ses-turkiyeden-kovuldu-mu-yarismaya-juri-uyesi-olarak-nasil-katildi\/","title":{"rendered":"Melike \u015eahin O Ses T\u00fcrkiye\u2019den kovuldu mu? Yar\u0131\u015fmaya j\u00fcri \u00fcyesi olarak nas\u0131l kat\u0131ld\u0131?"},"content":{"rendered":"<p>TV8 ekranlar\u0131n\u0131n b\u00fcy\u00fck bir ilgiyle takip edilen yar\u0131\u015fmas\u0131 O Ses T\u00fcrkiye, t\u00fcm h\u0131z\u0131yla yay\u0131nlanmaya devam ediyor. Uzun bir aran\u0131n ard\u0131ndan yeniden seyirciyle bulu\u015fan O Ses T\u00fcrkiye yar\u0131\u015fmas\u0131, yar\u0131\u015fmac\u0131lar\u0131n yan\u0131 s\u0131ra j\u00fcri \u00fcyeleriyle de \u00e7ok konu\u015fuluyor. O Ses T\u00fcrkiye 2025 yar\u0131\u015fmas\u0131n\u0131n j\u00fcri kadrosuna bu sezon dahil olan Melike \u015eahin, dikkatleri \u00fczerine \u00e7ekmeye devam ediyor. Melike \u015eahin\u2019in yar\u0131\u015fmaya dahil olmas\u0131yla birlikte j\u00fcri \u00fcyeleri aras\u0131nda k\u0131ran k\u0131rana bir m\u00fccadele ya\u015fan\u0131yor. G\u00fc\u00e7l\u00fc sesi ve ba\u015far\u0131l\u0131 j\u00fcri ki\u015fili\u011fiyle ad\u0131ndan s\u00f6z ettiren Melike \u015eahin\u2019in, O Ses T\u00fcrkiye\u2019den kovulup kovulmad\u0131\u011f\u0131 merak ediliyor. Peki, Melike \u015eahin O Ses T\u00fcrkiye\u2019den kovuldu mu? \u0130\u015fte Melike \u015eahin\u2019in O Ses T\u00fcrkiye yar\u0131\u015fmas\u0131ndan kovulup kovulmad\u0131\u011f\u0131na dair detaylar\u2026<\/p>\n<h3>MEL\u0130KE \u015eAH\u0130N O SES T\u00dcRK\u0130YE\u2019DEN KOVULDU MU?<\/h3>\n<p>Son zamanlarda O Ses T\u00fcrkiye yar\u0131\u015fmas\u0131yla pop\u00fclerli\u011fini daha da \u00e7ok art\u0131ran Melike \u015eahin\u2019in, yar\u0131\u015fmada yer almad\u0131\u011f\u0131 ve ayr\u0131ld\u0131\u011f\u0131 y\u00f6n\u00fcnde iddialar ortaya at\u0131lm\u0131\u015ft\u0131. Sosyal medyada ortaya at\u0131lan baz\u0131 iddialar, \u015eahin\u2019in j\u00fcri koltu\u011funda olmad\u0131\u011f\u0131 ve programdan ayr\u0131ld\u0131\u011f\u0131 y\u00f6n\u00fcndeydi. Bu iddialar, yeni s\u00f6ylentileri beraberinde getirdi. Ortaya at\u0131lan iddialar do\u011frultusunda \u015eahin\u2019in O Ses T\u00fcrkiye yar\u0131\u015fmas\u0131ndan kovulup kovulmad\u0131\u011f\u0131 merak edildi. Yar\u0131\u015fman\u0131n \u00e7ekimlerine seyirci olarak kat\u0131lan bir vatanda\u015f\u0131n Melike \u015eahin\u2019i j\u00fcri koltu\u011funda g\u00f6remedi\u011fini iddia etmesi s\u00f6ylentilerin h\u0131zla yay\u0131lmas\u0131na neden olmu\u015ftu.<\/p>\n<p><img loading=\"lazy\" decoding=\"async\" class=\"alignnone wp-image-137601\" src=\"https:\/\/www.tgrthaber.com\/mavikadin\/wp-content\/uploads\/Melike-Sahin-1-3-1024x576.jpg\" alt=\"Melike \u015eahin O Ses T\u00fcrkiye\u2019den kovuldu mu?\" width=\"1208\" height=\"680\" title=\"\" srcset=\"https:\/\/www.tgrthaber.com\/mavikadin\/wp-content\/uploads\/Melike-Sahin-1-3-1024x576.jpg 1024w, https:\/\/www.tgrthaber.com\/mavikadin\/wp-content\/uploads\/Melike-Sahin-1-3-300x169.jpg 300w, https:\/\/www.tgrthaber.com\/mavikadin\/wp-content\/uploads\/Melike-Sahin-1-3-768x432.jpg 768w, https:\/\/www.tgrthaber.com\/mavikadin\/wp-content\/uploads\/Melike-Sahin-1-3-1536x864.jpg 1536w, https:\/\/www.tgrthaber.com\/mavikadin\/wp-content\/uploads\/Melike-Sahin-1-3.jpg 1600w\" sizes=\"(max-width: 1208px) 100vw, 1208px\" \/><\/p>\n<hr \/>\n<p>Sosyal medyan\u0131n g\u00fcndemine bomba gibi oturan bu olay, ak\u0131llara Melike \u015eahin\u2019in O Ses T\u00fcrkiye yar\u0131\u015fmas\u0131ndan kovulup kovulmad\u0131\u011f\u0131 sorular\u0131n\u0131 getirdi. Fakat yar\u0131\u015fman\u0131n 22 \u015eubat 2025 Cumartesi g\u00fcn\u00fc yay\u0131nlanan yeni b\u00f6l\u00fcm\u00fcnde \u015eahin\u2019in j\u00fcri koltu\u011funda yer ald\u0131\u011f\u0131 ve yar\u0131\u015fmaya devam etti\u011fi g\u00f6r\u00fcld\u00fc. Sosyal medyada \u015eahin hakk\u0131nda iddia edilen olaylarla ilgi resmi bir a\u00e7\u0131klama yap\u0131lmasa da j\u00fcri \u00fcyesinin yar\u0131\u015fmadan kovulmad\u0131\u011f\u0131 belli oldu. \u015eahin\u2019in yar\u0131\u015fmadan kovuldu\u011funa dair bir a\u00e7\u0131klama yap\u0131lmad\u0131. Ya\u015fanan bu olay, ayr\u0131l\u0131k haberlerinin ve kovulma iddialar\u0131n\u0131n as\u0131ls\u0131z oldu\u011funu g\u00f6zler \u00f6n\u00fcne serdi.<\/p>\n<p><img loading=\"lazy\" decoding=\"async\" class=\"alignnone wp-image-137602\" src=\"https:\/\/www.tgrthaber.com\/mavikadin\/wp-content\/uploads\/Melike-Sahin-4-2-1024x576.jpg\" alt=\"Melike \u015eahin O Ses T\u00fcrkiye\u2019den kovuldu mu?\" width=\"1208\" height=\"680\" title=\"\" srcset=\"https:\/\/www.tgrthaber.com\/mavikadin\/wp-content\/uploads\/Melike-Sahin-4-2-1024x576.jpg 1024w, https:\/\/www.tgrthaber.com\/mavikadin\/wp-content\/uploads\/Melike-Sahin-4-2-300x169.jpg 300w, https:\/\/www.tgrthaber.com\/mavikadin\/wp-content\/uploads\/Melike-Sahin-4-2-768x432.jpg 768w, https:\/\/www.tgrthaber.com\/mavikadin\/wp-content\/uploads\/Melike-Sahin-4-2-1536x864.jpg 1536w, https:\/\/www.tgrthaber.com\/mavikadin\/wp-content\/uploads\/Melike-Sahin-4-2.jpg 1600w\" sizes=\"(max-width: 1208px) 100vw, 1208px\" \/><\/p>\n<hr \/>\n<h3>MEL\u0130KE \u015eAH\u0130N O SES T\u00dcRK\u0130YE YARI\u015eMASINA NASIL KATILDI?<\/h3>\n<p>O Ses T\u00fcrkiye 2025 yar\u0131\u015fmas\u0131n\u0131n j\u00fcri \u00fcyelerine yepyeni bir isim kat\u0131lm\u0131\u015ft\u0131. Ge\u00e7ti\u011fimiz sezonlarda j\u00fcri \u00fcyesi olan Beyaz, Hadise ve G\u00f6khan\u2019\u0131n yan\u0131 s\u0131ra yar\u0131\u015fmaya son d\u00f6nemlerin parlayan y\u0131ld\u0131zlar\u0131ndan Melike \u015eahin dahil olmu\u015ftu. Melike \u015eahin\u2019in yar\u0131\u015fmaya kat\u0131lmas\u0131 sosyal medyada b\u00fcy\u00fck yank\u0131 uyand\u0131rm\u0131\u015f ve \u00e7ok konu\u015fulmu\u015ftu. O Ses T\u00fcrkiye yar\u0131\u015fmas\u0131na yeni dahil olan Melike \u015eahin\u2019in, Hadise ile aras\u0131nda ya\u015fanan \u00e7eki\u015fmeler g\u00fcndem olmu\u015ftu. \u00d6zellikle G\u00f6khan ve Melike \u015eahin\u2019in \u00e7ok daha yak\u0131n oldu\u011fu, Beyaz ve Hadise\u2019nin ise bir taraf oldu\u011fu izleyiciler taraf\u0131ndan hissedilmi\u015fti.<\/p>\n<p><img loading=\"lazy\" decoding=\"async\" class=\"alignnone wp-image-137604\" src=\"https:\/\/www.tgrthaber.com\/mavikadin\/wp-content\/uploads\/Melike-Sahin-3-2-1024x576.jpg\" alt=\"Melike \u015eahin O Ses T\u00fcrkiye\u2019den kovuldu mu?\" width=\"1208\" height=\"680\" title=\"\" srcset=\"https:\/\/www.tgrthaber.com\/mavikadin\/wp-content\/uploads\/Melike-Sahin-3-2-1024x576.jpg 1024w, https:\/\/www.tgrthaber.com\/mavikadin\/wp-content\/uploads\/Melike-Sahin-3-2-300x169.jpg 300w, https:\/\/www.tgrthaber.com\/mavikadin\/wp-content\/uploads\/Melike-Sahin-3-2-768x432.jpg 768w, https:\/\/www.tgrthaber.com\/mavikadin\/wp-content\/uploads\/Melike-Sahin-3-2-1536x864.jpg 1536w, https:\/\/www.tgrthaber.com\/mavikadin\/wp-content\/uploads\/Melike-Sahin-3-2.jpg 1600w\" sizes=\"(max-width: 1208px) 100vw, 1208px\" \/><\/p>\n<hr \/>\n<p>\u00d6mer Ayd\u0131n \u00d6zt\u00fcrk ad\u0131ndaki bir sosyal medya kullan\u0131c\u0131s\u0131n\u0131n iddialar\u0131na g\u00f6re; Melike \u015eahin\u2019i O Ses T\u00fcrkiye yar\u0131\u015fmas\u0131na kat\u0131lmaya G\u00f6khan \u00d6zo\u011fuz ikna etmi\u015f. Yine iddialara g\u00f6re; G\u00f6khan \u00d6zo\u011fuz, yar\u0131\u015fma ba\u015flamadan \u00f6nce \u201cBenim gelmemi istiyorsan\u0131z, Melike\u2019yi de alacaks\u0131n\u0131z\u201d ifadelerine yer vermi\u015f. Bununla birlikte G\u00f6khan\u2019\u0131n ve Melike\u2019nin ortak bir i\u015fi ve bir \u015firketi oldu\u011fu da iddia edilenler aras\u0131nda yerini al\u0131yor. Ayn\u0131 zamanda Acun Il\u0131cal\u0131\u2019n\u0131n yak\u0131n arkada\u015f\u0131 Esat\u2019\u0131n, O Ses T\u00fcrkiye yar\u0131\u015fmas\u0131na kat\u0131lacak t\u00fcm j\u00fcri \u00fcyelerini se\u00e7en ki\u015fi oldu\u011fu da s\u00f6ylenenlerden biri olarak kar\u015f\u0131m\u0131za \u00e7\u0131k\u0131yor.<\/p>\n","protected":false},"excerpt":{"rendered":"<p>TV8 ekranlar\u0131n\u0131n sevilen yar\u0131\u015fmas\u0131 O Ses T\u00fcrkiye\u2019ye bu sezon dahil olan Melike \u015eahin\u2019in yar\u0131\u015fmadan kovulup kovulmad\u0131\u011f\u0131 merak ediliyor. Peki, Melike \u015eahin O Ses T\u00fcrkiye\u2019den kovuldu mu? \u0130\u015fte detaylar\u2026<\/p>\n","protected":false},"author":26,"featured_media":137600,"comment_status":"closed","ping_status":"closed","sticky":false,"template":"","format":"standard","meta":{"rank_math_lock_modified_date":false,"footnotes":""},"categories":[76],"tags":[4301,11800,7667],"class_list":["post-137598","post","type-post","status-publish","format-standard","has-post-thumbnail","hentry","category-magazin","tag-melike-sahin","tag-melike-sahin-o-ses-turkiyeden-kovuldu-mu","tag-o-ses-turkiye-melike-sahin"],"_links":{"self":[{"href":"https:\/\/www.tgrthaber.com\/mavikadin\/wp-json\/wp\/v2\/posts\/137598"}],"collection":[{"href":"https:\/\/www.tgrthaber.com\/mavikadin\/wp-json\/wp\/v2\/posts"}],"about":[{"href":"https:\/\/www.tgrthaber.com\/mavikadin\/wp-json\/wp\/v2\/types\/post"}],"author":[{"embeddable":true,"href":"https:\/\/www.tgrthaber.com\/mavikadin\/wp-json\/wp\/v2\/users\/26"}],"replies":[{"embeddable":true,"href":"https:\/\/www.tgrthaber.com\/mavikadin\/wp-json\/wp\/v2\/comments?post=137598"}],"version-history":[{"count":1,"href":"https:\/\/www.tgrthaber.com\/mavikadin\/wp-json\/wp\/v2\/posts\/137598\/revisions"}],"predecessor-version":[{"id":137606,"href":"https:\/\/www.tgrthaber.com\/mavikadin\/wp-json\/wp\/v2\/posts\/137598\/revisions\/137606"}],"wp:featuredmedia":[{"embeddable":true,"href":"https:\/\/www.tgrthaber.com\/mavikadin\/wp-json\/wp\/v2\/media\/137600"}],"wp:attachment":[{"href":"https:\/\/www.tgrthaber.com\/mavikadin\/wp-json\/wp\/v2\/media?parent=137598"}],"wp:term":[{"taxonomy":"category","embeddable":true,"href":"https:\/\/www.tgrthaber.com\/mavikadin\/wp-json\/wp\/v2\/categories?post=137598"},{"taxonomy":"post_tag","embeddable":true,"href":"https:\/\/www.tgrthaber.com\/mavikadin\/wp-json\/wp\/v2\/tags?post=137598"}],"curies":[{"name":"wp","href":"https:\/\/api.w.org\/{rel}","templated":true}]}}