{"id":137633,"date":"2025-02-24T17:00:29","date_gmt":"2025-02-24T14:00:29","guid":{"rendered":"https:\/\/www.tgrthaber.com\/mavikadin\/?p=137633"},"modified":"2025-02-24T17:00:45","modified_gmt":"2025-02-24T14:00:45","slug":"unlu-oyuncu-burak-celik-baba-oluyor-mujdeli-haberi-sosyal-medya-hesabindan-duyurdu","status":"publish","type":"post","link":"https:\/\/www.tgrthaber.com\/mavikadin\/unlu-oyuncu-burak-celik-baba-oluyor-mujdeli-haberi-sosyal-medya-hesabindan-duyurdu\/","title":{"rendered":"\u00dcnl\u00fc oyuncu Burak \u00c7elik baba oluyor! M\u00fcjdeli haberi sosyal medya hesab\u0131ndan duyurdu"},"content":{"rendered":"<p>NOW TV ekranlar\u0131n\u0131n sevilen dizisi \u201cHudutsuz Sevda\u201dda \u201cKaan\u201d karakterini oynayan ba\u015far\u0131l\u0131 ve yak\u0131\u015f\u0131kl\u0131 oyuncu Burak \u00c7elik, baba oluyor. Ge\u00e7ti\u011fimiz aylarda Ece Bayrak ile d\u00fcnyaevine giren \u00c7elik, m\u00fcjdeli haberi sosyal medya hesab\u0131ndan duyurdu. \u00dcnl\u00fc oyuncu \u00c7elik, sevincini takip\u00e7ileriyle payla\u015ft\u0131\u2026<\/p>\n<h3>\u00a0\u00dcNL\u00dc OYUNCU BURAK \u00c7EL\u0130K BABA OLUYOR!<\/h3>\n<p>\u015eimdilerde NOW TV ekranlar\u0131n\u0131n b\u00fcy\u00fck bir ilgiyle takip edilen dizisi Hudutsuz Sevda\u2019da \u201cKaan\u201d karakteriyle izleyici kar\u015f\u0131s\u0131na \u00e7\u0131kan ba\u015far\u0131l\u0131 oyuncu Burak \u00c7elik, baba oluyor. Ge\u00e7ti\u011fimiz aral\u0131k ay\u0131nda sevgilisi Ece Bayrak ile Karada\u011f\u2019da d\u00fcnyaevine giren \u00c7elik, bebek bekledi\u011fini duyurdu.<\/p>\n<p><img loading=\"lazy\" decoding=\"async\" class=\"alignnone wp-image-137640\" src=\"https:\/\/www.tgrthaber.com\/mavikadin\/wp-content\/uploads\/Burak-Celik-1024x576.jpg\" alt=\"\u00dcnl\u00fc oyuncu Burak \u00c7elik baba oluyor! \" width=\"1208\" height=\"680\" title=\"\" srcset=\"https:\/\/www.tgrthaber.com\/mavikadin\/wp-content\/uploads\/Burak-Celik-1024x576.jpg 1024w, https:\/\/www.tgrthaber.com\/mavikadin\/wp-content\/uploads\/Burak-Celik-300x169.jpg 300w, https:\/\/www.tgrthaber.com\/mavikadin\/wp-content\/uploads\/Burak-Celik-768x432.jpg 768w, https:\/\/www.tgrthaber.com\/mavikadin\/wp-content\/uploads\/Burak-Celik-1536x864.jpg 1536w, https:\/\/www.tgrthaber.com\/mavikadin\/wp-content\/uploads\/Burak-Celik.jpg 1600w\" sizes=\"(max-width: 1208px) 100vw, 1208px\" \/><\/p>\n<hr \/>\n<p>\u201cHudutsuz Sevda\u201d dizisinde oynad\u0131\u011f\u0131 \u201cKaan\u201d karakteriyle dikkatleri \u00fczerine \u00e7eken Burak \u00c7elik, ni\u015fanl\u0131s\u0131 menajer Ece Bayrak\u2019la ge\u00e7ti\u011fimiz aylarda Karada\u011f tatili s\u0131ras\u0131nda nikah masas\u0131na oturmu\u015ftu. Tatil i\u00e7in gittikleri Karada\u011f\u2019da sessiz sedas\u0131z evlenen \u00e7ift, yak\u0131nlar\u0131na ve arkada\u015flar\u0131na s\u00fcrpriz yapm\u0131\u015ft\u0131. T\u00fcrkiye Karada\u011f B\u00fcy\u00fckel\u00e7ili\u011fi\u2019nde nikah masas\u0131na oturan \u00e7iftin nikah\u0131n\u0131 T\u00fcrkiye\u2019nin Karada\u011f B\u00fcy\u00fckel\u00e7isi Bar\u0131\u015f Kalkavan k\u0131ym\u0131\u015ft\u0131. Bir y\u0131ldan fazlad\u0131r beraber oldu\u011fu sevgilisi Ece Bayrak ile ge\u00e7ti\u011fimiz aylarda yuva kuran Burak \u00c7elik\u2019in, \u015fimdilerde baba olmaya haz\u0131rland\u0131\u011f\u0131 \u00f6\u011frenildi.<\/p>\n<p><img loading=\"lazy\" decoding=\"async\" class=\"alignnone wp-image-137641\" src=\"https:\/\/www.tgrthaber.com\/mavikadin\/wp-content\/uploads\/Burak-Celik-3-1024x576.jpg\" alt=\"\u00dcnl\u00fc oyuncu Burak \u00c7elik baba oluyor! \" width=\"1208\" height=\"680\" title=\"\" srcset=\"https:\/\/www.tgrthaber.com\/mavikadin\/wp-content\/uploads\/Burak-Celik-3-1024x576.jpg 1024w, https:\/\/www.tgrthaber.com\/mavikadin\/wp-content\/uploads\/Burak-Celik-3-300x169.jpg 300w, https:\/\/www.tgrthaber.com\/mavikadin\/wp-content\/uploads\/Burak-Celik-3-768x432.jpg 768w, https:\/\/www.tgrthaber.com\/mavikadin\/wp-content\/uploads\/Burak-Celik-3-1536x864.jpg 1536w, https:\/\/www.tgrthaber.com\/mavikadin\/wp-content\/uploads\/Burak-Celik-3.jpg 1600w\" sizes=\"(max-width: 1208px) 100vw, 1208px\" \/><\/p>\n<hr \/>\n<h3>M\u00dcJDEL\u0130 HABER\u0130 SOSYAL MEDYA HESABINDAN DUYURDU!<\/h3>\n<p>Karag\u00fcl, S\u00f6z, Kurulu\u015f Osman, Senden Daha G\u00fczel ve Ben Bu Cihana S\u0131\u011fmazsam gibi ba\u015far\u0131l\u0131 dizilerde rol alan Burak \u00c7elik,\u00a0\u015fimdilerde baba olaca\u011f\u0131n\u0131n heyecan\u0131n\u0131 ya\u015f\u0131yor. 32 ya\u015f\u0131ndaki yak\u0131\u015f\u0131kl\u0131 oyuncu \u00c7elik, m\u00fcjdeli haberi sosyal medya hesab\u0131ndan duyurdu. Sevincini takip\u00e7ileriyle payla\u015fan \u00c7elik, \u00f6zel bir videoyla baba olaca\u011f\u0131n\u0131 a\u00e7\u0131klad\u0131.<\/p>\n<p><img loading=\"lazy\" decoding=\"async\" class=\"alignnone wp-image-137642\" src=\"https:\/\/www.tgrthaber.com\/mavikadin\/wp-content\/uploads\/Burak-Celik-2-1024x576.jpg\" alt=\"\u00dcnl\u00fc oyuncu Burak \u00c7elik baba oluyor! \" width=\"1208\" height=\"680\" title=\"\" srcset=\"https:\/\/www.tgrthaber.com\/mavikadin\/wp-content\/uploads\/Burak-Celik-2-1024x576.jpg 1024w, https:\/\/www.tgrthaber.com\/mavikadin\/wp-content\/uploads\/Burak-Celik-2-300x169.jpg 300w, https:\/\/www.tgrthaber.com\/mavikadin\/wp-content\/uploads\/Burak-Celik-2-768x432.jpg 768w, https:\/\/www.tgrthaber.com\/mavikadin\/wp-content\/uploads\/Burak-Celik-2-1536x864.jpg 1536w, https:\/\/www.tgrthaber.com\/mavikadin\/wp-content\/uploads\/Burak-Celik-2.jpg 1600w\" sizes=\"(max-width: 1208px) 100vw, 1208px\" \/><\/p>\n<hr \/>\n<p>Instagram hesab\u0131ndan baba olaca\u011f\u0131n\u0131n videosunu yay\u0131nlayan Burak \u00c7elik, payla\u015f\u0131m\u0131n\u0131n alt\u0131na \u201cEn g\u00fczel s\u00fcrpriz\u201d notunu d\u00fc\u015ft\u00fc. \u00c7elik\u2019in videosu k\u0131sa s\u00fcrede takip\u00e7ileri taraf\u0131ndan b\u00fcy\u00fck be\u011feni ald\u0131. Evliliklerini bebek haberiyle ta\u00e7land\u0131ran Burak \u00c7elik ve Ece Bayrak \u00e7iftine, tebrik mesajlar\u0131 ya\u011fd\u0131. \u00c7iftin bebeklerinin cinsiyeti ise \u015fimdiden merak konusu oldu.<\/p>\n<p>\u0130\u015fte \u00fcnl\u00fc oyuncu Burak \u00c7elik\u2019in Instagram hesab\u0131ndan baba olaca\u011f\u0131n\u0131 duyurdu\u011fu video\u2026<\/p>\n<div style=\"width: 640px;\" class=\"wp-video\"><!--[if lt IE 9]><script>document.createElement('video');<\/script><![endif]-->\n<video class=\"wp-video-shortcode\" id=\"video-137633-1\" width=\"640\" height=\"640\" preload=\"metadata\" controls=\"controls\"><source type=\"video\/mp4\" src=\"https:\/\/www.tgrthaber.com\/mavikadin\/wp-content\/uploads\/sosyal-video-2.mp4?_=1\" \/><a href=\"https:\/\/www.tgrthaber.com\/mavikadin\/wp-content\/uploads\/sosyal-video-2.mp4\">https:\/\/www.tgrthaber.com\/mavikadin\/wp-content\/uploads\/sosyal-video-2.mp4<\/a><\/video><\/div>\n","protected":false},"excerpt":{"rendered":"<p>Hudutsuz Sevda dizisinde Kaan karakterini oynayan ba\u015far\u0131l\u0131 oyuncu Burak \u00c7elik baba oluyor. M\u00fcjdeli haberi sosyal medya hesab\u0131ndan duyuran \u00c7elik, baba olmaya haz\u0131rlan\u0131yor. \u0130\u015fte detaylar\u2026 <\/p>\n","protected":false},"author":26,"featured_media":137639,"comment_status":"closed","ping_status":"closed","sticky":false,"template":"","format":"standard","meta":{"rank_math_lock_modified_date":false,"footnotes":""},"categories":[76],"tags":[3960,11808,6078,6038],"class_list":["post-137633","post","type-post","status-publish","format-standard","has-post-thumbnail","hentry","category-magazin","tag-burak-celik","tag-burak-celik-baba-oluyor","tag-burak-celik-ece-bayrak","tag-ece-bayrak"],"_links":{"self":[{"href":"https:\/\/www.tgrthaber.com\/mavikadin\/wp-json\/wp\/v2\/posts\/137633"}],"collection":[{"href":"https:\/\/www.tgrthaber.com\/mavikadin\/wp-json\/wp\/v2\/posts"}],"about":[{"href":"https:\/\/www.tgrthaber.com\/mavikadin\/wp-json\/wp\/v2\/types\/post"}],"author":[{"embeddable":true,"href":"https:\/\/www.tgrthaber.com\/mavikadin\/wp-json\/wp\/v2\/users\/26"}],"replies":[{"embeddable":true,"href":"https:\/\/www.tgrthaber.com\/mavikadin\/wp-json\/wp\/v2\/comments?post=137633"}],"version-history":[{"count":2,"href":"https:\/\/www.tgrthaber.com\/mavikadin\/wp-json\/wp\/v2\/posts\/137633\/revisions"}],"predecessor-version":[{"id":137645,"href":"https:\/\/www.tgrthaber.com\/mavikadin\/wp-json\/wp\/v2\/posts\/137633\/revisions\/137645"}],"wp:featuredmedia":[{"embeddable":true,"href":"https:\/\/www.tgrthaber.com\/mavikadin\/wp-json\/wp\/v2\/media\/137639"}],"wp:attachment":[{"href":"https:\/\/www.tgrthaber.com\/mavikadin\/wp-json\/wp\/v2\/media?parent=137633"}],"wp:term":[{"taxonomy":"category","embeddable":true,"href":"https:\/\/www.tgrthaber.com\/mavikadin\/wp-json\/wp\/v2\/categories?post=137633"},{"taxonomy":"post_tag","embeddable":true,"href":"https:\/\/www.tgrthaber.com\/mavikadin\/wp-json\/wp\/v2\/tags?post=137633"}],"curies":[{"name":"wp","href":"https:\/\/api.w.org\/{rel}","templated":true}]}}