{"id":137656,"date":"2025-02-24T17:17:16","date_gmt":"2025-02-24T14:17:16","guid":{"rendered":"https:\/\/www.tgrthaber.com\/mavikadin\/?p=137656"},"modified":"2025-02-24T17:24:57","modified_gmt":"2025-02-24T14:24:57","slug":"tom-holland-zendaya-turkiyeye-ne-zaman-geliyor-cekimler-orduda-olacak","status":"publish","type":"post","link":"https:\/\/www.tgrthaber.com\/mavikadin\/tom-holland-zendaya-turkiyeye-ne-zaman-geliyor-cekimler-orduda-olacak\/","title":{"rendered":"Tom Holland Zendaya T\u00fcrkiye&#8217;ye ne zaman geliyor? \u00c7ekimler Ordu&#8217;da olacak"},"content":{"rendered":"<p>\u00dcnl\u00fc y\u00f6netmen Christopher Nolan, Tom Holland, Anne Hathaway, Robert Pattinson, Matt Damon, Lupita Nyong\u2019o, Charlize Theron ve Zendaya gibi birbirinden \u00fcnl\u00fc isimlerin rol ald\u0131\u011f\u0131 The Odyssey filmi T\u00fcrkiye&#8217;de \u00e7ekilecek. \u00c7ekimlerin Ordu&#8217;da ger\u00e7ekle\u015fece\u011fi filmin bir b\u00f6l\u00fcm\u00fc Yason Burnu\u2019nda ge\u00e7ecek.<\/p>\n<h3>TOM HOLLAND ZENDAYA T\u00dcRK\u0130YE&#8217;YE NE ZAMAN GEL\u0130YOR?<\/h3>\n<p>\u2018Tom Holland Zendaya T\u00fcrkiye&#8217;ye ne zaman geliyor?\u2019 merak konusu oldu. \u00c7ekimlerin Ordu\u2019da yap\u0131lmas\u0131 planlanan \u2018The Odyssey\u2019 filmi i\u00e7in bir\u00e7ok \u00fcnl\u00fc ismin T\u00fcrkiye\u2019ye gelmesi bekleniyor.<\/p>\n<p>&#8216;Oppenheimer&#8217; ile b\u00fcy\u00fck ba\u015far\u0131 elde eden Christopher Nolan sinema d\u00fcnyas\u0131nda \u00e7\u0131\u011f\u0131r a\u00e7t\u0131. Oscar \u00f6d\u00fcll\u00fc bu epik yap\u0131m izleyicilere tarihin en tart\u0131\u015fmal\u0131 ve karma\u015f\u0131k fig\u00fcrlerinden birinin hayat\u0131n\u0131 sunarak ele\u015ftirmenlerinden tam not ald\u0131.<\/p>\n<p><img loading=\"lazy\" decoding=\"async\" class=\"alignnone wp-image-137661\" src=\"https:\/\/www.tgrthaber.com\/mavikadin\/wp-content\/uploads\/Tom-Holland-Zendaya-4.jpg\" alt=\"\" width=\"1208\" height=\"680\" title=\"\" srcset=\"https:\/\/www.tgrthaber.com\/mavikadin\/wp-content\/uploads\/Tom-Holland-Zendaya-4.jpg 1920w, https:\/\/www.tgrthaber.com\/mavikadin\/wp-content\/uploads\/Tom-Holland-Zendaya-4-300x169.jpg 300w, https:\/\/www.tgrthaber.com\/mavikadin\/wp-content\/uploads\/Tom-Holland-Zendaya-4-1024x576.jpg 1024w, https:\/\/www.tgrthaber.com\/mavikadin\/wp-content\/uploads\/Tom-Holland-Zendaya-4-768x432.jpg 768w, https:\/\/www.tgrthaber.com\/mavikadin\/wp-content\/uploads\/Tom-Holland-Zendaya-4-1536x864.jpg 1536w\" sizes=\"(max-width: 1208px) 100vw, 1208px\" \/><\/p>\n<hr \/>\n<h3>S\u0130NEMASEVERLER MERAKLA BEKL\u0130YOR<\/h3>\n<p>Sinemaseverlerin merakla bekledi\u011fi The Odyssey, Odysseus\u2019un Truva Sava\u015f\u0131 sonras\u0131 evine d\u00f6n\u00fc\u015f yolundaki maceralar\u0131n\u0131 konu al\u0131yor. \u00c7ekimlerine Sicilya\u2019da ba\u015flanacak filmde dikkat \u00e7eken detay ise \u00e7ekimlerin bir k\u0131sm\u0131n\u0131n T\u00fcrkiye\u2019nin Ordu ilindeki Yason Burnu Yar\u0131madas\u0131&#8217;nda yap\u0131lacak olmas\u0131.<\/p>\n<p>Yerel halk\u0131 ve sinema tutkunlar\u0131n\u0131 heyecanland\u0131ran film Yason Burnu\u2019nun tarihi ve Nolan\u2019\u0131n projeye katt\u0131\u011f\u0131 derinlikle birle\u015fince uluslararas\u0131 ilgi oda\u011f\u0131 haline gelmesi bekleniyor.<\/p>\n<p><img loading=\"lazy\" decoding=\"async\" class=\"alignnone wp-image-137662\" src=\"https:\/\/www.tgrthaber.com\/mavikadin\/wp-content\/uploads\/Tom-Holland-Zendaya-3.jpg\" alt=\"\" width=\"1208\" height=\"680\" title=\"\" srcset=\"https:\/\/www.tgrthaber.com\/mavikadin\/wp-content\/uploads\/Tom-Holland-Zendaya-3.jpg 1920w, https:\/\/www.tgrthaber.com\/mavikadin\/wp-content\/uploads\/Tom-Holland-Zendaya-3-300x169.jpg 300w, https:\/\/www.tgrthaber.com\/mavikadin\/wp-content\/uploads\/Tom-Holland-Zendaya-3-1024x576.jpg 1024w, https:\/\/www.tgrthaber.com\/mavikadin\/wp-content\/uploads\/Tom-Holland-Zendaya-3-768x432.jpg 768w, https:\/\/www.tgrthaber.com\/mavikadin\/wp-content\/uploads\/Tom-Holland-Zendaya-3-1536x864.jpg 1536w\" sizes=\"(max-width: 1208px) 100vw, 1208px\" \/><\/p>\n<hr \/>\n<h3>ZENDAYA VE TOM HOLLAND N\u0130\u015eANLANDI<\/h3>\n<p>People dergisinde yer alan habere g\u00f6re; The Challengers y\u0131ld\u0131z\u0131 ve Spiderman oyuncusu ni\u015fanland\u0131. Zendaya&#8217;n\u0131n 2025 Golden Globes gecesine parma\u011f\u0131nda elmas y\u00fcz\u00fckle kat\u0131lmas\u0131 Holland\u2019\u0131n evlenme teklif etti\u011fi s\u00f6ylentilerine neden oldu.<\/p>\n<p>Magazin muhabirleri ilk kez 2021\u2019de \u00d6r\u00fcmcek Adam: Eve D\u00f6n\u00fc\u015f filminde birlikte rol ald\u0131. Tam 5 y\u0131l sonra g\u00f6r\u00fcnt\u00fclenen ikiliden Zendaya, Holland\u2019\u0131n Marvel s\u00fcper kahraman\u0131 olarak y\u0131ld\u0131zla\u015fmas\u0131n\u0131 \u015f\u00f6yle anlatm\u0131\u015ft\u0131: \u201c\u0130kimiz de \u00e7ok, \u00e7ok gen\u00e7tik ama benim kariyerim zaten bir \u015fekilde ilerliyordu, onun kariyeri ise bir gecede de\u011fi\u015fti. Bir g\u00fcn \u00e7ocuk oluyorsun, arkada\u015flar\u0131nla pub\u2019a gidiyorsun, ertesi g\u00fcn ise Spider-Man\u2019sin\u201d demi\u015fti Zendaya, Vogue\u2019a verdi\u011fi r\u00f6portajda. \u201cKesinlikle hayat\u0131n\u0131n de\u011fi\u015fti\u011fini izledim. Ama bunu \u00e7ok g\u00fczel bir \u015fekilde kar\u015f\u0131lad\u0131.\u201d<\/p>\n<p>Holland, Zendaya&#8217;n\u0131n film galalar\u0131na birlikte gitmemeleriyle ilgili olarak, \u201cBu benim an\u0131m de\u011fil, onun an\u0131 ve e\u011fer birlikte gidersek, o zaman bu biziz\u201d demi\u015fti.<\/p>\n","protected":false},"excerpt":{"rendered":"<p>\u2018Tom Holland Zendaya T\u00fcrkiye&#8217;ye ne zaman geliyor?\u2019 merak konusu oldu. \u00c7ekimlerin Ordu\u2019da yap\u0131lmas\u0131 planlanan \u2018The Odyssey\u2019 filmi i\u00e7in Anne Hathaway, Robert Pattinson gibi \u00fcnl\u00fc oyuncular T\u00fcrkiye\u2019ye gelecek.<\/p>\n","protected":false},"author":5,"featured_media":137663,"comment_status":"closed","ping_status":"closed","sticky":false,"template":"","format":"standard","meta":{"rank_math_lock_modified_date":false,"footnotes":""},"categories":[76],"tags":[5725,11810,5724],"class_list":["post-137656","post","type-post","status-publish","format-standard","has-post-thumbnail","hentry","category-magazin","tag-tom-holland","tag-yason-burnu","tag-zendaya"],"_links":{"self":[{"href":"https:\/\/www.tgrthaber.com\/mavikadin\/wp-json\/wp\/v2\/posts\/137656"}],"collection":[{"href":"https:\/\/www.tgrthaber.com\/mavikadin\/wp-json\/wp\/v2\/posts"}],"about":[{"href":"https:\/\/www.tgrthaber.com\/mavikadin\/wp-json\/wp\/v2\/types\/post"}],"author":[{"embeddable":true,"href":"https:\/\/www.tgrthaber.com\/mavikadin\/wp-json\/wp\/v2\/users\/5"}],"replies":[{"embeddable":true,"href":"https:\/\/www.tgrthaber.com\/mavikadin\/wp-json\/wp\/v2\/comments?post=137656"}],"version-history":[{"count":2,"href":"https:\/\/www.tgrthaber.com\/mavikadin\/wp-json\/wp\/v2\/posts\/137656\/revisions"}],"predecessor-version":[{"id":137671,"href":"https:\/\/www.tgrthaber.com\/mavikadin\/wp-json\/wp\/v2\/posts\/137656\/revisions\/137671"}],"wp:featuredmedia":[{"embeddable":true,"href":"https:\/\/www.tgrthaber.com\/mavikadin\/wp-json\/wp\/v2\/media\/137663"}],"wp:attachment":[{"href":"https:\/\/www.tgrthaber.com\/mavikadin\/wp-json\/wp\/v2\/media?parent=137656"}],"wp:term":[{"taxonomy":"category","embeddable":true,"href":"https:\/\/www.tgrthaber.com\/mavikadin\/wp-json\/wp\/v2\/categories?post=137656"},{"taxonomy":"post_tag","embeddable":true,"href":"https:\/\/www.tgrthaber.com\/mavikadin\/wp-json\/wp\/v2\/tags?post=137656"}],"curies":[{"name":"wp","href":"https:\/\/api.w.org\/{rel}","templated":true}]}}