{"id":137759,"date":"2025-02-24T20:46:57","date_gmt":"2025-02-24T17:46:57","guid":{"rendered":"https:\/\/www.tgrthaber.com\/mavikadin\/?p=137759"},"modified":"2025-02-24T20:46:57","modified_gmt":"2025-02-24T17:46:57","slug":"kral-amalrik-kimdir-kudus-fatihi-selahaddin-eyyubi-dizisinde-oynayan-devrim-evin-nereli-kac-yasinda","status":"publish","type":"post","link":"https:\/\/www.tgrthaber.com\/mavikadin\/kral-amalrik-kimdir-kudus-fatihi-selahaddin-eyyubi-dizisinde-oynayan-devrim-evin-nereli-kac-yasinda\/","title":{"rendered":"Kral Amalrik kimdir? Kudu\u0308s Fatihi Selahaddin Eyyubi dizisinde oynayan Devrim Evin nereli, kac\u0327 yas\u0327\u0131nda?"},"content":{"rendered":"<p>TRT 1 ekranlar\u0131nda Pazartesi g\u00fcn\u00fc yay\u0131nlanan tarihi dizisi Kudu\u0308s Fatihi Selahaddin Eyyubi, g\u00fc\u00e7l\u00fc oyuncu kadrosu ile izleyenlerin be\u011fenisini kazand\u0131. \u0130lerleyen b\u00f6l\u00fcmlerde dahil olan yeni oyuncularla dizinin kadrosu daha g\u00fc\u00e7l\u00fc hale geliyor. Kudu\u0308s Fatihi Selahaddin Eyyubi dizisinde \u00f6nemli karakterlerden biri olan Kral Amalrik rol\u00fcn\u00fc Devrim Evin oynuyor. \u00dcnl\u00fc oyuncunun tarihi yap\u0131mlardaki g\u00fc\u00e7l\u00fc oyuncu performans\u0131yla izleyenlerden olumlu etkiler al\u0131yor. Peki, Kral Amalrik rol\u00fcn\u00fc oynayan Devrim Evin kimdir? Ka\u00e7 ya\u015f\u0131ndad\u0131r? Devrim Evin hangi dizi ve filmlerde oynad\u0131?<\/p>\n<h3>KRAL AMALR\u0130K ROL\u00dcNDEK\u0130 DEVR\u0130M EV\u0130N K\u0130MD\u0130R? KA\u00c7 YA\u015eINDADIR?<\/h3>\n<p>\u00dcnl\u00fc oyuncu Devrim Evin 12 Kas\u0131m 1978\u2019de d\u00fcnyaya geldi. Ad\u0131yaman\u2019l\u0131 olan \u00fcnl\u00fc oyuncu hayat\u0131n\u0131 \u0130stanbul\u2019da devam ettirmektedir. 47 ya\u015f\u0131nda T\u00fcrk sinema ve tiyatro oyuncusu olan Devrim Evin, Hacettepe \u00dcniversitesi Devlet Konservatuvar\u0131 Oyunculuk B\u00f6l\u00fcm\u00fcnden birincilikle mezun oldu. 2003 y\u0131l\u0131nda Eski\u015fehir \u015eehir Tiyatrolar\u0131&#8217;na, 2005&#8217;te ise Adana Devlet Tiyatrosu&#8217;na girerek tiyatro alan\u0131nda ilerlemeye devam etti.<\/p>\n<p><img loading=\"lazy\" decoding=\"async\" class=\"alignnone wp-image-137764\" src=\"https:\/\/www.tgrthaber.com\/mavikadin\/wp-content\/uploads\/kral-almarik-devrim-evin-kimdir-300x169.jpg\" alt=\"kral almarik devrim evin kimdir\" width=\"1208\" height=\"680\" title=\"\" srcset=\"https:\/\/www.tgrthaber.com\/mavikadin\/wp-content\/uploads\/kral-almarik-devrim-evin-kimdir-300x169.jpg 300w, https:\/\/www.tgrthaber.com\/mavikadin\/wp-content\/uploads\/kral-almarik-devrim-evin-kimdir-1024x576.jpg 1024w, https:\/\/www.tgrthaber.com\/mavikadin\/wp-content\/uploads\/kral-almarik-devrim-evin-kimdir-768x432.jpg 768w, https:\/\/www.tgrthaber.com\/mavikadin\/wp-content\/uploads\/kral-almarik-devrim-evin-kimdir-1536x864.jpg 1536w, https:\/\/www.tgrthaber.com\/mavikadin\/wp-content\/uploads\/kral-almarik-devrim-evin-kimdir.jpg 1920w\" sizes=\"(max-width: 1208px) 100vw, 1208px\" \/><\/p>\n<hr \/>\n<h3>DEVR\u0130M EV\u0130N KAR\u0130YER\u0130<\/h3>\n<p>Hayat\u0131nda bir\u00e7ok tiyatro oyununda yer alan Devrim Evin, yap\u0131mc\u0131l\u0131\u011f\u0131n\u0131 ve y\u00f6netmenli\u011fini Faruk Aksoy&#8217;un \u00fcstlendi\u011fi, 16 \u015eubat 2012&#8217;de vizyona giren Fetih 1453 filminde Fatih Sultan Mehmet karakterini oynayarak oyunculuk alan\u0131nda t\u00fcm g\u00f6zleri \u00fczerine \u00e7ekti. Devrim Ekin\u2019in oyunculuk alan\u0131nda k\u0131r\u0131lma noktas\u0131 ya\u015fad\u0131\u011f\u0131 filmlerden biridir. 2014 y\u0131l\u0131nda vizyona giren Yunus Emre: A\u015fk\u0131n Sesi filminde Yunus Emre karakterini oynayarak tarihi yap\u0131mlardaki karakterleri oynamaya devam etti.\u00a0 Devrim Evin, TRT 1&#8217;de yay\u0131mlanan Barbaroslar: Akdeniz&#8217;in K\u0131l\u0131c\u0131 dizisinde Antuan karakterini oynad\u0131.<\/p>\n<h3>DEVR\u0130M EV\u0130N\u2019\u0130N OYNADI\u011eI F\u0130LM VE D\u0130Z\u0130LER<\/h3>\n<p><strong>Film<\/strong><\/p>\n<ul>\n<li>2012 Fetih 1453 &#8211; II. Mehmed<\/li>\n<li>2014 Yunus Emre: A\u015fk\u0131n Sesi\u00a0 Yunus Emre<\/li>\n<li>2018 The Scar<\/li>\n<\/ul>\n<p><strong>Diziler<\/strong><\/p>\n<ul>\n<li>2005 Kale \u0130\u00e7i\u00a0 Sipsi<\/li>\n<li>2005 \u0130ki Arada A\u015fk<\/li>\n<li>2007 Su\u00e7 Dosyas\u0131\u00a0\u00a0\u00a0\u00a0\u00a0\u00a0\u00a0 &#8211;<\/li>\n<li>2014 Her Sevda Bir Veda &#8211; Turgut<\/li>\n<li>2021-2022 Barbaroslar: Akdeniz&#8217;in K\u0131l\u0131c\u0131 &#8211; Antuan \/ Murad<\/li>\n<li>2024- Kud\u00fcs Fatihi Selahaddin Eyyubi &#8211; I. Amalrik<\/li>\n<\/ul>\n","protected":false},"excerpt":{"rendered":"<p>Kudu\u0308s Fatihi Selahaddin Eyyubi dizisinde Kral Amalrik rol\u00fcn\u00fc oynayan Devrim Evin, sahneledi\u011fi performansla diziye damga vuruyor. Peki, Kral Amalrik rol\u00fcn\u00fc oynayan Devrim Evin kimdir? Ka\u00e7 ya\u015f\u0131ndad\u0131r? Devrim Evin hangi dizi ve filmlerde oynad\u0131?<\/p>\n","protected":false},"author":10,"featured_media":137765,"comment_status":"closed","ping_status":"closed","sticky":false,"template":"","format":"standard","meta":{"rank_math_lock_modified_date":false,"footnotes":""},"categories":[491],"tags":[3374,11840,11839,11838],"class_list":["post-137759","post","type-post","status-publish","format-standard","has-post-thumbnail","hentry","category-biyografi","tag-biyografi","tag-devrim-evin","tag-kral-almarik-kim","tag-kral-amalrik-rolunu-oynayan-devrim-evin-kimdir"],"_links":{"self":[{"href":"https:\/\/www.tgrthaber.com\/mavikadin\/wp-json\/wp\/v2\/posts\/137759"}],"collection":[{"href":"https:\/\/www.tgrthaber.com\/mavikadin\/wp-json\/wp\/v2\/posts"}],"about":[{"href":"https:\/\/www.tgrthaber.com\/mavikadin\/wp-json\/wp\/v2\/types\/post"}],"author":[{"embeddable":true,"href":"https:\/\/www.tgrthaber.com\/mavikadin\/wp-json\/wp\/v2\/users\/10"}],"replies":[{"embeddable":true,"href":"https:\/\/www.tgrthaber.com\/mavikadin\/wp-json\/wp\/v2\/comments?post=137759"}],"version-history":[{"count":2,"href":"https:\/\/www.tgrthaber.com\/mavikadin\/wp-json\/wp\/v2\/posts\/137759\/revisions"}],"predecessor-version":[{"id":137767,"href":"https:\/\/www.tgrthaber.com\/mavikadin\/wp-json\/wp\/v2\/posts\/137759\/revisions\/137767"}],"wp:featuredmedia":[{"embeddable":true,"href":"https:\/\/www.tgrthaber.com\/mavikadin\/wp-json\/wp\/v2\/media\/137765"}],"wp:attachment":[{"href":"https:\/\/www.tgrthaber.com\/mavikadin\/wp-json\/wp\/v2\/media?parent=137759"}],"wp:term":[{"taxonomy":"category","embeddable":true,"href":"https:\/\/www.tgrthaber.com\/mavikadin\/wp-json\/wp\/v2\/categories?post=137759"},{"taxonomy":"post_tag","embeddable":true,"href":"https:\/\/www.tgrthaber.com\/mavikadin\/wp-json\/wp\/v2\/tags?post=137759"}],"curies":[{"name":"wp","href":"https:\/\/api.w.org\/{rel}","templated":true}]}}