{"id":137796,"date":"2025-02-24T22:01:53","date_gmt":"2025-02-24T19:01:53","guid":{"rendered":"https:\/\/www.tgrthaber.com\/mavikadin\/?p=137796"},"modified":"2025-02-24T22:01:53","modified_gmt":"2025-02-24T19:01:53","slug":"teskilat-dizisinin-eski-kadrosu-bir-araya-geldi-ozlenen-anlar","status":"publish","type":"post","link":"https:\/\/www.tgrthaber.com\/mavikadin\/teskilat-dizisinin-eski-kadrosu-bir-araya-geldi-ozlenen-anlar\/","title":{"rendered":"Te\u015fkilat dizisinin eski kadrosu bir araya geldi! \u00d6zlenen anlar"},"content":{"rendered":"<p>TRT&#8217;nin dijital platformu Tabii&#8217;nin lansman\u0131 bu ak\u015fam Dubai&#8217;deki Grand Hyatt Dubai Hotel\u2019de d\u00fczenleniyor. Bir\u00e7ok \u00fcnl\u00fc ismin yer ald\u0131\u011f\u0131 lansmanda Te\u015fkilat dizisinin oyuncular\u0131 bir araya geldi. Oyuncular\u0131 birbirleriyle hasret giderdi\u011fi anlar sosyal medyada g\u00fcndem oldu.<\/p>\n<h3>TE\u015eK\u0130LAT D\u0130Z\u0130S\u0130N\u0130N ESK\u0130 KADROSU B\u0130R ARAYA GELD\u0130<\/h3>\n<p>T\u00fcrkiye&#8217;de son d\u00f6nemdeki yap\u0131mlar\u0131yla s\u0131k\u00e7a g\u00fcndeme gelen TRT&#8217;nin dijital platformu Tabii, Dubai&#8217;de d\u00fczenledi\u011fi lansmanla uluslararas\u0131 alandaki etkinli\u011fini de art\u0131rmay\u0131 hedefliyor. Bir\u00e7ok \u00fcnl\u00fc isme ev sahipli\u011fi yapan lansmanda y\u0131ld\u0131zlar ge\u00e7idi ya\u015fand\u0131.<\/p>\n<p><img loading=\"lazy\" decoding=\"async\" class=\"alignnone wp-image-137804\" src=\"https:\/\/www.tgrthaber.com\/mavikadin\/wp-content\/uploads\/deniz-baysal-ezgi-300x169.jpg\" alt=\"\" width=\"1280\" height=\"720\" title=\"\" srcset=\"https:\/\/www.tgrthaber.com\/mavikadin\/wp-content\/uploads\/deniz-baysal-ezgi-300x169.jpg 300w, https:\/\/www.tgrthaber.com\/mavikadin\/wp-content\/uploads\/deniz-baysal-ezgi-1024x576.jpg 1024w, https:\/\/www.tgrthaber.com\/mavikadin\/wp-content\/uploads\/deniz-baysal-ezgi-768x432.jpg 768w, https:\/\/www.tgrthaber.com\/mavikadin\/wp-content\/uploads\/deniz-baysal-ezgi.jpg 1280w\" sizes=\"(max-width: 1280px) 100vw, 1280px\" \/><\/p>\n<hr \/>\n<p>Son d\u00f6nemdeki at\u0131l\u0131mlar\u0131yla e\u011flence sekt\u00f6r\u00fcnde ad\u0131ndan s\u00f6z ettirmeye ba\u015flayan TRT&#8217;nin dijital platformu Tabii&#8217;nin lansman\u0131nda Te\u015fkilat dizisinin oyuncular\u0131 bir araya gelerek hasret giderdi.<\/p>\n<p>Te\u015fkilat dizisinin eski oyuncular\u0131, efsane gecede birlikteydi. Ezgi \u015eenler ve Deniz Baysal gala gecesinde g\u00f6r\u00fcnt\u00fcler payla\u015ft\u0131.<\/p>\n<h3>DUBA\u0130&#8217;DE YILDIZLAR GE\u00c7\u0130D\u0130<\/h3>\n<p>Tabii&#8217;nin Dubai&#8217;de d\u00fczenledi\u011fi ve platformun ad\u0131n\u0131 uluslararas\u0131 alana ta\u015f\u0131yaca\u011f\u0131 kilometre ta\u015flar\u0131ndan olan lansmanda resmen y\u0131ld\u0131zlar ge\u00e7idi ya\u015fand\u0131.<\/p>\n<p><img loading=\"lazy\" decoding=\"async\" class=\"alignnone wp-image-137805\" src=\"https:\/\/www.tgrthaber.com\/mavikadin\/wp-content\/uploads\/tabii-300x169.jpg\" alt=\"\" width=\"1280\" height=\"720\" title=\"\" srcset=\"https:\/\/www.tgrthaber.com\/mavikadin\/wp-content\/uploads\/tabii-300x169.jpg 300w, https:\/\/www.tgrthaber.com\/mavikadin\/wp-content\/uploads\/tabii-1024x576.jpg 1024w, https:\/\/www.tgrthaber.com\/mavikadin\/wp-content\/uploads\/tabii-768x432.jpg 768w, https:\/\/www.tgrthaber.com\/mavikadin\/wp-content\/uploads\/tabii.jpg 1280w\" sizes=\"(max-width: 1280px) 100vw, 1280px\" \/><\/p>\n<hr \/>\n<p>Lansmanda; U\u011fur G\u00fcne\u015f, Ahmet Kural, Cansu Dere, \u0130brahim \u00c7elikkol, Ozan G\u00fcven, Hande Soral, Murat Y\u0131ld\u0131r\u0131m, Berk Oktay, Serkan \u00c7ayo\u011flu, \u00d6zge G\u00fcrel,\u00a0 Mert Turak, \u0130lhan \u015een, \u0130pek Tuzcuo\u011flu, Selim Bayraktar, Birkan Sokullu, Cihangir Ceyhan, Zafer Alg\u00f6z, Devrim \u00d6zkan, B\u00fclent \u0130nal, Deniz Baysal, Oktay \u00c7ubuk, U\u011fur Arslan, Hande Do\u011fandemir, G\u00fclsim Ali, Damla S\u00f6nmez, Hilmicem \u0130ntepe, Cem Gelinlio\u011flu, Bahar \u015eahin, Burak Serdar \u015eanal, Ezgi \u015eenler, Kaan Alp Day\u0131 gibi isimler yer ald\u0131.<\/p>\n<p><img loading=\"lazy\" decoding=\"async\" class=\"alignnone wp-image-137807\" src=\"https:\/\/www.tgrthaber.com\/mavikadin\/wp-content\/uploads\/tabii-platform-300x169.jpg\" alt=\"\" width=\"1280\" height=\"720\" title=\"\" srcset=\"https:\/\/www.tgrthaber.com\/mavikadin\/wp-content\/uploads\/tabii-platform-300x169.jpg 300w, https:\/\/www.tgrthaber.com\/mavikadin\/wp-content\/uploads\/tabii-platform-1024x576.jpg 1024w, https:\/\/www.tgrthaber.com\/mavikadin\/wp-content\/uploads\/tabii-platform-768x432.jpg 768w, https:\/\/www.tgrthaber.com\/mavikadin\/wp-content\/uploads\/tabii-platform.jpg 1280w\" sizes=\"(max-width: 1280px) 100vw, 1280px\" \/><\/p>\n<hr \/>\n<h3>TAB\u0130\u0130\u2019DEN KISA ZAMANDA B\u00dcY\u00dcK \u0130\u015eLER<\/h3>\n<p>2023\u2019\u00fcn May\u0131s ay\u0131nda kurulan TRT\u2019nin dijital platformu Tabii, k\u0131sa bir zaman i\u00e7erisinde bir\u00e7ok b\u00fcy\u00fck ve ilgi \u00e7eken i\u015fe imza atarak ad\u0131ndan s\u0131k\u00e7a s\u00f6z ettirdi. Ba\u015far\u0131l\u0131 yap\u0131mlar\u0131yla \u00f6n plana \u00e7\u0131kan platform, uluslararas\u0131 alanda da faaliyet g\u00f6sterecek. T\u00fcrk dizilerinin d\u00fcnya taraf\u0131ndan be\u011feniyle takip edilmesi, Tabii\u2019nin de \u00f6n\u00fcn\u00fc a\u00e7acak \u00f6nemli geli\u015fmelerden biri olarak g\u00f6r\u00fcl\u00fcyor.<\/p>\n","protected":false},"excerpt":{"rendered":"<p>TRT&#8217;nin dijital platformu Tabii&#8217;nin Dubai&#8217;deki lansman\u0131, y\u0131ld\u0131zlar ge\u00e7idine d\u00f6n\u00fc\u015ft\u00fc. Birbirinden ba\u015far\u0131l\u0131 ve \u00fcnl\u00fc oyuncular\u0131n yer ald\u0131\u011f\u0131 lansmanda Te\u015fkilat dizisi oyuncular\u0131 bir araya geldi. Dizinin oyuncular\u0131 Ezgi \u015eenler ve Deniz Baysal lansmanda bulu\u015farak hasret giderdi. <\/p>\n","protected":false},"author":33,"featured_media":137806,"comment_status":"closed","ping_status":"closed","sticky":false,"template":"","format":"standard","meta":{"rank_math_lock_modified_date":false,"footnotes":""},"categories":[76],"tags":[2848,163,11858,5608],"class_list":["post-137796","post","type-post","status-publish","format-standard","has-post-thumbnail","hentry","category-magazin","tag-deniz-baysal","tag-ezgi-senler","tag-tabii-dubai-lansmani","tag-teskilat-dizisi"],"_links":{"self":[{"href":"https:\/\/www.tgrthaber.com\/mavikadin\/wp-json\/wp\/v2\/posts\/137796"}],"collection":[{"href":"https:\/\/www.tgrthaber.com\/mavikadin\/wp-json\/wp\/v2\/posts"}],"about":[{"href":"https:\/\/www.tgrthaber.com\/mavikadin\/wp-json\/wp\/v2\/types\/post"}],"author":[{"embeddable":true,"href":"https:\/\/www.tgrthaber.com\/mavikadin\/wp-json\/wp\/v2\/users\/33"}],"replies":[{"embeddable":true,"href":"https:\/\/www.tgrthaber.com\/mavikadin\/wp-json\/wp\/v2\/comments?post=137796"}],"version-history":[{"count":1,"href":"https:\/\/www.tgrthaber.com\/mavikadin\/wp-json\/wp\/v2\/posts\/137796\/revisions"}],"predecessor-version":[{"id":137808,"href":"https:\/\/www.tgrthaber.com\/mavikadin\/wp-json\/wp\/v2\/posts\/137796\/revisions\/137808"}],"wp:featuredmedia":[{"embeddable":true,"href":"https:\/\/www.tgrthaber.com\/mavikadin\/wp-json\/wp\/v2\/media\/137806"}],"wp:attachment":[{"href":"https:\/\/www.tgrthaber.com\/mavikadin\/wp-json\/wp\/v2\/media?parent=137796"}],"wp:term":[{"taxonomy":"category","embeddable":true,"href":"https:\/\/www.tgrthaber.com\/mavikadin\/wp-json\/wp\/v2\/categories?post=137796"},{"taxonomy":"post_tag","embeddable":true,"href":"https:\/\/www.tgrthaber.com\/mavikadin\/wp-json\/wp\/v2\/tags?post=137796"}],"curies":[{"name":"wp","href":"https:\/\/api.w.org\/{rel}","templated":true}]}}