{"id":137841,"date":"2025-02-24T23:15:37","date_gmt":"2025-02-24T20:15:37","guid":{"rendered":"https:\/\/www.tgrthaber.com\/mavikadin\/?p=137841"},"modified":"2025-02-24T23:22:32","modified_gmt":"2025-02-24T20:22:32","slug":"mujdat-gezenin-esi-leyla-gezen-kimdir-meslegi-ne","status":"publish","type":"post","link":"https:\/\/www.tgrthaber.com\/mavikadin\/mujdat-gezenin-esi-leyla-gezen-kimdir-meslegi-ne\/","title":{"rendered":"M\u00fcjdat Gezen&#8217;in e\u015fi Leyla Gezen kimdir, mesle\u011fi ne?"},"content":{"rendered":"<p class=\"p1\">T\u00fcrk tiyatro ve sinema d\u00fcnyas\u0131n\u0131n usta isimlerinden biri olan M\u00fcjdat Gezen, sanat hayat\u0131ndaki ba\u015far\u0131lar\u0131n\u0131n yan\u0131 s\u0131ra \u00f6zel ya\u015fam\u0131yla da merak edilen isimler aras\u0131nda yer al\u0131yor. Uzun y\u0131llard\u0131r sanat\u0131n farkl\u0131 dallar\u0131nda \u00fcretken bir kariyer s\u00fcrd\u00fcren Gezen, hayranlar\u0131 taraf\u0131ndan yak\u0131ndan takip ediliyor. Ancak, son zamanlarda M\u00fcjdat Gezen\u2019in e\u015fi kimdir? Leyla Turgut kimdir? gibi sorular s\u0131k\u00e7a ara\u015ft\u0131r\u0131lmaya ba\u015fland\u0131. Sanat\u00e7\u0131n\u0131n \u00f6zel hayat\u0131na dair merak edilen t\u00fcm detaylar\u0131 sizin i\u00e7in derledik.<\/p>\n<h3 class=\"p1\"><b>M\u00dcJDAT GEZEN\u2019\u0130N E\u015e\u0130 LEYLA TURGUT GEZEN K\u0130MD\u0130R?<\/b><b><\/b><\/h3>\n<p class=\"p1\">M\u00fcjdat Gezen\u2019in e\u015fi olan Leyla Turgut, sanat d\u00fcnyas\u0131n\u0131n d\u0131\u015f\u0131nda, kamuoyuna fazla yans\u0131mayan \u00f6zel bir hayat s\u00fcrmektedir. 1988 y\u0131l\u0131ndan bu yana Gezen ile mutlu bir evlilik s\u00fcrd\u00fcren Turgut, sanat camias\u0131n\u0131n g\u00f6z \u00f6n\u00fcnde olmayan isimlerinden biridir.<\/p>\n<p><img loading=\"lazy\" decoding=\"async\" class=\"alignnone wp-image-137852 \" src=\"https:\/\/www.tgrthaber.com\/mavikadin\/wp-content\/uploads\/Ekran-Resmi-2025-02-24-23.05.45.png\" alt=\"\" width=\"988\" height=\"753\" title=\"\" srcset=\"https:\/\/www.tgrthaber.com\/mavikadin\/wp-content\/uploads\/Ekran-Resmi-2025-02-24-23.05.45.png 884w, https:\/\/www.tgrthaber.com\/mavikadin\/wp-content\/uploads\/Ekran-Resmi-2025-02-24-23.05.45-300x229.png 300w, https:\/\/www.tgrthaber.com\/mavikadin\/wp-content\/uploads\/Ekran-Resmi-2025-02-24-23.05.45-768x586.png 768w\" sizes=\"(max-width: 988px) 100vw, 988px\" \/><\/p>\n<hr \/>\n<p class=\"p1\">\u00c7iftin ortak bir \u00e7ocuklar\u0131 bulunmamaktad\u0131r, ancak M\u00fcjdat Gezen\u2019in \u00f6nceki evlili\u011finden bir \u00e7ocu\u011fu vard\u0131r. \u00d6zel hayatlar\u0131n\u0131 medyadan uzak tutmay\u0131 tercih eden \u00e7ift, zaman zaman yapt\u0131klar\u0131 a\u00e7\u0131klamalarla g\u00fcndeme gelmektedir. Son olarak, Gezen ve e\u015fi evlat edinme konusu ile g\u00fcndeme gelmi\u015fti. M\u00fcjdat Gezen, e\u015fi Leyla Turgut\u2019un anne olmay\u0131 \u00e7ok istedi\u011fini ve deprem b\u00f6lgesinde ailesini kaybeden bir \u00e7ocu\u011fu evlat edinmeyi planlad\u0131klar\u0131n\u0131 a\u00e7\u0131klam\u0131\u015ft\u0131. Bu a\u00e7\u0131klama, sanat\u00e7\u0131n\u0131n hayranlar\u0131 taraf\u0131ndan b\u00fcy\u00fck ilgiyle kar\u015f\u0131lanm\u0131\u015ft\u0131.<\/p>\n<h3>M\u00dcJDAT GEZEN&#8217;\u0130N E\u015e\u0130N\u0130N MESLE\u011e\u0130 NE?<\/h3>\n<p class=\"p1\">M\u00fcjdat Gezen\u2019in e\u015fi Leyla Turgut, Mimar Sinan \u00dcniversitesi\u2019nde e\u011fitim alm\u0131\u015f ve buradan birincilikle mezun olmu\u015ftur. E\u011fitimini tamamlad\u0131ktan sonra, sahne ve kost\u00fcm tasar\u0131m\u0131 alan\u0131nda \u00e7al\u0131\u015farak, M\u00fcjdat Gezen\u2019in projelerinde \u00f6nemli katk\u0131larda bulunmu\u015ftur. Ayr\u0131ca, birlikte tiyatro e\u011fitmenli\u011fi yaparak, gen\u00e7 yeteneklerin yeti\u015fmesine destek vermektedir.<\/p>\n<h3>M\u00dcJDAT GEZEN K\u0130MD\u0130R?<\/h3>\n<p class=\"p1\">T\u00fcrk tiyatro ve sinema d\u00fcnyas\u0131n\u0131n en \u00f6nemli isimlerinden biri olan M\u00fcjdat Gezen, y\u0131llard\u0131r sahne ve ekranlarda sanatseverlerle bulu\u015fmaya devam ediyor. Tiyatro oyuncusu, \u015fair, e\u011fitmen ve yazar kimli\u011fiyle bir\u00e7ok farkl\u0131 alanda eserler veren Gezen, sanat hayat\u0131na k\u00fc\u00e7\u00fck ya\u015flarda ad\u0131m att\u0131.<\/p>\n<p><img loading=\"lazy\" decoding=\"async\" class=\"alignnone wp-image-137854 \" src=\"https:\/\/www.tgrthaber.com\/mavikadin\/wp-content\/uploads\/Ekran-Resmi-2025-02-24-23.07.48.png\" alt=\"\" width=\"996\" height=\"580\" title=\"\" srcset=\"https:\/\/www.tgrthaber.com\/mavikadin\/wp-content\/uploads\/Ekran-Resmi-2025-02-24-23.07.48.png 914w, https:\/\/www.tgrthaber.com\/mavikadin\/wp-content\/uploads\/Ekran-Resmi-2025-02-24-23.07.48-300x175.png 300w, https:\/\/www.tgrthaber.com\/mavikadin\/wp-content\/uploads\/Ekran-Resmi-2025-02-24-23.07.48-768x447.png 768w\" sizes=\"(max-width: 996px) 100vw, 996px\" \/><\/p>\n<hr \/>\n<p class=\"p1\">29 Ekim 1943\u2019te \u0130stanbul\u2019da do\u011fan M\u00fcjdat Gezen, \u00e7ocukluk y\u0131llar\u0131nda sahneyle tan\u0131\u015farak sanata olan ilgisini erken ya\u015fta ke\u015ffetti. Hen\u00fcz 10 ya\u015f\u0131ndayken okul tiyatrolar\u0131nda sahne alan Gezen, ayn\u0131 d\u00f6nemde \u015fiirlerini edebiyat dergilerinde yay\u0131mlamaya ba\u015flad\u0131. \u0130stanbul Radyosu \u00c7ocuk Kul\u00fcb\u00fc\u2019nde mikrofonla tan\u0131\u015farak sanat kariyerine farkl\u0131 bir boyut kazand\u0131rd\u0131. Lise e\u011fitimini Vefa Lisesi\u2019nde tamamlayan sanat\u00e7\u0131, 1961 y\u0131l\u0131nda \u0130stanbul Belediyesi Konservatuvar\u0131 Tiyatro B\u00f6l\u00fcm\u00fc\u2019ne giri\u015f yapt\u0131. Profesyonel oyunculu\u011fa 1960 y\u0131l\u0131nda \u0130stanbul Belediyesi \u015eehir Tiyatrolar\u0131\u2019nda ba\u015flad\u0131 ve bu d\u00f6nemde tiyatronun \u00e7e\u015fitli kollar\u0131nda aktif rol ald\u0131.<\/p>\n<p><img loading=\"lazy\" decoding=\"async\" class=\"alignnone wp-image-137853 \" src=\"https:\/\/www.tgrthaber.com\/mavikadin\/wp-content\/uploads\/Ekran-Resmi-2025-02-24-23.06.21.png\" alt=\"\" width=\"990\" height=\"578\" title=\"\" srcset=\"https:\/\/www.tgrthaber.com\/mavikadin\/wp-content\/uploads\/Ekran-Resmi-2025-02-24-23.06.21.png 952w, https:\/\/www.tgrthaber.com\/mavikadin\/wp-content\/uploads\/Ekran-Resmi-2025-02-24-23.06.21-300x175.png 300w, https:\/\/www.tgrthaber.com\/mavikadin\/wp-content\/uploads\/Ekran-Resmi-2025-02-24-23.06.21-768x449.png 768w\" sizes=\"(max-width: 990px) 100vw, 990px\" \/><\/p>\n<hr \/>\n<p class=\"p1\">1963 y\u0131l\u0131nda \u00f6zel tiyatro \u00e7al\u0131\u015fmalar\u0131na ad\u0131m atan Gezen, M\u00fcnir \u00d6zkul ve Muammer Karaca gibi isimlerle birlikte \u00e7al\u0131\u015ft\u0131. Halk Oyuncular\u0131 grubunu kurarak, kendi tiyatro anlay\u0131\u015f\u0131n\u0131 olu\u015fturmaya ba\u015flad\u0131. 1968 y\u0131l\u0131nda kendi \u00f6zel tiyatrosunu kuran sanat\u00e7\u0131, ayn\u0131 d\u00f6nemde sinema d\u00fcnyas\u0131na da ad\u0131m atarak 1962\u2019de ilk filmini \u00e7ekti.<\/p>\n","protected":false},"excerpt":{"rendered":"<p>T\u00fcrk tiyatro ve sinemas\u0131n\u0131n \u00f6nemli isimlerinden biri olan M\u00fcjdat Gezen, uzun y\u0131llard\u0131r sanat d\u00fcnyas\u0131nda ba\u015far\u0131l\u0131 projelere imza atan \u00f6nemli isimlerden biri.  Hem oyunculuk hem de e\u011fitmen kimli\u011fiyle tan\u0131nan Gezen, sanatseverler taraf\u0131ndan b\u00fcy\u00fck ilgi g\u00f6r\u00fcyor. Son zamanlarda ise \u00f6zel hayat\u0131 ve e\u015fiyle ilgili merak edilen sorular g\u00fcndeme geldi. Peki M\u00fcjdat Gezen&#8217;in e\u015fi kim, mesle\u011fi ne? \u0130\u015fte detaylar.. <\/p>\n","protected":false},"author":16,"featured_media":137863,"comment_status":"closed","ping_status":"closed","sticky":false,"template":"","format":"standard","meta":{"rank_math_lock_modified_date":false,"footnotes":""},"categories":[491],"tags":[11874,11875,11876],"class_list":["post-137841","post","type-post","status-publish","format-standard","has-post-thumbnail","hentry","category-biyografi","tag-mujdat-gezen-esi-kimdir","tag-mujdat-gezen-esi-leyla-turgut-kimdir","tag-mujdat-gezen-esi-meslegi"],"_links":{"self":[{"href":"https:\/\/www.tgrthaber.com\/mavikadin\/wp-json\/wp\/v2\/posts\/137841"}],"collection":[{"href":"https:\/\/www.tgrthaber.com\/mavikadin\/wp-json\/wp\/v2\/posts"}],"about":[{"href":"https:\/\/www.tgrthaber.com\/mavikadin\/wp-json\/wp\/v2\/types\/post"}],"author":[{"embeddable":true,"href":"https:\/\/www.tgrthaber.com\/mavikadin\/wp-json\/wp\/v2\/users\/16"}],"replies":[{"embeddable":true,"href":"https:\/\/www.tgrthaber.com\/mavikadin\/wp-json\/wp\/v2\/comments?post=137841"}],"version-history":[{"count":4,"href":"https:\/\/www.tgrthaber.com\/mavikadin\/wp-json\/wp\/v2\/posts\/137841\/revisions"}],"predecessor-version":[{"id":137870,"href":"https:\/\/www.tgrthaber.com\/mavikadin\/wp-json\/wp\/v2\/posts\/137841\/revisions\/137870"}],"wp:featuredmedia":[{"embeddable":true,"href":"https:\/\/www.tgrthaber.com\/mavikadin\/wp-json\/wp\/v2\/media\/137863"}],"wp:attachment":[{"href":"https:\/\/www.tgrthaber.com\/mavikadin\/wp-json\/wp\/v2\/media?parent=137841"}],"wp:term":[{"taxonomy":"category","embeddable":true,"href":"https:\/\/www.tgrthaber.com\/mavikadin\/wp-json\/wp\/v2\/categories?post=137841"},{"taxonomy":"post_tag","embeddable":true,"href":"https:\/\/www.tgrthaber.com\/mavikadin\/wp-json\/wp\/v2\/tags?post=137841"}],"curies":[{"name":"wp","href":"https:\/\/api.w.org\/{rel}","templated":true}]}}