{"id":137919,"date":"2025-02-25T00:45:40","date_gmt":"2025-02-24T21:45:40","guid":{"rendered":"https:\/\/www.tgrthaber.com\/mavikadin\/?p=137919"},"modified":"2025-02-25T00:45:40","modified_gmt":"2025-02-24T21:45:40","slug":"blackpink-turkiyeye-mi-geliyor-blackpink-dunya-turunda-hangi-ulkelere-gidecek","status":"publish","type":"post","link":"https:\/\/www.tgrthaber.com\/mavikadin\/blackpink-turkiyeye-mi-geliyor-blackpink-dunya-turunda-hangi-ulkelere-gidecek\/","title":{"rendered":"Blackpink T\u00fcrkiye&#8217;ye mi geliyor? Blackpink d\u00fcnya turunda hangi \u00fclkelere gidecek?"},"content":{"rendered":"<p>T\u00fcrkiye&#8217;den de hat\u0131r\u0131 say\u0131l\u0131r bir dinleyici kitlesine sahip olan d\u00fcnyaca \u00fcnl\u00fc K-Pop grubu Blackpink&#8217;in 2025-2026 y\u0131llar\u0131 aras\u0131nda d\u00fcnya turuna \u00e7\u0131kaca\u011f\u0131 a\u00e7\u0131kland\u0131. Bir s\u00fcredir solo performanslarla \u00f6ne \u00e7\u0131kan grup \u00fcyeleri Jisoo, Jennie, Lisa ve Ros\u00e9&#8217;nin\u00a0 tekrar bir araya gelerek d\u00fcnyan\u0131n d\u00f6rt bir yan\u0131nda konserler verece\u011fi duyuruldu.<\/p>\n<h3>BLACKP\u0130NK T\u00dcRK\u0130YE&#8217;YE M\u0130 GEL\u0130YOR?<\/h3>\n<p>2025 Temmuz ay\u0131ndan itibaren 2026&#8217;ya kadar d\u00fcnyan\u0131n d\u00f6rt bir yan\u0131ndaki 10 farkl\u0131 \u015fehre gidip konserler verecek olan G\u00fcney Koreli k\u0131z \u015fark\u0131 grubu Blackpink&#8217;in turne listesi yay\u0131nland\u0131. Y\u0131l\u0131n en b\u00fcy\u00fck konser etkinliklerinden biri olacak turnede grup \u00fcyeleri yine bir arada olacak.<\/p>\n<p><img loading=\"lazy\" decoding=\"async\" class=\"alignnone wp-image-137921\" src=\"https:\/\/www.tgrthaber.com\/mavikadin\/wp-content\/uploads\/konser-blackpink-300x169.jpg\" alt=\"\" width=\"1280\" height=\"720\" title=\"\" srcset=\"https:\/\/www.tgrthaber.com\/mavikadin\/wp-content\/uploads\/konser-blackpink-300x169.jpg 300w, https:\/\/www.tgrthaber.com\/mavikadin\/wp-content\/uploads\/konser-blackpink-1024x576.jpg 1024w, https:\/\/www.tgrthaber.com\/mavikadin\/wp-content\/uploads\/konser-blackpink-768x432.jpg 768w, https:\/\/www.tgrthaber.com\/mavikadin\/wp-content\/uploads\/konser-blackpink-1536x864.jpg 1536w, https:\/\/www.tgrthaber.com\/mavikadin\/wp-content\/uploads\/konser-blackpink.jpg 1920w\" sizes=\"(max-width: 1280px) 100vw, 1280px\" \/><\/p>\n<hr \/>\n<p>Yay\u0131nlanan listede T\u00fcrkiye maalesef yer alm\u0131yor. ABD&#8217;den Avrupa&#8217;ya ve Japonya&#8217;ya d\u00fcnyan\u0131n d\u00f6rt bir yan\u0131n\u0131 dola\u015facak grubun konser destinasyonlar\u0131 a\u00e7\u0131kland\u0131.<\/p>\n<h3>BLACKP\u0130NK D\u00dcNYA TURUNDA HANG\u0130 \u00dcLKELERE G\u0130DECEK?<\/h3>\n<p>Blackpink, ikinci st\u00fcdyo alb\u00fcmleri Born Pink&#8217;i tan\u0131tmak amac\u0131yla d\u00fczenledikleri Born Pink D\u00fcnya Turu&#8217;nu 2023&#8217;te tamamlam\u0131\u015ft\u0131. Bu tarihten itibaren hi\u00e7 turneye \u00e7\u0131kmayan grup bu senenin en b\u00fcy\u00fck konser etkinliklerinden birine imza atacak.<\/p>\n<p><img loading=\"lazy\" decoding=\"async\" class=\"alignnone wp-image-137925\" src=\"https:\/\/www.tgrthaber.com\/mavikadin\/wp-content\/uploads\/blackpink-konser-300x191.jpg\" alt=\"\" width=\"1280\" height=\"813\" title=\"\" srcset=\"https:\/\/www.tgrthaber.com\/mavikadin\/wp-content\/uploads\/blackpink-konser-300x191.jpg 300w, https:\/\/www.tgrthaber.com\/mavikadin\/wp-content\/uploads\/blackpink-konser-1024x650.jpg 1024w, https:\/\/www.tgrthaber.com\/mavikadin\/wp-content\/uploads\/blackpink-konser-768x488.jpg 768w, https:\/\/www.tgrthaber.com\/mavikadin\/wp-content\/uploads\/blackpink-konser.jpg 1392w\" sizes=\"(max-width: 1280px) 100vw, 1280px\" \/><\/p>\n<hr \/>\n<p>&nbsp;<\/p>\n<p>&nbsp;<\/p>\n<p>Temmuz 2025&#8217;ten ba\u015flay\u0131p 2026 y\u0131l\u0131na dek s\u00fcrecek turnenin hangi \u00fclkelerde olaca\u011f\u0131 da belli oldu. \u0130\u015fte Blackpink&#8217;in turne destinasyonlar\u0131:<\/p>\n<p>5 Temmuz \u2014 Goyang, G\u00fcney Kore (Goyang Stadyumu)<\/p>\n<p>\u200b\u200b6 Temmuz \u2014 Goyang, G\u00fcney Kore (Goyang Stadyumu)<\/p>\n<p>\u200b\u200b12 Temmuz \u2014 Los Angeles (SoFi Stadyumu)<\/p>\n<p>\u200b\u200b18 Temmuz \u2014 Chicago (Soldier Field)<\/p>\n<p>22 Temmuz \u2014 Toronto (Rogers Stadyumu)<\/p>\n<p>\u200b\u200b26 Temmuz \u2014 New York (Citi Field)<\/p>\n<p>2 A\u011fustos \u2014 Paris (Stade de France)<\/p>\n<p>6 A\u011fustos \u2014 Milano, \u0130talya (Ippodromo Snai La Maura)<\/p>\n<p>9 A\u011fustos \u2014 Barselona, \u200b\u200b\u0130spanya (Estadi Ol\u00edmpic)<\/p>\n<p>15 A\u011fustos \u2014 Londra (Wembley Stadyumu)<\/p>\n<p>\u200b\u200b16 Ocak 2026 \u2014 Tokyo (Tokyo Dome)<\/p>\n<p>17 Ocak 2026 \u2014 Tokyo (Tokyo Dome)<\/p>\n<p>18 Ocak 2026 \u2014 Tokyo (Tokyo Dome)<\/p>\n<p><img loading=\"lazy\" decoding=\"async\" class=\"alignnone wp-image-137922\" src=\"https:\/\/www.tgrthaber.com\/mavikadin\/wp-content\/uploads\/Snapinst.app_480672703_18399753925109468_220557551940188337_n_1080-240x300.jpg\" alt=\"\" width=\"1280\" height=\"1600\" title=\"\" srcset=\"https:\/\/www.tgrthaber.com\/mavikadin\/wp-content\/uploads\/Snapinst.app_480672703_18399753925109468_220557551940188337_n_1080-240x300.jpg 240w, https:\/\/www.tgrthaber.com\/mavikadin\/wp-content\/uploads\/Snapinst.app_480672703_18399753925109468_220557551940188337_n_1080-819x1024.jpg 819w, https:\/\/www.tgrthaber.com\/mavikadin\/wp-content\/uploads\/Snapinst.app_480672703_18399753925109468_220557551940188337_n_1080-768x960.jpg 768w, https:\/\/www.tgrthaber.com\/mavikadin\/wp-content\/uploads\/Snapinst.app_480672703_18399753925109468_220557551940188337_n_1080.jpg 1080w\" sizes=\"(max-width: 1280px) 100vw, 1280px\" \/><\/p>\n<hr \/>\n<p>Blackpink grubu, 2023 y\u0131l\u0131nda yapt\u0131\u011f\u0131 turnede toplamda 331,8 milyon dolar has\u0131lat elde etmi\u015f, bu da tarihte elde edilen en y\u00fcksek has\u0131lat bedelleri aras\u0131na girmi\u015fti.<\/p>\n<p>Yeni turnenin herhangi yeni bir alb\u00fcme dayand\u0131r\u0131lmad\u0131\u011f\u0131 d\u00fc\u015f\u00fcn\u00fcl\u00fcyor. Baz\u0131 iddialar, turneye yak\u0131n bir zamanda yeni bir alb\u00fcm\u00fcn gelece\u011fi y\u00f6n\u00fcnde.<\/p>\n","protected":false},"excerpt":{"rendered":"<p>Jisoo, Jennie, Lisa ve Ros\u00e9&#8217;den olu\u015fan 4 ki\u015filik G\u00fcney Kore K-Pop k\u0131z grubu Blackpink, 2025 ve 2026 y\u0131llar\u0131nda bir araya gelerek d\u00fcnya turnesine \u00e7\u0131kacaklar. D\u00fcnyaca \u00fcnl\u00fc K-Pop grubunun T\u00fcrkiye&#8217;de sahne al\u0131p almayaca\u011f\u0131 merak konusu oldu. Blackpink T\u00fcrkiye&#8217;ye mi geliyor? Blackpink d\u00fcnya turunda hangi \u00fclkelere gidecek?<\/p>\n","protected":false},"author":33,"featured_media":137924,"comment_status":"closed","ping_status":"closed","sticky":false,"template":"","format":"standard","meta":{"rank_math_lock_modified_date":false,"footnotes":""},"categories":[76],"tags":[],"class_list":["post-137919","post","type-post","status-publish","format-standard","has-post-thumbnail","hentry","category-magazin"],"_links":{"self":[{"href":"https:\/\/www.tgrthaber.com\/mavikadin\/wp-json\/wp\/v2\/posts\/137919"}],"collection":[{"href":"https:\/\/www.tgrthaber.com\/mavikadin\/wp-json\/wp\/v2\/posts"}],"about":[{"href":"https:\/\/www.tgrthaber.com\/mavikadin\/wp-json\/wp\/v2\/types\/post"}],"author":[{"embeddable":true,"href":"https:\/\/www.tgrthaber.com\/mavikadin\/wp-json\/wp\/v2\/users\/33"}],"replies":[{"embeddable":true,"href":"https:\/\/www.tgrthaber.com\/mavikadin\/wp-json\/wp\/v2\/comments?post=137919"}],"version-history":[{"count":1,"href":"https:\/\/www.tgrthaber.com\/mavikadin\/wp-json\/wp\/v2\/posts\/137919\/revisions"}],"predecessor-version":[{"id":137926,"href":"https:\/\/www.tgrthaber.com\/mavikadin\/wp-json\/wp\/v2\/posts\/137919\/revisions\/137926"}],"wp:featuredmedia":[{"embeddable":true,"href":"https:\/\/www.tgrthaber.com\/mavikadin\/wp-json\/wp\/v2\/media\/137924"}],"wp:attachment":[{"href":"https:\/\/www.tgrthaber.com\/mavikadin\/wp-json\/wp\/v2\/media?parent=137919"}],"wp:term":[{"taxonomy":"category","embeddable":true,"href":"https:\/\/www.tgrthaber.com\/mavikadin\/wp-json\/wp\/v2\/categories?post=137919"},{"taxonomy":"post_tag","embeddable":true,"href":"https:\/\/www.tgrthaber.com\/mavikadin\/wp-json\/wp\/v2\/tags?post=137919"}],"curies":[{"name":"wp","href":"https:\/\/api.w.org\/{rel}","templated":true}]}}