{"id":137949,"date":"2025-02-25T09:36:00","date_gmt":"2025-02-25T06:36:00","guid":{"rendered":"https:\/\/www.tgrthaber.com\/mavikadin\/?p=137949"},"modified":"2025-02-25T09:40:11","modified_gmt":"2025-02-25T06:40:11","slug":"muge-anli-ile-tatli-sert-programinda-bugun-neler-konusulacak-tum-turkiyenin-bekledigi-mahir-unlutaskiran-olayi-detaylari","status":"publish","type":"post","link":"https:\/\/www.tgrthaber.com\/mavikadin\/muge-anli-ile-tatli-sert-programinda-bugun-neler-konusulacak-tum-turkiyenin-bekledigi-mahir-unlutaskiran-olayi-detaylari\/","title":{"rendered":"M\u00fcge Anl\u0131 ile Tatl\u0131 Sert program\u0131nda bug\u00fcn neler konu\u015fulacak? T\u00fcm T\u00fcrkiye&#8217;nin bekledi\u011fi Mahir \u00dcnl\u00fcta\u015fk\u0131ran olay\u0131 detaylar\u0131"},"content":{"rendered":"<p>Hafta i\u00e7i her g\u00fcn sabah saat 10:00&#8217;da ATV ekranlar\u0131nda yay\u0131nlanan M\u00fcge Anl\u0131 ile Tatl\u0131 Sert program\u0131na dair hayranlar\u0131 ara\u015ft\u0131rma yapt\u0131. Her g\u00fcn kay\u0131p vakalar\u0131n\u0131n yan\u0131 s\u0131ra cinayet ve aile kavgalar\u0131n\u0131n da yer ald\u0131\u011f\u0131 M\u00fcge Anl\u0131 ile Tatl\u0131 Sert program\u0131n\u0131n son g\u00fcnlerdeki en ilgin\u00e7 olay\u0131 ise Mahir \u00dcnl\u00fcta\u015fk\u0131ran&#8217;\u0131n 17 y\u0131ll\u0131k kayb\u0131 oldu.<\/p>\n<h3>M\u00dcGE ANLI TATLI \u0130LE TATLI SERT PROGRAMINDA BUG\u00dcN NELER KONU\u015eULACAK?<\/h3>\n<p>M\u00fcge ANl\u0131&#8217;da anl\u0131k geli\u015fen olaylar\u0131n yan\u0131 s\u0131ra bug\u00fcn Mahir \u00dcnl\u00fcta\u015fk\u0131ran&#8217;\u0131n \u015f\u00fcpheli kayb\u0131 ve G\u00f6khan adl\u0131 bir vatanda\u015f\u0131n olay\u0131 devam\u0131 i\u015flenecek. 3. \u00e7ocu\u011funa hamile olan e\u015fine ihanet eden G\u00f6khan, e\u015fini aldatt\u0131\u011f\u0131 kad\u0131n taraf\u0131ndan kand\u0131r\u0131ld\u0131. 4 milyon TL bor\u00e7lanan G\u00f6khan bey solu\u011fu M\u00fcge Anl\u0131 program\u0131nda ald\u0131. Anl\u0131, \u015fa\u015fk\u0131nl\u0131kla olay\u0131 anlatt\u0131.<\/p>\n<p><img loading=\"lazy\" decoding=\"async\" class=\"alignnone wp-image-137969\" src=\"https:\/\/www.tgrthaber.com\/mavikadin\/wp-content\/uploads\/GkT2zn-X0AAGRYI.jpg\" alt=\"\" width=\"1208\" height=\"680\" title=\"\" srcset=\"https:\/\/www.tgrthaber.com\/mavikadin\/wp-content\/uploads\/GkT2zn-X0AAGRYI.jpg 1920w, https:\/\/www.tgrthaber.com\/mavikadin\/wp-content\/uploads\/GkT2zn-X0AAGRYI-300x169.jpg 300w, https:\/\/www.tgrthaber.com\/mavikadin\/wp-content\/uploads\/GkT2zn-X0AAGRYI-1024x576.jpg 1024w, https:\/\/www.tgrthaber.com\/mavikadin\/wp-content\/uploads\/GkT2zn-X0AAGRYI-768x432.jpg 768w, https:\/\/www.tgrthaber.com\/mavikadin\/wp-content\/uploads\/GkT2zn-X0AAGRYI-1536x864.jpg 1536w\" sizes=\"(max-width: 1208px) 100vw, 1208px\" \/><\/p>\n<hr \/>\n<p>E\u015fine ihanetin bedelini a\u011f\u0131r \u00f6deyen G\u00f6khan bey pi\u015fmanl\u0131\u011f\u0131n\u0131 dile getirdi. E\u015finin 3. \u00e7ocuklar\u0131na hamile olmas\u0131 ise M\u00fcge Anl\u0131&#8217;y\u0131 \u00fczd\u00fc. \u015eimdi 4 milyon TL bor\u00e7land\u0131ran kad\u0131n M\u00fcge Anl\u0131 ve ekibi taraf\u0131ndan aran\u0131yor.<\/p>\n<h3>T\u00dcM T\u00dcRK\u0130YE&#8217;N\u0130N BEKLED\u0130\u011e\u0130 MAH\u0130R \u00dcNL\u00dcTA\u015eKIRAN OLAYI DETAYLARI<\/h3>\n<p>M\u00fcge Anl\u0131 yay\u0131n politikas\u0131 gere\u011fi\u00a0her g\u00fcn i\u015flenen olaylar g\u00fcne \u00f6zel geli\u015fir. Ancak haftalard\u0131r M\u00fcge Anl\u0131&#8217;da Mahir \u00dcnl\u00fcta\u015fk\u0131ran ve babas\u0131 Mesut&#8217;un \u015f\u00fcpheli \u00f6l\u00fcmlerine dair ipu\u00e7lar\u0131 konu\u015fuluyor.<\/p>\n<p><img loading=\"lazy\" decoding=\"async\" class=\"alignnone wp-image-137971\" src=\"https:\/\/www.tgrthaber.com\/mavikadin\/wp-content\/uploads\/GkO8khdXEAAZSHi.jpg\" alt=\"\" width=\"1208\" height=\"680\" title=\"\" srcset=\"https:\/\/www.tgrthaber.com\/mavikadin\/wp-content\/uploads\/GkO8khdXEAAZSHi.jpg 1920w, https:\/\/www.tgrthaber.com\/mavikadin\/wp-content\/uploads\/GkO8khdXEAAZSHi-300x169.jpg 300w, https:\/\/www.tgrthaber.com\/mavikadin\/wp-content\/uploads\/GkO8khdXEAAZSHi-1024x576.jpg 1024w, https:\/\/www.tgrthaber.com\/mavikadin\/wp-content\/uploads\/GkO8khdXEAAZSHi-768x432.jpg 768w, https:\/\/www.tgrthaber.com\/mavikadin\/wp-content\/uploads\/GkO8khdXEAAZSHi-1536x864.jpg 1536w\" sizes=\"(max-width: 1208px) 100vw, 1208px\" \/><\/p>\n<hr \/>\n<p>\u00d6nceki g\u00fcn programa kat\u0131lan Mahir \u00dcnl\u00fcta\u015fk\u0131ran&#8217;\u0131n annesi \u015f\u00fcpheli ve \u00e7eli\u015fkili a\u00e7\u0131klamalarla hem izleyicilerin hem de M\u00fcge Anl\u0131&#8217;n\u0131n sinirlerini bozdu. Mahir&#8217;in annesi Safiye,\u00a0 cinayet \u015f\u00fcphelisi olan o\u011flu Umut&#8217;un su\u00e7suz oldu\u011funu iddia etti. \u00d6te yandan Mahir&#8217;in nikahl\u0131 e\u015finin di\u011fer o\u011flu Umut ile beraber olmas\u0131 ve \u00e7ocuk yapmas\u0131 M\u00fcge Anl\u0131&#8217;da tepkiye yol a\u00e7arken Safiye&#8217;nin bunu normal kar\u015f\u0131lamas\u0131 cinayet \u015f\u00fcphesini daha artt\u0131rd\u0131.<\/p>\n<p><img loading=\"lazy\" decoding=\"async\" class=\"alignnone wp-image-137974\" src=\"https:\/\/www.tgrthaber.com\/mavikadin\/wp-content\/uploads\/GkO8khdXEAAZSHi-1.jpg\" alt=\"\" width=\"1208\" height=\"680\" title=\"\" srcset=\"https:\/\/www.tgrthaber.com\/mavikadin\/wp-content\/uploads\/GkO8khdXEAAZSHi-1.jpg 1920w, https:\/\/www.tgrthaber.com\/mavikadin\/wp-content\/uploads\/GkO8khdXEAAZSHi-1-300x169.jpg 300w, https:\/\/www.tgrthaber.com\/mavikadin\/wp-content\/uploads\/GkO8khdXEAAZSHi-1-1024x576.jpg 1024w, https:\/\/www.tgrthaber.com\/mavikadin\/wp-content\/uploads\/GkO8khdXEAAZSHi-1-768x432.jpg 768w, https:\/\/www.tgrthaber.com\/mavikadin\/wp-content\/uploads\/GkO8khdXEAAZSHi-1-1536x864.jpg 1536w\" sizes=\"(max-width: 1208px) 100vw, 1208px\" \/><\/p>\n<hr \/>\n<p>\u00d6te yandan baba Mesut&#8217;un mezar\u0131 a\u00e7\u0131lacak. \u00dcnl\u00fcta\u015fk\u0131ran ailesi Mesut \u00dcnl\u00fcta\u015fk\u0131ran&#8217;\u0131n da \u00f6l\u00fcm\u00fcn\u00fcn \u015f\u00fcpheli oldu\u011funu vurgulad\u0131. Bunun \u00fczerine savc\u0131l\u0131k \u00f6l\u00fcmle ilgili yeniden otopsi raporu isteyecek. Mesut adl\u0131 vatanda\u015f\u0131n \u00f6l\u00fcm\u00fcnde \u015f\u00fcpheli bir durumda aile yeniden sorgulanacak.<\/p>\n","protected":false},"excerpt":{"rendered":"<p>Hafta i\u00e7i her g\u00fcn sabah saat 10:00&#8217;da ATV ekranlar\u0131nda yay\u0131nlanan M\u00fcge Anl\u0131 ile Tatl\u0131 Sert program\u0131na dair hayranlar\u0131 ara\u015ft\u0131rma yapt\u0131. Her g\u00fcn kay\u0131p vakalar\u0131n\u0131n yan\u0131 s\u0131ra cinayet ve aile kavgalar\u0131n\u0131n da yer ald\u0131\u011f\u0131 M\u00fcge Anl\u0131 ile Tatl\u0131 Sert program\u0131n\u0131n son g\u00fcnlerdeki en ilgin\u00e7 olay\u0131 ise Mahir \u00dcnl\u00fcta\u015fk\u0131ran&#8217;\u0131n 17 y\u0131ll\u0131k kayb\u0131 oldu.\u00a0<\/p>\n","protected":false},"author":24,"featured_media":137966,"comment_status":"closed","ping_status":"closed","sticky":false,"template":"","format":"standard","meta":{"rank_math_lock_modified_date":false,"footnotes":""},"categories":[76],"tags":[2533,11350],"class_list":["post-137949","post","type-post","status-publish","format-standard","has-post-thumbnail","hentry","category-magazin","tag-muge-anli-ile-tatli-sert","tag-muge-anli-mahir-unlutaskiran"],"_links":{"self":[{"href":"https:\/\/www.tgrthaber.com\/mavikadin\/wp-json\/wp\/v2\/posts\/137949"}],"collection":[{"href":"https:\/\/www.tgrthaber.com\/mavikadin\/wp-json\/wp\/v2\/posts"}],"about":[{"href":"https:\/\/www.tgrthaber.com\/mavikadin\/wp-json\/wp\/v2\/types\/post"}],"author":[{"embeddable":true,"href":"https:\/\/www.tgrthaber.com\/mavikadin\/wp-json\/wp\/v2\/users\/24"}],"replies":[{"embeddable":true,"href":"https:\/\/www.tgrthaber.com\/mavikadin\/wp-json\/wp\/v2\/comments?post=137949"}],"version-history":[{"count":4,"href":"https:\/\/www.tgrthaber.com\/mavikadin\/wp-json\/wp\/v2\/posts\/137949\/revisions"}],"predecessor-version":[{"id":137975,"href":"https:\/\/www.tgrthaber.com\/mavikadin\/wp-json\/wp\/v2\/posts\/137949\/revisions\/137975"}],"wp:featuredmedia":[{"embeddable":true,"href":"https:\/\/www.tgrthaber.com\/mavikadin\/wp-json\/wp\/v2\/media\/137966"}],"wp:attachment":[{"href":"https:\/\/www.tgrthaber.com\/mavikadin\/wp-json\/wp\/v2\/media?parent=137949"}],"wp:term":[{"taxonomy":"category","embeddable":true,"href":"https:\/\/www.tgrthaber.com\/mavikadin\/wp-json\/wp\/v2\/categories?post=137949"},{"taxonomy":"post_tag","embeddable":true,"href":"https:\/\/www.tgrthaber.com\/mavikadin\/wp-json\/wp\/v2\/tags?post=137949"}],"curies":[{"name":"wp","href":"https:\/\/api.w.org\/{rel}","templated":true}]}}