{"id":137991,"date":"2025-02-25T10:15:16","date_gmt":"2025-02-25T07:15:16","guid":{"rendered":"https:\/\/www.tgrthaber.com\/mavikadin\/?p=137991"},"modified":"2025-02-25T10:15:16","modified_gmt":"2025-02-25T07:15:16","slug":"unlu-sarkici-sevcan-orhan-menajeriyle-davalik-oldu-7-yil-hapis-istemiyle-dava-acildi","status":"publish","type":"post","link":"https:\/\/www.tgrthaber.com\/mavikadin\/unlu-sarkici-sevcan-orhan-menajeriyle-davalik-oldu-7-yil-hapis-istemiyle-dava-acildi\/","title":{"rendered":"\u00dcnl\u00fc \u015fark\u0131c\u0131 Sevcan Orhan menajeriyle daval\u0131k oldu! 7 y\u0131l hapis istemiyle dava a\u00e7\u0131ld\u0131"},"content":{"rendered":"<p>\u00dcnl\u00fc \u015fark\u0131c\u0131 Sevcan Orhan eski menajeri Harun Belenko\u011fullar\u0131\u2019n\u0131n kendisini doland\u0131rd\u0131\u011f\u0131n\u0131 tespit edince, &#8220;Benim pay\u0131m\u0131 da ald\u0131&#8221; diyerek \u015fikayet\u00e7i oldu. \u0130stanbul Cumhuriyet Ba\u015fsavc\u0131l\u0131\u011f\u0131 taraf\u0131ndan a\u00e7\u0131lan soru\u015fturman\u0131n tamamlanmas\u0131ndan sonra menajer hakk\u0131nda 7 y\u0131l hapis istemiyle dava a\u00e7\u0131ld\u0131.<\/p>\n<h3>\u00dcNL\u00dc \u015eARKICI SEVCAN ORHAN MENAJER\u0130YLE DAVALIK OLDU!<\/h3>\n<p>Sevcan Orhan, eski menajeri Harun Belenko\u011fullar\u0131 ile daval\u0131k olmu\u015ftu. Orhan, Belenko\u011fullar\u0131\u2019n\u0131n kendisini doland\u0131rd\u0131\u011f\u0131n\u0131 tespit edince, &#8220;Benim pay\u0131m\u0131 da ald\u0131&#8221; diyerek \u015fikayette bulunmu\u015ftu. \u015eikayetten sonras\u0131 \u0130stanbul Cumhuriyet Ba\u015fsavc\u0131l\u0131\u011f\u0131n\u0131n a\u00e7t\u0131\u011f\u0131 soru\u015fturma tamamlan\u0131nca menajer hakk\u0131nda 7 y\u0131l hapis istemiyle dava a\u00e7\u0131ld\u0131.<\/p>\n<p>Sevcan Orhan, 2 y\u0131l boyunca birlikte \u00e7al\u0131\u015ft\u0131\u011f\u0131 menajeri Harun Belenko\u011fullar\u0131 ile s\u00f6zl\u00fc olarak anla\u015fma yapm\u0131\u015ft\u0131. Anla\u015fmaya g\u00f6re menajerin i\u015f ba\u015f\u0131 olarak y\u00fczde 20 alaca\u011f\u0131 belirlendi. \u0130stanbul Cumhuriyet Ba\u015fsavc\u0131l\u0131\u011f\u0131 taraf\u0131ndan konuyla ilgili soru\u015fturma ba\u015flat\u0131ld\u0131.<\/p>\n<p><img loading=\"lazy\" decoding=\"async\" class=\"alignnone wp-image-137999\" src=\"https:\/\/www.tgrthaber.com\/mavikadin\/wp-content\/uploads\/Harun-Belenkogullari.jpg\" alt=\"\" width=\"1208\" height=\"680\" title=\"\" srcset=\"https:\/\/www.tgrthaber.com\/mavikadin\/wp-content\/uploads\/Harun-Belenkogullari.jpg 1920w, https:\/\/www.tgrthaber.com\/mavikadin\/wp-content\/uploads\/Harun-Belenkogullari-300x169.jpg 300w, https:\/\/www.tgrthaber.com\/mavikadin\/wp-content\/uploads\/Harun-Belenkogullari-1024x576.jpg 1024w, https:\/\/www.tgrthaber.com\/mavikadin\/wp-content\/uploads\/Harun-Belenkogullari-768x432.jpg 768w, https:\/\/www.tgrthaber.com\/mavikadin\/wp-content\/uploads\/Harun-Belenkogullari-1536x864.jpg 1536w\" sizes=\"(max-width: 1208px) 100vw, 1208px\" \/><\/p>\n<hr \/>\n<h3>SU\u00c7LAMALARI REDDETT\u0130<\/h3>\n<p>Menajer Harun Belenko\u011fullar\u0131 savc\u0131l\u0131\u011fa verdi\u011fi ifadede Sevcan Orhan ile i\u015fba\u015f\u0131 y\u00fczde 20 oran\u0131nda anla\u015ft\u0131klar\u0131n\u0131 kendi hak etti\u011fi paray\u0131 ald\u0131\u011f\u0131n\u0131 s\u00f6yledi. Belenko\u011fullar\u0131, hak etmedi\u011fi paray\u0131 ald\u0131\u011f\u0131 y\u00f6n\u00fcndeki iddialar\u0131n ger\u00e7ek olmad\u0131\u011f\u0131n\u0131 su\u00e7lamalar\u0131 reddetti\u011fini ifade etti.<\/p>\n<h3>S\u00d6ZLE\u015eMELER S\u00d6ZL\u00dc OLARAK YAPILDI<\/h3>\n<p>Sevcan Orhan verdi\u011fi ifadesinde, uzun y\u0131llard\u0131r m\u00fczik sekt\u00f6r\u00fcnde oldu\u011funu s\u00f6zle\u015fmelerin s\u00f6zl\u00fc olarak yap\u0131ld\u0131\u011f\u0131n\u0131 belirtti. Yakla\u015f\u0131k olarak 50-60 kadar i\u015f yapt\u0131klar\u0131n\u0131 ne kadar zarar\u0131 oldu\u011funu bilmedi\u011fini ancak eski menajerinin kendi hak etti\u011fi paray\u0131 ald\u0131\u011f\u0131n\u0131 s\u00f6yledi.<\/p>\n<p><img loading=\"lazy\" decoding=\"async\" class=\"alignnone wp-image-138000\" src=\"https:\/\/www.tgrthaber.com\/mavikadin\/wp-content\/uploads\/Sevcan-Orhan-6.jpg\" alt=\"\" width=\"1208\" height=\"680\" title=\"\" srcset=\"https:\/\/www.tgrthaber.com\/mavikadin\/wp-content\/uploads\/Sevcan-Orhan-6.jpg 1920w, https:\/\/www.tgrthaber.com\/mavikadin\/wp-content\/uploads\/Sevcan-Orhan-6-300x169.jpg 300w, https:\/\/www.tgrthaber.com\/mavikadin\/wp-content\/uploads\/Sevcan-Orhan-6-1024x576.jpg 1024w, https:\/\/www.tgrthaber.com\/mavikadin\/wp-content\/uploads\/Sevcan-Orhan-6-768x432.jpg 768w, https:\/\/www.tgrthaber.com\/mavikadin\/wp-content\/uploads\/Sevcan-Orhan-6-1536x864.jpg 1536w\" sizes=\"(max-width: 1208px) 100vw, 1208px\" \/><\/p>\n<hr \/>\n<h3>7 YIL HAP\u0130S \u0130STEM\u0130YLE DAVA A\u00c7ILDI<\/h3>\n<p>Soru\u015fturman\u0131n tamamlanmas\u0131ndan sonra \u0130stanbul Asliye Ceza Mahkemesi&#8217;ne dava a\u00e7\u0131ld\u0131. \u0130ddianamede \u015f\u00fcpheli Harun Belenko\u011fullar\u0131&#8217;n\u0131n &#8216;Hizmet nedeniyle g\u00fcveni k\u00f6t\u00fcye kullanma&#8217; su\u00e7u kapsam\u0131nda 7 y\u0131l hapis istemiyle dava a\u00e7\u0131ld\u0131. Dava \u00f6n\u00fcm\u00fczdeki g\u00fcnlerde g\u00f6r\u00fclecek.<\/p>\n<p><img loading=\"lazy\" decoding=\"async\" class=\"alignnone wp-image-138001\" src=\"https:\/\/www.tgrthaber.com\/mavikadin\/wp-content\/uploads\/Sevcan-Orhan-8.jpg\" alt=\"\" width=\"1208\" height=\"680\" title=\"\" srcset=\"https:\/\/www.tgrthaber.com\/mavikadin\/wp-content\/uploads\/Sevcan-Orhan-8.jpg 1920w, https:\/\/www.tgrthaber.com\/mavikadin\/wp-content\/uploads\/Sevcan-Orhan-8-300x169.jpg 300w, https:\/\/www.tgrthaber.com\/mavikadin\/wp-content\/uploads\/Sevcan-Orhan-8-1024x576.jpg 1024w, https:\/\/www.tgrthaber.com\/mavikadin\/wp-content\/uploads\/Sevcan-Orhan-8-768x432.jpg 768w, https:\/\/www.tgrthaber.com\/mavikadin\/wp-content\/uploads\/Sevcan-Orhan-8-1536x864.jpg 1536w\" sizes=\"(max-width: 1208px) 100vw, 1208px\" \/><\/p>\n<hr \/>\n<h3>SEVCAN ORHAN M\u00dcZ\u0130\u011eE NASIL BA\u015eLADI?<\/h3>\n<p>Sevcan Orhan 1999 y\u0131l\u0131nda \u201c\u0130stanbul Teknik \u00dcniversitesi T\u00fcrk M\u00fczi\u011fi Devlet Konservataur\u0131\u201dn\u0131n a\u00e7m\u0131\u015f oldu\u011fu yetenek s\u0131navlar\u0131na girdi ve \u201cSes E\u011fitimi B\u00f6l\u00fcm\u00fc\u201dn\u00fc kazand\u0131.<\/p>\n<p>D\u00fc\u015ften Ger\u00e7e\u011fe, Zemheriden \u00d6tesi Bahar, Ad\u0131 A\u015fk, Bir T\u00fcrk\u00fcyd\u00fc Ya\u015famak, Nenni Bebek gibi alb\u00fcmler \u00e7\u0131karan Sevcan Orhan 1994 y\u0131l\u0131nda babas\u0131ndan \u00f6\u011frendi\u011fi kara d\u00fczen ba\u011flamayla m\u00fczik hayat\u0131na ilk ad\u0131m\u0131n\u0131 att\u0131.<\/p>\n","protected":false},"excerpt":{"rendered":"<p>\u015eark\u0131c\u0131 Sevcan Orhan eski menajeri Harun Belenko\u011fullar\u0131\u2019n\u0131n kendisini doland\u0131rd\u0131\u011f\u0131n\u0131 tespit etti. \u0130stanbul Cumhuriyet Ba\u015fsavc\u0131l\u0131\u011f\u0131n\u0131n a\u00e7t\u0131\u011f\u0131 soru\u015fturma tamamlan\u0131nca menajer hakk\u0131nda 7 y\u0131l hapis istemiyle dava a\u00e7\u0131ld\u0131.<\/p>\n","protected":false},"author":5,"featured_media":137994,"comment_status":"closed","ping_status":"closed","sticky":false,"template":"","format":"standard","meta":{"rank_math_lock_modified_date":false,"footnotes":""},"categories":[76],"tags":[11902,11901],"class_list":["post-137991","post","type-post","status-publish","format-standard","has-post-thumbnail","hentry","category-magazin","tag-harun-belenkogullari","tag-sevcan-orhan"],"_links":{"self":[{"href":"https:\/\/www.tgrthaber.com\/mavikadin\/wp-json\/wp\/v2\/posts\/137991"}],"collection":[{"href":"https:\/\/www.tgrthaber.com\/mavikadin\/wp-json\/wp\/v2\/posts"}],"about":[{"href":"https:\/\/www.tgrthaber.com\/mavikadin\/wp-json\/wp\/v2\/types\/post"}],"author":[{"embeddable":true,"href":"https:\/\/www.tgrthaber.com\/mavikadin\/wp-json\/wp\/v2\/users\/5"}],"replies":[{"embeddable":true,"href":"https:\/\/www.tgrthaber.com\/mavikadin\/wp-json\/wp\/v2\/comments?post=137991"}],"version-history":[{"count":1,"href":"https:\/\/www.tgrthaber.com\/mavikadin\/wp-json\/wp\/v2\/posts\/137991\/revisions"}],"predecessor-version":[{"id":138002,"href":"https:\/\/www.tgrthaber.com\/mavikadin\/wp-json\/wp\/v2\/posts\/137991\/revisions\/138002"}],"wp:featuredmedia":[{"embeddable":true,"href":"https:\/\/www.tgrthaber.com\/mavikadin\/wp-json\/wp\/v2\/media\/137994"}],"wp:attachment":[{"href":"https:\/\/www.tgrthaber.com\/mavikadin\/wp-json\/wp\/v2\/media?parent=137991"}],"wp:term":[{"taxonomy":"category","embeddable":true,"href":"https:\/\/www.tgrthaber.com\/mavikadin\/wp-json\/wp\/v2\/categories?post=137991"},{"taxonomy":"post_tag","embeddable":true,"href":"https:\/\/www.tgrthaber.com\/mavikadin\/wp-json\/wp\/v2\/tags?post=137991"}],"curies":[{"name":"wp","href":"https:\/\/api.w.org\/{rel}","templated":true}]}}