{"id":138017,"date":"2025-02-25T11:28:41","date_gmt":"2025-02-25T08:28:41","guid":{"rendered":"https:\/\/www.tgrthaber.com\/mavikadin\/?p=138017"},"modified":"2025-02-27T11:20:15","modified_gmt":"2025-02-27T08:20:15","slug":"cagla-sikelin-yeni-sevgilisi-erinc-uluturk-kimdir","status":"publish","type":"post","link":"https:\/\/www.tgrthaber.com\/mavikadin\/cagla-sikelin-yeni-sevgilisi-erinc-uluturk-kimdir\/","title":{"rendered":"\u00c7a\u011fla \u015eikel\u2019in yeni sevgilisi Erin\u00e7 Ulut\u00fcrk kimdir? Erin\u00e7 Ulut\u00fcrk&#8217;\u00fcn mesle\u011fi ve \u00f6zel hayat\u0131 ara\u015ft\u0131r\u0131l\u0131yor"},"content":{"rendered":"<p>Emre Altu\u011f ile bo\u015fanmas\u0131ndan sonra a\u015fk hayat\u0131na uzun s\u00fcreler kimseyi almayan 46 ya\u015f\u0131ndaki \u00c7a\u011fla \u015eikel \u015fu s\u0131ralar \u00f6zel hayat\u0131yla g\u00fcndeme geliyor. Bo\u015fanma davas\u0131ndan sonra a\u015fk hayat\u0131na uzun bir ara veren manken bu s\u00fcre\u00e7te hayat\u0131na kimseyi almam\u0131\u015ft\u0131. Magazin d\u00fcnyas\u0131nda \u00e7\u0131kan haberlere g\u00f6re ise g\u00fczel sunucu ve mankenin hayat\u0131nda biri oldu\u011fu y\u00f6n\u00fcnde. Londra Moda Haftas\u0131\u2019nda podyuma \u00e7\u0131kan \u00c7a\u011fla \u015eikel, \u0130stanbul\u2019a d\u00f6n\u00fc\u015fte sevgilisi ile g\u00f6r\u00fcnt\u00fclendi. G\u00f6r\u00fcnt\u00fcler k\u0131sa s\u00fcrede Magazin d\u00fcnyas\u0131nda b\u00fcy\u00fck bir ses getirdi.<\/p>\n<h3><strong>ER\u0130N\u00c7 ULUT\u00dcRK K\u0130MD\u0130R?<\/strong><\/h3>\n<p>Uzun giden evlili\u011finin ard\u0131ndan Emre Altu\u011f\u2019dan bo\u015fanan \u00c7a\u011fla \u015eikel, a\u015fk hayat\u0131na ara vermi\u015fti. Eski e\u015fi Emre Altu\u011f\u2019dan bo\u015fand\u0131ktan tam 8 y\u0131l sonra g\u00f6nl\u00fcn\u00fcn kap\u0131lar\u0131n\u0131 Avukat Nail G\u00f6nenli \u2019ye a\u00e7m\u0131\u015ft\u0131. Nail G\u00f6nenli ile ili\u015fkilerinin uzun s\u00fcr\u00fclece\u011fi d\u00fc\u015f\u00fcn\u00fcl\u00fcyordu fakat bu beraberlikte k\u0131sa s\u00fcrm\u00fc\u015ft\u00fc. Bu ili\u015fkisinden sonra g\u00fczel sunucu g\u00f6nl\u00fcn\u00fc i\u015f adam\u0131 Erin\u00e7 Ulut\u00fcrk\u2019e kapt\u0131rd\u0131\u011f\u0131 magazin d\u00fcnyas\u0131na bomba gibi d\u00fc\u015ft\u00fc.<\/p>\n<p><img loading=\"lazy\" decoding=\"async\" class=\"alignnone wp-image-138030\" src=\"https:\/\/www.tgrthaber.com\/mavikadin\/wp-content\/uploads\/cagla-sikel-ve-erinc-uluturk-2-1024x576.jpg\" alt=\"\u00e7a\u011fla \u015fikel ve erin\u00e7 ulut\u00fcrk \" width=\"1208\" height=\"680\" title=\"\" srcset=\"https:\/\/www.tgrthaber.com\/mavikadin\/wp-content\/uploads\/cagla-sikel-ve-erinc-uluturk-2-1024x576.jpg 1024w, https:\/\/www.tgrthaber.com\/mavikadin\/wp-content\/uploads\/cagla-sikel-ve-erinc-uluturk-2-300x169.jpg 300w, https:\/\/www.tgrthaber.com\/mavikadin\/wp-content\/uploads\/cagla-sikel-ve-erinc-uluturk-2-768x432.jpg 768w, https:\/\/www.tgrthaber.com\/mavikadin\/wp-content\/uploads\/cagla-sikel-ve-erinc-uluturk-2-1536x864.jpg 1536w, https:\/\/www.tgrthaber.com\/mavikadin\/wp-content\/uploads\/cagla-sikel-ve-erinc-uluturk-2.jpg 1600w\" sizes=\"(max-width: 1208px) 100vw, 1208px\" \/><\/p>\n<hr \/>\n<p>Londra Moda Haftas\u0131\u2019nda defileye \u00e7\u0131kan ba\u015far\u0131l\u0131 manken, sunucu ve oyuncu \u00c7a\u011fla \u015eikel, T\u00fcrkiye\u2019ye d\u00f6n\u00fc\u015f\u00fcnde onu kar\u015f\u0131layan magazin muhabirlerinin sorular\u0131na k\u0131sa cevaplar vererek yan\u0131tlamaya \u00e7al\u0131\u015ft\u0131.\u00a0 G\u00fczel sunucu ve mankenci defilesinin de g\u00fczel ge\u00e7ti\u011fini s\u00f6yleyen \u015eikel\u2019i, havaliman\u0131ndan almaya giden isim ise yeni sevgilisi Erin\u00e7 Ulut\u00fcrk oldu. Burada magazin muhabirlerinin sorular\u0131na k\u0131sa \u015fekilde cevaplar verdi.<\/p>\n<p><img loading=\"lazy\" decoding=\"async\" class=\"wp-image-138031\" src=\"https:\/\/www.tgrthaber.com\/mavikadin\/wp-content\/uploads\/cagla-sikel-ve-erinc-uluturk-3-1024x576.jpg\" alt=\"\u00e7a\u011fla \u015fikel ve erin\u00e7 ulut\u00fcrk \" width=\"1208\" height=\"680\" title=\"\" srcset=\"https:\/\/www.tgrthaber.com\/mavikadin\/wp-content\/uploads\/cagla-sikel-ve-erinc-uluturk-3-1024x576.jpg 1024w, https:\/\/www.tgrthaber.com\/mavikadin\/wp-content\/uploads\/cagla-sikel-ve-erinc-uluturk-3-300x169.jpg 300w, https:\/\/www.tgrthaber.com\/mavikadin\/wp-content\/uploads\/cagla-sikel-ve-erinc-uluturk-3-768x432.jpg 768w, https:\/\/www.tgrthaber.com\/mavikadin\/wp-content\/uploads\/cagla-sikel-ve-erinc-uluturk-3-1536x864.jpg 1536w, https:\/\/www.tgrthaber.com\/mavikadin\/wp-content\/uploads\/cagla-sikel-ve-erinc-uluturk-3.jpg 1600w\" sizes=\"(max-width: 1208px) 100vw, 1208px\" \/><\/p>\n<hr \/>\n<h3><strong>ER\u0130N\u00c7 ULUT\u00dcRK YA\u015eI NED\u0130R<\/strong><\/h3>\n<p>Defile sonras\u0131 Ulut\u00fcrk\u2019\u00fcn sevgilisini kendi gelip almas\u0131 g\u00f6zlerden ka\u00e7mad\u0131. \u0130kiliyi yan yana g\u00f6ren magazin muhabirleri \u00c7a\u011fla \u015eikel\u2019e \u2018Erkek arkada\u015f\u0131n\u0131z\u0131 tan\u0131yal\u0131m art\u0131k, en az\u0131ndan ismini \u00f6\u011frenebilir miyiz? \u2018Sorusuna \u015eikel\u2019den \u2018Daha sonra tan\u0131\u015f\u0131rs\u0131n\u0131z. Hava so\u011fuk, uygun bir zamanda konu\u015furuz\u2019 diyerek muhabirlerin sorular\u0131na k\u0131sa cevaplar verdi. \u00c7a\u011fla \u015eikel\u2019in sevgilisi Erin\u00e7 Ulut\u00fcrk hakk\u0131nda kamuoyunda bir bilgi bulunmuyor.<\/p>\n<p><img loading=\"lazy\" decoding=\"async\" class=\"wp-image-138029\" src=\"https:\/\/www.tgrthaber.com\/mavikadin\/wp-content\/uploads\/cagla-sikel-ve-erinc-uluturk-1-1024x576.jpg\" alt=\"\u00e7a\u011fla \u015fikel ve erin\u00e7 ulut\u00fcrk \" width=\"1208\" height=\"680\" title=\"\" srcset=\"https:\/\/www.tgrthaber.com\/mavikadin\/wp-content\/uploads\/cagla-sikel-ve-erinc-uluturk-1-1024x576.jpg 1024w, https:\/\/www.tgrthaber.com\/mavikadin\/wp-content\/uploads\/cagla-sikel-ve-erinc-uluturk-1-300x169.jpg 300w, https:\/\/www.tgrthaber.com\/mavikadin\/wp-content\/uploads\/cagla-sikel-ve-erinc-uluturk-1-768x432.jpg 768w, https:\/\/www.tgrthaber.com\/mavikadin\/wp-content\/uploads\/cagla-sikel-ve-erinc-uluturk-1-1536x864.jpg 1536w, https:\/\/www.tgrthaber.com\/mavikadin\/wp-content\/uploads\/cagla-sikel-ve-erinc-uluturk-1.jpg 1600w\" sizes=\"(max-width: 1208px) 100vw, 1208px\" \/><\/p>\n<hr \/>\n<p>Bilinen bilgilerin aras\u0131nda sadece 45 ya\u015f\u0131nda oldu\u011fu ve \u0130\u015f adam\u0131 olarak tekstil i\u015fiyle u\u011fra\u015ft\u0131\u011f\u0131 \u00f6\u011frenildi. Tekstil d\u00fcnyas\u0131nda tan\u0131nan bir olan Ulut\u00fcrk sosyal medyay\u0131 aktif bir \u015fekilde kullanm\u0131yor. Kamuoyunda Ulut\u00fcrk hakk\u0131nda sadece ya\u015f\u0131 ve i\u015fi hakk\u0131nda bilgiler bulunmakta. K\u0131sa s\u00fcrede Erin\u00e7 Ulut\u00fcrk hakk\u0131nda bilgiler gelecektir. \u00c7a\u011fla \u015eikel kadar sosyal medyay\u0131 aktif kullanmayan Ulut\u00fcrk magazin d\u00fcnyas\u0131n\u0131 takip edenler taraf\u0131ndan takip edilmeye ba\u015fland\u0131.<\/p>\n","protected":false},"excerpt":{"rendered":"<p>Emre Altu\u011f ile bo\u015fanmas\u0131ndan sonra a\u015fk hayat\u0131na uzun s\u00fcreler kimseyi almayan 46 ya\u015f\u0131ndaki \u00c7a\u011fla \u015eikel \u015fu s\u0131ralar \u00f6zel hayat\u0131yla g\u00fcndeme geliyor. Bo\u015fanma davas\u0131ndan sonra a\u015fk hayat\u0131na uzun bir ara veren manken bu s\u00fcre\u00e7te hayat\u0131na kimseyi almam\u0131\u015ft\u0131. Magazin d\u00fcnyas\u0131nda \u00e7\u0131kan haberlere g\u00f6re ise g\u00fczel sunucu ve mankenin hayat\u0131nda biri oldu\u011fu y\u00f6n\u00fcnde. Londra Moda Haftas\u0131\u2019nda podyuma \u00e7\u0131kan \u00c7a\u011fla \u015eikel, \u0130stanbul\u2019a d\u00f6n\u00fc\u015fte sevgilisi ile g\u00f6r\u00fcnt\u00fclendi. G\u00f6r\u00fcnt\u00fcler k\u0131sa s\u00fcrede Magazin d\u00fcnyas\u0131nda b\u00fcy\u00fck bir ses getirdi.<\/p>\n","protected":false},"author":34,"featured_media":138033,"comment_status":"closed","ping_status":"closed","sticky":false,"template":"","format":"standard","meta":{"rank_math_lock_modified_date":false,"footnotes":""},"categories":[491],"tags":[2584,7846,11914],"class_list":["post-138017","post","type-post","status-publish","format-standard","has-post-thumbnail","hentry","category-biyografi","tag-cagla-sikel","tag-cagla-sikel-yeni-sevgilisi","tag-erinc-uluturk"],"_links":{"self":[{"href":"https:\/\/www.tgrthaber.com\/mavikadin\/wp-json\/wp\/v2\/posts\/138017"}],"collection":[{"href":"https:\/\/www.tgrthaber.com\/mavikadin\/wp-json\/wp\/v2\/posts"}],"about":[{"href":"https:\/\/www.tgrthaber.com\/mavikadin\/wp-json\/wp\/v2\/types\/post"}],"author":[{"embeddable":true,"href":"https:\/\/www.tgrthaber.com\/mavikadin\/wp-json\/wp\/v2\/users\/34"}],"replies":[{"embeddable":true,"href":"https:\/\/www.tgrthaber.com\/mavikadin\/wp-json\/wp\/v2\/comments?post=138017"}],"version-history":[{"count":5,"href":"https:\/\/www.tgrthaber.com\/mavikadin\/wp-json\/wp\/v2\/posts\/138017\/revisions"}],"predecessor-version":[{"id":139240,"href":"https:\/\/www.tgrthaber.com\/mavikadin\/wp-json\/wp\/v2\/posts\/138017\/revisions\/139240"}],"wp:featuredmedia":[{"embeddable":true,"href":"https:\/\/www.tgrthaber.com\/mavikadin\/wp-json\/wp\/v2\/media\/138033"}],"wp:attachment":[{"href":"https:\/\/www.tgrthaber.com\/mavikadin\/wp-json\/wp\/v2\/media?parent=138017"}],"wp:term":[{"taxonomy":"category","embeddable":true,"href":"https:\/\/www.tgrthaber.com\/mavikadin\/wp-json\/wp\/v2\/categories?post=138017"},{"taxonomy":"post_tag","embeddable":true,"href":"https:\/\/www.tgrthaber.com\/mavikadin\/wp-json\/wp\/v2\/tags?post=138017"}],"curies":[{"name":"wp","href":"https:\/\/api.w.org\/{rel}","templated":true}]}}