{"id":138018,"date":"2025-02-25T11:30:30","date_gmt":"2025-02-25T08:30:30","guid":{"rendered":"https:\/\/www.tgrthaber.com\/mavikadin\/?p=138018"},"modified":"2025-02-25T11:30:31","modified_gmt":"2025-02-25T08:30:31","slug":"mert-ramazan-demir-londra-moda-haftasinda","status":"publish","type":"post","link":"https:\/\/www.tgrthaber.com\/mavikadin\/mert-ramazan-demir-londra-moda-haftasinda\/","title":{"rendered":"Mert Ramazan Demir Londra Moda Haftas\u0131&#8217;nda!"},"content":{"rendered":"<p>Pop\u00fcler dizi Yal\u0131 \u00c7apk\u0131n\u0131&#8217;nda Ferit&#8217;i oynayan y\u00fckselen y\u0131ld\u0131z Mert Ramazan Demir, yak\u0131n zamanda Londra Moda Haftas\u0131&#8217;ndaki Burberry defilesine kat\u0131ld\u0131. Bu g\u00f6r\u00fcn\u00fcm, kariyerinde heyecan verici bir d\u00f6n\u00fcm noktas\u0131n\u0131 i\u015faret ediyor ve etkisinin e\u011flence sekt\u00f6r\u00fcn\u00fcn \u00f6tesine, moda d\u00fcnyas\u0131na kadar uzand\u0131\u011f\u0131n\u0131 g\u00f6steriyor. \u0130\u015fte Mert Ramazan Demir&#8217;in kat\u0131ld\u0131\u011f\u0131 etkinli\u011fe dair bilgiler&#8230;<\/p>\n<h3>MERT RAMAZAN DEM\u0130R LONDRA MODA HAFTASI&#8217;NDA<\/h3>\n<p>Londra Moda Haftas\u0131 gibi ikonik bir moda etkinli\u011fine kat\u0131lmak, Demir&#8217;in \u015f\u00f6hretinin uluslararas\u0131 s\u0131n\u0131rlar\u0131 a\u015ft\u0131\u011f\u0131n\u0131n a\u00e7\u0131k bir i\u015faretidir. T\u00fcrkiye&#8217;nin en \u00e7ok konu\u015fulan gen\u00e7 akt\u00f6rlerinden biri olarak, b\u00f6ylesine y\u00fcksek profilli bir etkinlikte g\u00f6r\u00fcnmesi, yaln\u0131zca oyunculu\u011fuyla de\u011fil, ayn\u0131 zamanda stili ve k\u00fcresel \u00e7ekicili\u011fiyle de tan\u0131nd\u0131\u011f\u0131n\u0131 g\u00f6steriyor.<\/p>\n<p><img loading=\"lazy\" decoding=\"async\" class=\"alignnone wp-image-138034\" src=\"https:\/\/www.tgrthaber.com\/mavikadin\/wp-content\/uploads\/2-224.png\" alt=\"\" width=\"1208\" height=\"680\" title=\"\" srcset=\"https:\/\/www.tgrthaber.com\/mavikadin\/wp-content\/uploads\/2-224.png 1280w, https:\/\/www.tgrthaber.com\/mavikadin\/wp-content\/uploads\/2-224-300x169.png 300w, https:\/\/www.tgrthaber.com\/mavikadin\/wp-content\/uploads\/2-224-1024x576.png 1024w, https:\/\/www.tgrthaber.com\/mavikadin\/wp-content\/uploads\/2-224-768x432.png 768w\" sizes=\"(max-width: 1208px) 100vw, 1208px\" \/><\/p>\n<hr \/>\n<h3>MERT RAMAZAN DEM\u0130R \u00dcNL\u00dc MARKANIN DEF\u0130LES\u0130N\u0130 \u0130ZLED\u0130<\/h3>\n<p>Demir, Burberry defilesinde \u00fcnl\u00fc markan\u0131n en son koleksiyonlar\u0131ndan baz\u0131lar\u0131n\u0131 g\u00f6rme \u015fans\u0131 yakalad\u0131. K\u00fcresel modan\u0131n en iyilerini sergilemesiyle bilinen etkinlik, Demir&#8217;in di\u011fer \u00fcnl\u00fcler ve moda ikonlar\u0131yla etkile\u015fim kurmas\u0131n\u0131 sa\u011flad\u0131. Demir&#8217;in \u00fcnl\u00fc moda haftas\u0131na kat\u0131lmas\u0131, ba\u015far\u0131l\u0131 oyunculuk kariyerinin yan\u0131 s\u0131ra modaya olan artan ilgisini yans\u0131t\u0131yor.<\/p>\n<p><img loading=\"lazy\" decoding=\"async\" class=\"alignnone wp-image-138038\" src=\"https:\/\/www.tgrthaber.com\/mavikadin\/wp-content\/uploads\/6-89.png\" alt=\"\" width=\"1208\" height=\"680\" title=\"\" srcset=\"https:\/\/www.tgrthaber.com\/mavikadin\/wp-content\/uploads\/6-89.png 1280w, https:\/\/www.tgrthaber.com\/mavikadin\/wp-content\/uploads\/6-89-300x169.png 300w, https:\/\/www.tgrthaber.com\/mavikadin\/wp-content\/uploads\/6-89-1024x576.png 1024w, https:\/\/www.tgrthaber.com\/mavikadin\/wp-content\/uploads\/6-89-768x432.png 768w\" sizes=\"(max-width: 1208px) 100vw, 1208px\" \/><\/p>\n<hr \/>\n<h3>MERT RAMAZAN DEM\u0130R VE NAOM\u0130 CAMPBELL<\/h3>\n<p>Burberry g\u00f6sterisine kat\u0131lmas\u0131n\u0131n yan\u0131 s\u0131ra, Demir&#8217;in deneyimi Naomi Campbell&#8217;\u0131n podyum y\u00fcr\u00fcy\u00fc\u015f\u00fcn\u00fc izledi\u011fi bir an da dahil olmak \u00fczere birka\u00e7 viral an ile yakaland\u0131. Etkinlikten gelen foto\u011fraflar ve videolar h\u0131zla sosyal medyada yay\u0131ld\u0131 ve bir stil ikonu olarak \u00fcn\u00fcn\u00fc daha da art\u0131rd\u0131.<\/p>\n<p><img loading=\"lazy\" decoding=\"async\" class=\"alignnone wp-image-138036\" src=\"https:\/\/www.tgrthaber.com\/mavikadin\/wp-content\/uploads\/4-174.png\" alt=\"\" width=\"1208\" height=\"680\" title=\"\" srcset=\"https:\/\/www.tgrthaber.com\/mavikadin\/wp-content\/uploads\/4-174.png 1280w, https:\/\/www.tgrthaber.com\/mavikadin\/wp-content\/uploads\/4-174-300x169.png 300w, https:\/\/www.tgrthaber.com\/mavikadin\/wp-content\/uploads\/4-174-1024x576.png 1024w, https:\/\/www.tgrthaber.com\/mavikadin\/wp-content\/uploads\/4-174-768x432.png 768w\" sizes=\"(max-width: 1208px) 100vw, 1208px\" \/><\/p>\n<hr \/>\n<p>Londra Moda Haftas\u0131&#8217;ndaki g\u00f6r\u00fcn\u00fcm\u00fcyle, Mert Ramazan Demir&#8217;in sadece gelecek vaat eden bir akt\u00f6r de\u011fil, ayn\u0131 zamanda moda d\u00fcnyas\u0131nda y\u00fckselen bir isim oldu\u011fu a\u00e7\u0131k. Bunun gibi k\u00fcresel etkinliklere kat\u0131l\u0131m\u0131, kariyerinin televizyonun \u00f6tesinde yeni alanlara do\u011fru geni\u015fleyerek b\u00fcy\u00fcmeye devam edece\u011fini g\u00f6steriyor.<\/p>\n<p><img loading=\"lazy\" decoding=\"async\" class=\"alignnone wp-image-138037\" src=\"https:\/\/www.tgrthaber.com\/mavikadin\/wp-content\/uploads\/5-117.png\" alt=\"\" width=\"1208\" height=\"680\" title=\"\" srcset=\"https:\/\/www.tgrthaber.com\/mavikadin\/wp-content\/uploads\/5-117.png 1280w, https:\/\/www.tgrthaber.com\/mavikadin\/wp-content\/uploads\/5-117-300x169.png 300w, https:\/\/www.tgrthaber.com\/mavikadin\/wp-content\/uploads\/5-117-1024x576.png 1024w, https:\/\/www.tgrthaber.com\/mavikadin\/wp-content\/uploads\/5-117-768x432.png 768w\" sizes=\"(max-width: 1208px) 100vw, 1208px\" \/><\/p>\n<hr \/>\n<p>Bu \u00e7ok yetenekli y\u0131ld\u0131z\u0131n gelece\u011fi parlak g\u00f6r\u00fcn\u00fcyor ve hayranlar\u0131 s\u00fcrekli geni\u015fleyen kariyerinde bundan sonra ne olaca\u011f\u0131n\u0131 g\u00f6rmek i\u00e7in sab\u0131rs\u0131zlan\u0131yor.<\/p>\n","protected":false},"excerpt":{"rendered":"<p>Son d\u00f6nemlerin pop\u00fcler dizisi Yal\u0131 \u00c7apk\u0131n\u0131&#8217;n\u0131n Ferit&#8217;i Mert Ramazan Demir \u00fcnl\u00fc Londra Moda Haftas\u0131&#8217;na kat\u0131ld\u0131. Kat\u0131ld\u0131\u011f\u0131 etkinlikten g\u00f6r\u00fcnt\u00fcler h\u0131zla yay\u0131l\u0131rken sosyal medyada b\u00fcy\u00fck ilgi g\u00f6rd\u00fc. \u0130\u015fte Mert Ramazan Demir&#8217;in kat\u0131ld\u0131\u011f\u0131 etkinli\u011fe dair ayr\u0131nt\u0131lar&#8230;<\/p>\n","protected":false},"author":28,"featured_media":138035,"comment_status":"closed","ping_status":"closed","sticky":false,"template":"","format":"standard","meta":{"rank_math_lock_modified_date":false,"footnotes":""},"categories":[76],"tags":[11915,2779,11916],"class_list":["post-138018","post","type-post","status-publish","format-standard","has-post-thumbnail","hentry","category-magazin","tag-londra-moda-haftasi","tag-mert-ramazan-demir","tag-naomi-campbell"],"_links":{"self":[{"href":"https:\/\/www.tgrthaber.com\/mavikadin\/wp-json\/wp\/v2\/posts\/138018"}],"collection":[{"href":"https:\/\/www.tgrthaber.com\/mavikadin\/wp-json\/wp\/v2\/posts"}],"about":[{"href":"https:\/\/www.tgrthaber.com\/mavikadin\/wp-json\/wp\/v2\/types\/post"}],"author":[{"embeddable":true,"href":"https:\/\/www.tgrthaber.com\/mavikadin\/wp-json\/wp\/v2\/users\/28"}],"replies":[{"embeddable":true,"href":"https:\/\/www.tgrthaber.com\/mavikadin\/wp-json\/wp\/v2\/comments?post=138018"}],"version-history":[{"count":2,"href":"https:\/\/www.tgrthaber.com\/mavikadin\/wp-json\/wp\/v2\/posts\/138018\/revisions"}],"predecessor-version":[{"id":138042,"href":"https:\/\/www.tgrthaber.com\/mavikadin\/wp-json\/wp\/v2\/posts\/138018\/revisions\/138042"}],"wp:featuredmedia":[{"embeddable":true,"href":"https:\/\/www.tgrthaber.com\/mavikadin\/wp-json\/wp\/v2\/media\/138035"}],"wp:attachment":[{"href":"https:\/\/www.tgrthaber.com\/mavikadin\/wp-json\/wp\/v2\/media?parent=138018"}],"wp:term":[{"taxonomy":"category","embeddable":true,"href":"https:\/\/www.tgrthaber.com\/mavikadin\/wp-json\/wp\/v2\/categories?post=138018"},{"taxonomy":"post_tag","embeddable":true,"href":"https:\/\/www.tgrthaber.com\/mavikadin\/wp-json\/wp\/v2\/tags?post=138018"}],"curies":[{"name":"wp","href":"https:\/\/api.w.org\/{rel}","templated":true}]}}