{"id":138023,"date":"2025-02-25T11:22:13","date_gmt":"2025-02-25T08:22:13","guid":{"rendered":"https:\/\/www.tgrthaber.com\/mavikadin\/?p=138023"},"modified":"2025-02-25T11:22:13","modified_gmt":"2025-02-25T08:22:13","slug":"can-yamanli-sandokan-dizisinin-ilk-afisi-yayinlandi-28-subatta-ilk-kez-gorucuye-cikiyor","status":"publish","type":"post","link":"https:\/\/www.tgrthaber.com\/mavikadin\/can-yamanli-sandokan-dizisinin-ilk-afisi-yayinlandi-28-subatta-ilk-kez-gorucuye-cikiyor\/","title":{"rendered":"Can Yaman\u2019l\u0131 Sandokan dizisinin ilk afi\u015fi yay\u0131nland\u0131! 28 \u015eubat&#8217;ta ilk kez g\u00f6r\u00fcc\u00fcye \u00e7\u0131k\u0131yor"},"content":{"rendered":"<p>Can Yaman\u2019l\u0131 Sandokan dizisinin ilk afi\u015fi yay\u0131nland\u0131. Yaman\u2019\u0131n Gossip Girl\u2019\u00fcn ba\u015far\u0131l\u0131 oyuncusu Ed Westwick ile Mumya film serileriyle tan\u0131nan John Hannah gibi \u00fcnl\u00fc isimlerle birlikte kamera kar\u015f\u0131s\u0131na ge\u00e7ti\u011fi Sandokan \u0130talyan devlet kanal\u0131nda sonbahara do\u011fru yay\u0131na girecek.<\/p>\n<h3>CAN YAMAN\u2019LI SANDOKAN D\u0130Z\u0130S\u0130N\u0130N \u0130LK AF\u0130\u015e\u0130 YAYINLANDI!<\/h3>\n<p>Sandokan dizisinin ilk afi\u015fi yay\u0131nland\u0131. Sonbahara do\u011fru yay\u0131na girmesi planlanan dizinin \u00e7ekimleri 4 ayda tamamland\u0131. Toplamda 3 sezondan olu\u015fan Sandokan\u2019\u0131n ilk sezonunda 8 b\u00f6l\u00fcm yer al\u0131yor.<\/p>\n<p>Can Yaman\u2019\u0131n Gossip Girl\u2019\u00fcn ba\u015far\u0131l\u0131 oyuncusu Ed Westwick ile Mumya film serileriyle tan\u0131nan John Hannah gibi \u00fcnl\u00fc isimlerle kamera kar\u015f\u0131s\u0131na ge\u00e7ti\u011fi dizi merakla bekleniyor.<\/p>\n<p><img loading=\"lazy\" decoding=\"async\" class=\"alignnone wp-image-138024\" src=\"https:\/\/www.tgrthaber.com\/mavikadin\/wp-content\/uploads\/Can-Yaman-3-1.jpg\" alt=\"\" width=\"1208\" height=\"680\" title=\"\" srcset=\"https:\/\/www.tgrthaber.com\/mavikadin\/wp-content\/uploads\/Can-Yaman-3-1.jpg 1920w, https:\/\/www.tgrthaber.com\/mavikadin\/wp-content\/uploads\/Can-Yaman-3-1-300x169.jpg 300w, https:\/\/www.tgrthaber.com\/mavikadin\/wp-content\/uploads\/Can-Yaman-3-1-1024x576.jpg 1024w, https:\/\/www.tgrthaber.com\/mavikadin\/wp-content\/uploads\/Can-Yaman-3-1-768x432.jpg 768w, https:\/\/www.tgrthaber.com\/mavikadin\/wp-content\/uploads\/Can-Yaman-3-1-1536x864.jpg 1536w\" sizes=\"(max-width: 1208px) 100vw, 1208px\" \/><\/p>\n<hr \/>\n<h3>\u0130LK G\u00d6STER\u0130M 28 \u015eUBAT\u2019TA<\/h3>\n<p>Can Yaman\u2019\u0131n ba\u015frol\u00fcnde yer ald\u0131\u011f\u0131 Sandokan\u2019\u0131n da\u011f\u0131t\u0131mc\u0131s\u0131 fuar kapsam\u0131nda 28 \u015eubat sabah\u0131 1000 ki\u015filik \u00f6zel g\u00f6sterim d\u00fczenliyor. Sandokan ekibi g\u00f6sterim \u00f6ncesi sahneye \u00e7\u0131kacak, ard\u0131ndan da d\u00fcnyan\u0131n en b\u00fcy\u00fck dijital platform y\u00f6neticileriyle tan\u0131\u015facak.<\/p>\n<p>Jan Maria Michelini\u2019nin y\u00f6netmenli\u011fini \u00fcstlendi\u011fi dizi 23 ile 28 \u015eubat tarihleri aras\u0131nda d\u00fczenlenen d\u00fcnyaca \u00fcnl\u00fc sekt\u00f6r temsilcilerinin bulu\u015ftu\u011fu London TV Screenings fuar\u0131nda ilk defa g\u00f6r\u00fcc\u00fcye \u00e7\u0131kacak. Can Yaman\u2019\u0131n ise \u00e7ar\u015famba g\u00fcn\u00fc Londra\u2019ya gidece\u011fi \u00f6\u011frenildi.<\/p>\n<p><img loading=\"lazy\" decoding=\"async\" class=\"alignnone wp-image-138025\" src=\"https:\/\/www.tgrthaber.com\/mavikadin\/wp-content\/uploads\/Can-Yaman-2-1.jpg\" alt=\"\" width=\"1208\" height=\"680\" title=\"\" srcset=\"https:\/\/www.tgrthaber.com\/mavikadin\/wp-content\/uploads\/Can-Yaman-2-1.jpg 1920w, https:\/\/www.tgrthaber.com\/mavikadin\/wp-content\/uploads\/Can-Yaman-2-1-300x169.jpg 300w, https:\/\/www.tgrthaber.com\/mavikadin\/wp-content\/uploads\/Can-Yaman-2-1-1024x576.jpg 1024w, https:\/\/www.tgrthaber.com\/mavikadin\/wp-content\/uploads\/Can-Yaman-2-1-768x432.jpg 768w, https:\/\/www.tgrthaber.com\/mavikadin\/wp-content\/uploads\/Can-Yaman-2-1-1536x864.jpg 1536w\" sizes=\"(max-width: 1208px) 100vw, 1208px\" \/><\/p>\n<hr \/>\n<h3>SANDOKAN D\u0130Z\u0130S\u0130 KONUSU NED\u0130R?<\/h3>\n<p>\u0130talyan yazar Emilio Salgari taraf\u0131ndan kurgulanan Sandokan, 19. y\u00fczy\u0131l\u0131n sonlar\u0131ndan kalma hayali bir korsand\u0131r. \u0130lk maceralar\u0131 1883 y\u0131l\u0131nda yay\u0131mlan\u0131r.<\/p>\n<p>Sandokan 11 macera roman\u0131n\u0131n ba\u015f kahraman\u0131 olarak bilinir. Romanda ge\u00e7en bir korsan olan Sandokan, \u00e7ok farkl\u0131 projelere konu olmu\u015ftur.<\/p>\n<p>G\u00fcney \u00c7in Denizi\u2019nde \u201cMalezya Kaplan\u0131\u201d olarak bilinen Sandokan\u2019\u0131n film ve dizileri \u00e7ekilmi\u015ftir.<\/p>\n<p>\u00c7ekildi\u011fi her dizi ve filmde farkl\u0131 konulara yo\u011funla\u015fma olmu\u015ftur. Karaktere insan \u00fcst\u00fc \u00f6zellikler de verilmi\u015ftir.<\/p>\n<p>Bu projeler aras\u0131nda akla ve mant\u0131\u011fa en \u00e7ok uyan 1964\u2019te yay\u0131nlanan film olmu\u015ftur.<\/p>\n<p>Can Yaman\u2019\u0131n yer alaca\u011f\u0131 dizide de b\u00f6yle bir konu ele al\u0131n\u0131yor.<\/p>\n","protected":false},"excerpt":{"rendered":"<p>Can Yaman\u2019\u0131n Ed Westwick ve John Hannah gibi \u00fcnl\u00fc isimlerle kamera kar\u015f\u0131s\u0131na ge\u00e7ti\u011fi Sandokan dizisi sonbaharda \u0130talyan devlet kanal\u0131nda yay\u0131na girmeye haz\u0131rlan\u0131yor.<\/p>\n","protected":false},"author":5,"featured_media":138026,"comment_status":"closed","ping_status":"closed","sticky":false,"template":"","format":"standard","meta":{"rank_math_lock_modified_date":false,"footnotes":""},"categories":[602],"tags":[2980,2628,3628],"class_list":["post-138023","post","type-post","status-publish","format-standard","has-post-thumbnail","hentry","category-diziler","tag-can-yaman","tag-dizi-haberleri","tag-sandokan"],"_links":{"self":[{"href":"https:\/\/www.tgrthaber.com\/mavikadin\/wp-json\/wp\/v2\/posts\/138023"}],"collection":[{"href":"https:\/\/www.tgrthaber.com\/mavikadin\/wp-json\/wp\/v2\/posts"}],"about":[{"href":"https:\/\/www.tgrthaber.com\/mavikadin\/wp-json\/wp\/v2\/types\/post"}],"author":[{"embeddable":true,"href":"https:\/\/www.tgrthaber.com\/mavikadin\/wp-json\/wp\/v2\/users\/5"}],"replies":[{"embeddable":true,"href":"https:\/\/www.tgrthaber.com\/mavikadin\/wp-json\/wp\/v2\/comments?post=138023"}],"version-history":[{"count":2,"href":"https:\/\/www.tgrthaber.com\/mavikadin\/wp-json\/wp\/v2\/posts\/138023\/revisions"}],"predecessor-version":[{"id":138028,"href":"https:\/\/www.tgrthaber.com\/mavikadin\/wp-json\/wp\/v2\/posts\/138023\/revisions\/138028"}],"wp:featuredmedia":[{"embeddable":true,"href":"https:\/\/www.tgrthaber.com\/mavikadin\/wp-json\/wp\/v2\/media\/138026"}],"wp:attachment":[{"href":"https:\/\/www.tgrthaber.com\/mavikadin\/wp-json\/wp\/v2\/media?parent=138023"}],"wp:term":[{"taxonomy":"category","embeddable":true,"href":"https:\/\/www.tgrthaber.com\/mavikadin\/wp-json\/wp\/v2\/categories?post=138023"},{"taxonomy":"post_tag","embeddable":true,"href":"https:\/\/www.tgrthaber.com\/mavikadin\/wp-json\/wp\/v2\/tags?post=138023"}],"curies":[{"name":"wp","href":"https:\/\/api.w.org\/{rel}","templated":true}]}}