{"id":138043,"date":"2025-02-25T11:37:42","date_gmt":"2025-02-25T08:37:42","guid":{"rendered":"https:\/\/www.tgrthaber.com\/mavikadin\/?p=138043"},"modified":"2025-02-25T11:39:00","modified_gmt":"2025-02-25T08:39:00","slug":"sevda-turkusev-kimdir-sevda-turkusev-kac-yasinda-meslegi-ne","status":"publish","type":"post","link":"https:\/\/www.tgrthaber.com\/mavikadin\/sevda-turkusev-kimdir-sevda-turkusev-kac-yasinda-meslegi-ne\/","title":{"rendered":"Sevda T\u00fcrk\u00fcsev kimdir? Sevda T\u00fcrk\u00fcsev ka\u00e7 ya\u015f\u0131nda, mesle\u011fi ne?"},"content":{"rendered":"<p>Son d\u00f6nemlerde sosyal medya hesab\u0131ndan yapt\u0131\u011f\u0131 payla\u015f\u0131mlarla ad\u0131n\u0131 s\u0131k\u00e7a duydu\u011fumuz Sevda T\u00fcrk\u00fcsev\u2019in kim oldu\u011fu merakla ara\u015ft\u0131r\u0131l\u0131yor. Daha \u00e7ok yazarl\u0131k ve televizyon yorumculu\u011fuyla tan\u0131nan Sevda T\u00fcrk\u00fcsev\u2019in \u00f6zel hayat\u0131 da merak ediliyor. Hem sosyal medyada hem de televizyon programlar\u0131nda yapt\u0131\u011f\u0131 a\u00e7\u0131klamalarla ad\u0131ndan s\u00f6z ettiren Sevda T\u00fcrk\u00fcsev dikkatleri \u00fczerine \u00e7ekmeye devam ediyor. Peki, Sevda T\u00fcrk\u00fcsev kimdir? Sevda T\u00fcrk\u00fcsev ka\u00e7 ya\u015f\u0131nda, mesle\u011fi ne? Sevda T\u00fcrk\u00fcsev hakk\u0131nda merak edilenleri sizin i\u00e7in ara\u015ft\u0131rd\u0131k. \u0130\u015fte Sevda T\u00fcrk\u00fcsev hakk\u0131nda bilinmeyenler\u2026<\/p>\n<h3>SEVDA T\u00dcRK\u00dcSEV K\u0130MD\u0130R?<\/h3>\n<p>Sevda T\u00fcrk\u00fcsev, 10 Haziran 1969 tarihinde \u0130stanbul\u2019da d\u00fcnyaya geldi. E\u011fitim hayat\u0131 hakk\u0131nda pek fazla bir bilgi bulunmayan T\u00fcrk\u00fcsev, i\u015f hayat\u0131na tekstil sekt\u00f6r\u00fcyle ad\u0131m att\u0131. 1987 y\u0131l\u0131nda tekstil sekt\u00f6r\u00fcnde tasar\u0131mc\u0131 olarak \u00e7al\u0131\u015fmaya ba\u015flayan T\u00fcrk\u00fcsev, daha sonra \u00fcretim ve planlama gibi departmanlarda g\u00f6rev ald\u0131.<\/p>\n<p><img loading=\"lazy\" decoding=\"async\" class=\"alignnone wp-image-138046\" src=\"https:\/\/www.tgrthaber.com\/mavikadin\/wp-content\/uploads\/Sevda-Turkusev-3-1024x576.jpg\" alt=\"Sevda T\u00fcrk\u00fcsev kimdir? \" width=\"1208\" height=\"680\" title=\"\" srcset=\"https:\/\/www.tgrthaber.com\/mavikadin\/wp-content\/uploads\/Sevda-Turkusev-3-1024x576.jpg 1024w, https:\/\/www.tgrthaber.com\/mavikadin\/wp-content\/uploads\/Sevda-Turkusev-3-300x169.jpg 300w, https:\/\/www.tgrthaber.com\/mavikadin\/wp-content\/uploads\/Sevda-Turkusev-3-768x432.jpg 768w, https:\/\/www.tgrthaber.com\/mavikadin\/wp-content\/uploads\/Sevda-Turkusev-3-1536x864.jpg 1536w, https:\/\/www.tgrthaber.com\/mavikadin\/wp-content\/uploads\/Sevda-Turkusev-3.jpg 1600w\" sizes=\"(max-width: 1208px) 100vw, 1208px\" \/><\/p>\n<hr \/>\n<p>T\u00fcrkiye\u2019de olduk\u00e7a ba\u015far\u0131l\u0131 ve b\u00fcy\u00fck \u015firketlerde \u00e7al\u0131\u015fan Sevda T\u00fcrk\u00fcsev, 2004 ve 2008 y\u0131llar\u0131 aras\u0131nda yurt d\u0131\u015f\u0131nda bir entegre tekstil firmas\u0131n\u0131n genel m\u00fcd\u00fcrl\u00fc\u011f\u00fcn\u00fc yapt\u0131. \u0130\u015f hayat\u0131na tekstil sekt\u00f6r\u00fcyle ad\u0131m atan T\u00fcrk\u00fcsev, 2004 y\u0131l\u0131nda yazarl\u0131k kariyerine ad\u0131m att\u0131. 2004 y\u0131l\u0131nda yay\u0131mlad\u0131\u011f\u0131 \u201cMuhafazak\u00e2r \u00c7apk\u0131nl\u0131k\u201d kitab\u0131yla sekt\u00f6re giri\u015f yapan T\u00fcrk\u00fcsev, bu kitapta, genel m\u00fcd\u00fcrl\u00fck d\u00f6nemindeki g\u00f6zlemlerini, izlenimlerini ve ya\u015fad\u0131klar\u0131n\u0131 k\u00e2\u011f\u0131da d\u00f6kt\u00fc. \u201cMuhafazak\u00e2r \u00c7apk\u0131nl\u0131k\u201d kitab\u0131yla b\u00fcy\u00fck bir \u00e7\u0131k\u0131\u015f yapan T\u00fcrk\u00fcsev, \u00e7e\u015fitli televizyon programlar\u0131na konuk oldu.<\/p>\n<h3>SEVDA T\u00dcRK\u00dcSEV\u2019\u0130N MESLE\u011e\u0130 NE?<\/h3>\n<p>\u0130\u015f hayat\u0131na tekstil sekt\u00f6r\u00fcyle ba\u015flayan Sevda T\u00fcrk\u00fcsev, kariyerine yazarl\u0131k, dan\u0131\u015fmanl\u0131k ve e\u011fitmenlik gibi alanlarda devam ediyor. Toplamda 14 kitap yazan T\u00fcrk\u00fcsev, yaz\u0131lar\u0131nda kad\u0131n-erkek ili\u015fkilerini, ki\u015fisel geli\u015fim konular\u0131n\u0131 ve ki\u015fisel ba\u015far\u0131 konular\u0131n\u0131 \u00f6n plana \u00e7\u0131kar\u0131yor. Daha \u00e7ok bu konularda yaz\u0131lar\u0131 kaleme alan T\u00fcrk\u00fcsev\u2019in \u201cDuygu Kontrol\u00fc ve Ki\u015fisel Ba\u015far\u0131\u201d adl\u0131 kitab\u0131 en \u00e7ok satan eserleri aras\u0131nda yer al\u0131yor.<\/p>\n<p><img loading=\"lazy\" decoding=\"async\" class=\"alignnone wp-image-138047\" src=\"https:\/\/www.tgrthaber.com\/mavikadin\/wp-content\/uploads\/Sevda-Turkusev-1-1024x576.jpg\" alt=\"Sevda T\u00fcrk\u00fcsev kimdir? \" width=\"1208\" height=\"680\" title=\"\" srcset=\"https:\/\/www.tgrthaber.com\/mavikadin\/wp-content\/uploads\/Sevda-Turkusev-1-1024x576.jpg 1024w, https:\/\/www.tgrthaber.com\/mavikadin\/wp-content\/uploads\/Sevda-Turkusev-1-300x169.jpg 300w, https:\/\/www.tgrthaber.com\/mavikadin\/wp-content\/uploads\/Sevda-Turkusev-1-768x432.jpg 768w, https:\/\/www.tgrthaber.com\/mavikadin\/wp-content\/uploads\/Sevda-Turkusev-1-1536x864.jpg 1536w, https:\/\/www.tgrthaber.com\/mavikadin\/wp-content\/uploads\/Sevda-Turkusev-1.jpg 1600w\" sizes=\"(max-width: 1208px) 100vw, 1208px\" \/><\/p>\n<hr \/>\n<p>Sevda T\u00fcrk\u00fcsev, kitap yazarl\u0131\u011f\u0131n\u0131n yan\u0131 s\u0131ra \u00fcnl\u00fc gazetelerde de k\u00f6\u015fe yazarl\u0131\u011f\u0131 yapt\u0131. 2014-2015 y\u0131llar\u0131 aras\u0131nda Yeni \u015eafak gazetesinde k\u00f6\u015fe yazarl\u0131\u011f\u0131 yapan T\u00fcrk\u00fcsev, genellikle internet gazetelerinde g\u00fcndeme dair yorumlar\u0131n\u0131 d\u00fczenli olarak okuyucuyla payla\u015ft\u0131. T\u00fcrk\u00fcsev, yazarl\u0131\u011f\u0131n yan\u0131 s\u0131ra 2014-2015 y\u0131llar\u0131 aras\u0131nda TV Net\u2019te \u201cNet Bak\u0131\u015f\u201d adl\u0131 programda yorumcu olarak yer ald\u0131. Bu programda g\u00fcndeme dair konular\u0131 yorumlayan T\u00fcrk\u00fcsev, son d\u00f6nemlerde bir\u00e7ok \u00fcniversite ve okullarda konu\u015fmalar yapt\u0131.<\/p>\n<h3>SEVDA T\u00dcRK\u00dcSEV KA\u00c7 YA\u015eINDA?<\/h3>\n<p>\u015eimdilerde 56 ya\u015flar\u0131nda olan Sevda T\u00fcrk\u00fcsev, son zamanlarda sosyal medya ve televizyon programlar\u0131nda yapt\u0131\u011f\u0131 yorumlarla g\u00fcndeme geliyor. Kendi ki\u015fisel sosyal medya hesaplar\u0131ndan yapt\u0131\u011f\u0131 yorumlarla dikkatleri \u00fczerine \u00e7eken T\u00fcrk\u00fcsev, sosyal medyan\u0131n en \u00e7ok konu\u015fulan isimleri aras\u0131nda yer al\u0131yor. T\u00fcrk\u00fcsev, \u00e7e\u015fitli e\u011fitim kurumlar\u0131nda gen\u00e7lere ki\u015fisel geli\u015fim, ba\u015far\u0131, motivasyon ve liderlik konular\u0131yla alakal\u0131 konu\u015fmalar, paneller, konferanslar veriyor. Bunun yan\u0131nda aile i\u00e7i ileti\u015fim, ki\u015fisel geli\u015fim, medyan\u0131n etkisi ve i\u015f hayat\u0131nda ba\u015far\u0131 ba\u015fl\u0131kl\u0131 konularda da \u00e7e\u015fitli programlar d\u00fczenleyen T\u00fcrk\u00fcsev, konferanslar ve e\u011fitimler vermeye devam ediyor.<\/p>\n<p><img loading=\"lazy\" decoding=\"async\" class=\"alignnone wp-image-138048\" src=\"https:\/\/www.tgrthaber.com\/mavikadin\/wp-content\/uploads\/Sevda-Turkusev-2-1024x576.jpg\" alt=\"Sevda T\u00fcrk\u00fcsev kimdir? \" width=\"1208\" height=\"680\" title=\"\" srcset=\"https:\/\/www.tgrthaber.com\/mavikadin\/wp-content\/uploads\/Sevda-Turkusev-2-1024x576.jpg 1024w, https:\/\/www.tgrthaber.com\/mavikadin\/wp-content\/uploads\/Sevda-Turkusev-2-300x169.jpg 300w, https:\/\/www.tgrthaber.com\/mavikadin\/wp-content\/uploads\/Sevda-Turkusev-2-768x432.jpg 768w, https:\/\/www.tgrthaber.com\/mavikadin\/wp-content\/uploads\/Sevda-Turkusev-2-1536x864.jpg 1536w, https:\/\/www.tgrthaber.com\/mavikadin\/wp-content\/uploads\/Sevda-Turkusev-2.jpg 1600w\" sizes=\"(max-width: 1208px) 100vw, 1208px\" \/><\/p>\n<hr \/>\n<p>Daha \u00e7ok sosyal medya hesaplar\u0131ndan yapt\u0131\u011f\u0131 payla\u015f\u0131mlarla ve yorumlarla g\u00fcndeme gelen Sevda T\u00fcrk\u00fcsev, g\u00fcndeme dair yorumlar\u0131n\u0131 aktif bir \u015fekilde payla\u015fmaya devam ediyor. Televizyon yorumculu\u011fu, ki\u015fisel geli\u015fim dan\u0131\u015fmanl\u0131\u011f\u0131 kurumsal ve bireysel dan\u0131\u015fmanl\u0131k hizmetleri veren T\u00fcrk\u00fcsev, payla\u015f\u0131mlar\u0131yla dikkat \u00e7ekiyor. Ayn\u0131 zamanda T\u00fcrk\u00fcsev\u2019in bir d\u00f6nem TGRT Haber\u2019de \u201cBilmedikleriniz\u201d adl\u0131 programda hafta i\u00e7i her g\u00fcn Erol K\u00f6se ile g\u00fcndeme dair yorumlar yapt\u0131\u011f\u0131 da biliniyor.<\/p>\n<h3>SEVDA T\u00dcRK\u00dcSEV EVL\u0130 M\u0130?<\/h3>\n<p>Payla\u015f\u0131mlar\u0131yla g\u00fcndemden d\u00fc\u015fmeyen Sevda T\u00fcrk\u00fcsev\u2019in, 19 ya\u015f\u0131nda evlendi\u011fi ve bu evlili\u011finden bir erkek \u00e7ocuk sahibi oldu\u011fu biliniyor. Bununla birlikte T\u00fcrk\u00fcsev\u2019in 25 ya\u015f\u0131nda e\u015finden ayr\u0131ld\u0131\u011f\u0131 ve o\u011fluyla birlikte hayat\u0131na devam etti\u011fi s\u00f6yleniyor.<\/p>\n","protected":false},"excerpt":{"rendered":"<p>Son zamanlarda ad\u0131n\u0131 s\u0131k\u00e7a duydu\u011fumuz Sevda T\u00fcrk\u00fcsev\u2019in kim oldu\u011fu merak ediliyor. Peki, Sevda T\u00fcrk\u00fcsev kimdir? Sevda T\u00fcrk\u00fcsev ka\u00e7 ya\u015f\u0131nda, mesle\u011fi ne? \u0130\u015fte detaylar\u2026 <\/p>\n","protected":false},"author":26,"featured_media":138044,"comment_status":"closed","ping_status":"closed","sticky":false,"template":"","format":"standard","meta":{"rank_math_lock_modified_date":false,"footnotes":""},"categories":[491],"tags":[11917,11918],"class_list":["post-138043","post","type-post","status-publish","format-standard","has-post-thumbnail","hentry","category-biyografi","tag-sevda-turkusev","tag-sevda-turkusev-kimdir"],"_links":{"self":[{"href":"https:\/\/www.tgrthaber.com\/mavikadin\/wp-json\/wp\/v2\/posts\/138043"}],"collection":[{"href":"https:\/\/www.tgrthaber.com\/mavikadin\/wp-json\/wp\/v2\/posts"}],"about":[{"href":"https:\/\/www.tgrthaber.com\/mavikadin\/wp-json\/wp\/v2\/types\/post"}],"author":[{"embeddable":true,"href":"https:\/\/www.tgrthaber.com\/mavikadin\/wp-json\/wp\/v2\/users\/26"}],"replies":[{"embeddable":true,"href":"https:\/\/www.tgrthaber.com\/mavikadin\/wp-json\/wp\/v2\/comments?post=138043"}],"version-history":[{"count":3,"href":"https:\/\/www.tgrthaber.com\/mavikadin\/wp-json\/wp\/v2\/posts\/138043\/revisions"}],"predecessor-version":[{"id":138050,"href":"https:\/\/www.tgrthaber.com\/mavikadin\/wp-json\/wp\/v2\/posts\/138043\/revisions\/138050"}],"wp:featuredmedia":[{"embeddable":true,"href":"https:\/\/www.tgrthaber.com\/mavikadin\/wp-json\/wp\/v2\/media\/138044"}],"wp:attachment":[{"href":"https:\/\/www.tgrthaber.com\/mavikadin\/wp-json\/wp\/v2\/media?parent=138043"}],"wp:term":[{"taxonomy":"category","embeddable":true,"href":"https:\/\/www.tgrthaber.com\/mavikadin\/wp-json\/wp\/v2\/categories?post=138043"},{"taxonomy":"post_tag","embeddable":true,"href":"https:\/\/www.tgrthaber.com\/mavikadin\/wp-json\/wp\/v2\/tags?post=138043"}],"curies":[{"name":"wp","href":"https:\/\/api.w.org\/{rel}","templated":true}]}}