{"id":138060,"date":"2025-02-25T12:26:50","date_gmt":"2025-02-25T09:26:50","guid":{"rendered":"https:\/\/www.tgrthaber.com\/mavikadin\/?p=138060"},"modified":"2025-02-25T12:26:50","modified_gmt":"2025-02-25T09:26:50","slug":"angelina-jolie-ile-haluk-bilginerin-filmi-hayal-kirikligina-ugratti","status":"publish","type":"post","link":"https:\/\/www.tgrthaber.com\/mavikadin\/angelina-jolie-ile-haluk-bilginerin-filmi-hayal-kirikligina-ugratti\/","title":{"rendered":"Angelina Jolie ile Haluk Bilginer&#8217;in filmi hayal k\u0131r\u0131kl\u0131\u011f\u0131na u\u011fratt\u0131"},"content":{"rendered":"<p>Angelina Jolie ve Haluk Bilginer&#8217;in ba\u015frollerini payla\u015ft\u0131\u011f\u0131, merakla beklenen Maria filmi, hem gi\u015fede hem de ele\u015ftirmenlerin beklentilerini kar\u015f\u0131layamad\u0131. Y\u0131ld\u0131zlarla dolu kadrosuna ve \u00fcnl\u00fc Pablo Larra\u00edn&#8217;in y\u00f6netmenli\u011fine ra\u011fmen film, kar\u0131\u015f\u0131k ele\u015ftiriler ald\u0131 ve d\u00fcnya \u00e7ap\u0131ndaki izleyicilerin dikkatini \u00e7ekmekte zorland\u0131.<\/p>\n<h3>MAR\u0130A F\u0130LM\u0130 HAYAL KIRIKLI\u011eINA U\u011eRATTI<\/h3>\n<p>Maria&#8217;daki performanslar kar\u0131\u015f\u0131k ele\u015ftiriler ald\u0131, Jolie&#8217;nin Callas&#8217;\u0131 oynamas\u0131 \u00f6ne \u00e7\u0131kan unsurlardan biriydi. Bir\u00e7ok ele\u015ftirmen onun performans\u0131n\u0131 \u00f6vd\u00fc ve &#8220;kariyerinin en iyilerinden biri&#8221; dedi. Role g\u00fc\u00e7l\u00fc bir duygusal derinlik kat\u0131yor, Callas&#8217;\u0131n k\u0131r\u0131lganl\u0131\u011f\u0131n\u0131 ve g\u00fcc\u00fcn\u00fc e\u015fit \u00f6l\u00e7\u00fcde yakal\u0131yor. Ancak Jolie&#8217;nin \u00e7al\u0131\u015fmalar\u0131n\u0131n olumlu kar\u015f\u0131lanmas\u0131na ra\u011fmen, filmin kendisi hikaye anlat\u0131m\u0131 nedeniyle ele\u015ftirildi. Filmin anlat\u0131 yap\u0131s\u0131 ve temposu, \u00f6zellikle Callas&#8217;\u0131n hayat\u0131ndaki farkl\u0131 zaman dilimleri ve anlar aras\u0131nda ge\u00e7i\u015f \u015fekli, baz\u0131 izleyicilerde y\u00f6n\u00fcn\u00fc kaybetmi\u015f ve hikayenin duygusal \u00f6z\u00fcnden kopukluk hissi b\u0131rakt\u0131.<\/p>\n<p><img loading=\"lazy\" decoding=\"async\" class=\"alignnone wp-image-138082\" src=\"https:\/\/www.tgrthaber.com\/mavikadin\/wp-content\/uploads\/4-176.png\" alt=\"\" width=\"1208\" height=\"680\" title=\"\" srcset=\"https:\/\/www.tgrthaber.com\/mavikadin\/wp-content\/uploads\/4-176.png 1280w, https:\/\/www.tgrthaber.com\/mavikadin\/wp-content\/uploads\/4-176-300x169.png 300w, https:\/\/www.tgrthaber.com\/mavikadin\/wp-content\/uploads\/4-176-1024x576.png 1024w, https:\/\/www.tgrthaber.com\/mavikadin\/wp-content\/uploads\/4-176-768x432.png 768w\" sizes=\"(max-width: 1208px) 100vw, 1208px\" \/><\/p>\n<hr \/>\n<h3>HALUK B\u0130LG\u0130NER&#8217;\u0130N MAR\u0130A F\u0130LM\u0130N\u0130N G\u0130\u015eE PERFORMANSI D\u00dc\u015e\u00dcKT\u00dc<\/h3>\n<p>Ne yaz\u0131k ki Maria gi\u015fede \u00f6nemli bir etki olu\u015fturmay\u0131 ba\u015faramad\u0131. Film, T\u00fcrkiye de dahil olmak \u00fczere 41 \u00fclkede pr\u00f6miyer yapt\u0131 ve y\u00fcksek beklentilere ra\u011fmen umdu\u011fu izleyici kitlesini \u00e7ekemedi. Filme olan genel ilgisizlik, \u00f6zellikle A\u011fustos 2024&#8217;te Venedik Film Festivali&#8217;nde filmin pr\u00f6miyerini \u00e7evreleyen s\u00f6ylentiler g\u00f6z \u00f6n\u00fcne al\u0131nd\u0131\u011f\u0131nda, hem film yap\u0131mc\u0131lar\u0131 hem de y\u0131ld\u0131zlar i\u00e7in bir hayal k\u0131r\u0131kl\u0131\u011f\u0131 oldu. Opera hayranlar\u0131n\u0131n ve Angelina Jolie destek\u00e7ilerinin dikkatini \u00e7ekmi\u015f olsa da, Maria ana ak\u0131m izleyiciler aras\u0131nda yerini bulamad\u0131.<\/p>\n<p><img loading=\"lazy\" decoding=\"async\" class=\"alignnone wp-image-138087\" src=\"https:\/\/www.tgrthaber.com\/mavikadin\/wp-content\/uploads\/6-91.png\" alt=\"\" width=\"1208\" height=\"680\" title=\"\" srcset=\"https:\/\/www.tgrthaber.com\/mavikadin\/wp-content\/uploads\/6-91.png 1280w, https:\/\/www.tgrthaber.com\/mavikadin\/wp-content\/uploads\/6-91-300x169.png 300w, https:\/\/www.tgrthaber.com\/mavikadin\/wp-content\/uploads\/6-91-1024x576.png 1024w, https:\/\/www.tgrthaber.com\/mavikadin\/wp-content\/uploads\/6-91-768x432.png 768w\" sizes=\"(max-width: 1208px) 100vw, 1208px\" \/><\/p>\n<hr \/>\n<h3>MAR\u0130A \u0130ZLEY\u0130C\u0130LERLE NEDEN BA\u011eLANTI KURAMADI?<\/h3>\n<p>Maria&#8217;n\u0131n daha geni\u015f bir izleyici kitlesiyle neden ba\u011f kuramad\u0131\u011f\u0131n\u0131 a\u00e7\u0131klayan birka\u00e7 fakt\u00f6r olabilir. Birincisi, filmin temposu ve yap\u0131s\u0131 genel izleyiciler i\u00e7in \u00e7ok kopuk olabilir. Karma\u015f\u0131k hikaye anlat\u0131m\u0131 ve do\u011frusal olmayan anlat\u0131 tekniklerine g\u00fcvenilmesi, daha yal\u0131n ve ilgi \u00e7ekici bir biyografik film arayanlar\u0131 yabanc\u0131la\u015ft\u0131rm\u0131\u015f olabilir. \u0130kincisi, Jolie&#8217;nin g\u00fc\u00e7l\u00fc performans\u0131na ra\u011fmen, filmin Maria Callas tasviri geni\u015f bir izleyici kitlesi i\u00e7in o kadar ili\u015fkilendirilebilir veya ilgi \u00e7ekici olmayabilir. Callas, opera d\u00fcnyas\u0131nda efsanevi bir fig\u00fcr olsa da, daha geni\u015f bir kitleyi \u00e7ekmek i\u00e7in gereken evrensel \u00e7ekicili\u011fe sahip olmayabilir.<\/p>\n<p><img loading=\"lazy\" decoding=\"async\" class=\"alignnone wp-image-138088\" src=\"https:\/\/www.tgrthaber.com\/mavikadin\/wp-content\/uploads\/7-40.png\" alt=\"\" width=\"1208\" height=\"680\" title=\"\" srcset=\"https:\/\/www.tgrthaber.com\/mavikadin\/wp-content\/uploads\/7-40.png 1280w, https:\/\/www.tgrthaber.com\/mavikadin\/wp-content\/uploads\/7-40-300x169.png 300w, https:\/\/www.tgrthaber.com\/mavikadin\/wp-content\/uploads\/7-40-1024x576.png 1024w, https:\/\/www.tgrthaber.com\/mavikadin\/wp-content\/uploads\/7-40-768x432.png 768w\" sizes=\"(max-width: 1208px) 100vw, 1208px\" \/><\/p>\n<hr \/>\n<p>Jackie (2016) ve Spencer (2021) gibi \u00e7al\u0131\u015fmalar\u0131yla tan\u0131nan Pablo Larra\u00edn&#8217;in y\u00f6netti\u011fi Maria, karma\u015f\u0131k bir tarihi fig\u00fcr\u00fc b\u00fcy\u00fck ekrana ta\u015f\u0131ma yolundaki son giri\u015fimlerinden biri. Netflix taraf\u0131ndan \u00fcretilen film, y\u00f6netmenin \u00f6nceki ba\u015far\u0131lar\u0131 nedeniyle y\u00fcksek beklentilere sahipti. Ancak Maria&#8217;ya y\u00f6nelik kar\u0131\u015f\u0131k tepkiler, her biyografik draman\u0131n konusunun b\u00fcy\u00fcs\u00fcn\u00fc izleyiciyle yank\u0131 uyand\u0131racak \u015fekilde yakalayamayaca\u011f\u0131n\u0131 g\u00f6steriyor.<\/p>\n<p>Hayal k\u0131r\u0131kl\u0131\u011f\u0131 olu\u015fturan tepkilere ra\u011fmen, Angelina Jolie&#8217;nin performans\u0131, film genel olarak beklentileri kar\u015f\u0131layamasa bile ele\u015ftirmenlerden \u00f6vg\u00fcler alarak birka\u00e7 parlak noktadan biri olmaya devam ediyor.<\/p>\n<p><img loading=\"lazy\" decoding=\"async\" class=\"alignnone wp-image-138079\" src=\"https:\/\/www.tgrthaber.com\/mavikadin\/wp-content\/uploads\/2-226.png\" alt=\"\" width=\"1208\" height=\"680\" title=\"\" srcset=\"https:\/\/www.tgrthaber.com\/mavikadin\/wp-content\/uploads\/2-226.png 1280w, https:\/\/www.tgrthaber.com\/mavikadin\/wp-content\/uploads\/2-226-300x169.png 300w, https:\/\/www.tgrthaber.com\/mavikadin\/wp-content\/uploads\/2-226-1024x576.png 1024w, https:\/\/www.tgrthaber.com\/mavikadin\/wp-content\/uploads\/2-226-768x432.png 768w\" sizes=\"(max-width: 1208px) 100vw, 1208px\" \/><\/p>\n<hr \/>\n<h3>MAR\u0130A F\u0130LM\u0130N\u0130N KONUSU NED\u0130R?<\/h3>\n<p>Maria, yetene\u011fi ve \u00e7alkant\u0131l\u0131 ki\u015fisel hayat\u0131yla klasik m\u00fczik tarihinin en \u00fcnl\u00fc isimlerinden biri haline gelen ikonik opera sanat\u00e7\u0131s\u0131 Maria Callas&#8217;\u0131n hikayesini anlatan biyografik bir dramad\u0131r. Film, \u015f\u00f6hrete y\u00fckseli\u015fini, tutkulu a\u015fk ili\u015fkilerini ve kamuoyu alg\u0131s\u0131yla ve kendi kimli\u011fiyle m\u00fccadelesini ele al\u0131yor. Pablo Larra\u00edn&#8217;in y\u00f6netti\u011fi film, Callas&#8217;\u0131n karma\u015f\u0131k hayat\u0131na dal\u0131yor ve hem sahnede hem de sahne d\u0131\u015f\u0131nda ya\u015fad\u0131\u011f\u0131 duygusal \u00e7alkant\u0131lara odaklan\u0131yor. Jolie, opera divas\u0131n\u0131 dikkat \u00e7eken bir derinlik ve yo\u011funlukla oynuyor, ancak anlat\u0131 yap\u0131s\u0131 ve temposu bir\u00e7ok izleyicinin daha fazlas\u0131n\u0131 istemesine neden oldu.<\/p>\n","protected":false},"excerpt":{"rendered":"<p>Angelina Jolie ve Haluk Bilginer&#8217;in be\u011feni toplayan Pablo Larra\u00edn&#8217;in y\u00f6netti\u011fi, merakla beklenen Maria filmi, y\u0131ld\u0131zlarla dolu kadrosu ve efsanevi opera sanat\u00e7\u0131s\u0131 Maria Callas&#8217;\u0131 incelemesi nedeniyle b\u00fcy\u00fck bir heyecan olu\u015fturdu. Ancak, t\u00fcm bu abart\u0131 ve beklentilere ra\u011fmen, film hem ele\u015ftirmenleri hem de izleyicileri hayal k\u0131r\u0131kl\u0131\u011f\u0131na u\u011fratt\u0131. Kar\u0131\u015f\u0131k ele\u015ftiriler ve hayal k\u0131r\u0131kl\u0131\u011f\u0131 olu\u015fturan gi\u015fe rakamlar\u0131yla, Maria ba\u015flang\u0131\u00e7ta toplad\u0131\u011f\u0131 be\u011feniyi kar\u015f\u0131lamakta zorland\u0131. Hayranlar ve sinemaseverler Jolie&#8217;nin ikonik divay\u0131 oynamas\u0131na tan\u0131kl\u0131k etmek i\u00e7in can atarken, filmin anlat\u0131m\u0131 ve temposu hayranl\u0131ktan \u00e7ok hayal k\u0131r\u0131kl\u0131\u011f\u0131 ya\u015fatt\u0131. Maria&#8217;n\u0131n ekibinin koydu\u011fu y\u00fcksek standartlar\u0131 neden kar\u015f\u0131layamad\u0131\u011f\u0131na ve neden kal\u0131c\u0131 bir etki b\u0131rakmay\u0131 ba\u015faramad\u0131\u011f\u0131na daha yak\u0131ndan bakal\u0131m.<\/p>\n","protected":false},"author":28,"featured_media":138086,"comment_status":"closed","ping_status":"closed","sticky":false,"template":"","format":"standard","meta":{"rank_math_lock_modified_date":false,"footnotes":""},"categories":[76],"tags":[3659,3275,4040],"class_list":["post-138060","post","type-post","status-publish","format-standard","has-post-thumbnail","hentry","category-magazin","tag-angelina-jolie","tag-haluk-bilginer","tag-maria"],"_links":{"self":[{"href":"https:\/\/www.tgrthaber.com\/mavikadin\/wp-json\/wp\/v2\/posts\/138060"}],"collection":[{"href":"https:\/\/www.tgrthaber.com\/mavikadin\/wp-json\/wp\/v2\/posts"}],"about":[{"href":"https:\/\/www.tgrthaber.com\/mavikadin\/wp-json\/wp\/v2\/types\/post"}],"author":[{"embeddable":true,"href":"https:\/\/www.tgrthaber.com\/mavikadin\/wp-json\/wp\/v2\/users\/28"}],"replies":[{"embeddable":true,"href":"https:\/\/www.tgrthaber.com\/mavikadin\/wp-json\/wp\/v2\/comments?post=138060"}],"version-history":[{"count":1,"href":"https:\/\/www.tgrthaber.com\/mavikadin\/wp-json\/wp\/v2\/posts\/138060\/revisions"}],"predecessor-version":[{"id":138093,"href":"https:\/\/www.tgrthaber.com\/mavikadin\/wp-json\/wp\/v2\/posts\/138060\/revisions\/138093"}],"wp:featuredmedia":[{"embeddable":true,"href":"https:\/\/www.tgrthaber.com\/mavikadin\/wp-json\/wp\/v2\/media\/138086"}],"wp:attachment":[{"href":"https:\/\/www.tgrthaber.com\/mavikadin\/wp-json\/wp\/v2\/media?parent=138060"}],"wp:term":[{"taxonomy":"category","embeddable":true,"href":"https:\/\/www.tgrthaber.com\/mavikadin\/wp-json\/wp\/v2\/categories?post=138060"},{"taxonomy":"post_tag","embeddable":true,"href":"https:\/\/www.tgrthaber.com\/mavikadin\/wp-json\/wp\/v2\/tags?post=138060"}],"curies":[{"name":"wp","href":"https:\/\/api.w.org\/{rel}","templated":true}]}}