{"id":138066,"date":"2025-02-25T12:22:54","date_gmt":"2025-02-25T09:22:54","guid":{"rendered":"https:\/\/www.tgrthaber.com\/mavikadin\/?p=138066"},"modified":"2025-02-25T12:22:54","modified_gmt":"2025-02-25T09:22:54","slug":"ramazan-ayinda-kurban-kesilir-mi-caiz-mi","status":"publish","type":"post","link":"https:\/\/www.tgrthaber.com\/mavikadin\/ramazan-ayinda-kurban-kesilir-mi-caiz-mi\/","title":{"rendered":"Ramazan ay\u0131nda kurban kesilir mi, caiz mi?"},"content":{"rendered":"<p><strong>Ramazan ay\u0131, oru\u00e7 tutman\u0131n farz oldu\u011fu, sab\u0131r, yard\u0131mla\u015fma ve toplumsal dayan\u0131\u015fman\u0131n \u00f6ne \u00e7\u0131kt\u0131\u011f\u0131 m\u00fcbarek bir ayd\u0131r. Peki Ramazan ay\u0131nda kurban kesilir mi?<\/strong><\/p>\n<p>Zilhicce ay\u0131nda kurban nisab\u0131na malik olup da kurban kesmemek g\u00fcnaht\u0131r. Kurban nisab\u0131na malik olana, ihtiyac\u0131 olan e\u015fyadan ve bor\u00e7lar\u0131ndan fazla olarak, zek\u00e2t nisab\u0131 kadar mal\u0131, paras\u0131 bulunan her M\u00fcsl\u00fcmana kurban kesmek vaciptir.<\/p>\n<p>Hadis-i \u015feriflerde buyruldu ki:<\/p>\n<p>\u201cCimrilerin en k\u00f6t\u00fcs\u00fc, [kesmesi gerekirken] kurban kesmeyendir.\u201d<\/p>\n<p><strong>\u201cKurban kesmeyen mescidimize gelmesin.\u201d<\/strong><\/p>\n<p>\u201cKurban\u0131n derisindeki her t\u00fcy say\u0131s\u0131nca size sevab vard\u0131r. Kan\u0131n\u0131n her damlas\u0131 kadar m\u00fck\u00e2fat vard\u0131r. O sizin mizan\u0131n\u0131za konacakt\u0131r. M\u00fcjdeler olsun\u201d<\/p>\n<p><strong>\u201cKurbanlar\u0131n\u0131z, semiz olsun. Onlar, S\u0131ratta bineklerinizdir.\u201d<\/strong><\/p>\n<p>\u201cSevab umarak kurban kesen, Cehennemden korunur.\u201d<\/p>\n<p><strong>\u201cKurban\u0131n postunun her k\u0131l\u0131na ve her par\u00e7as\u0131na bir sevab vard\u0131r.\u201d<\/strong><\/p>\n<p>\u201cKurbanlar\u0131n\u0131z\u0131 g\u00f6n\u00fcl ho\u015flu\u011fuyla kesin; \u00e7\u00fcnk\u00fc hi\u00e7bir M\u00fcsl\u00fcman yoktur ki, kurban\u0131n\u0131 k\u0131bleye d\u00f6nd\u00fcr\u00fcp kessin de, bunun kan\u0131, boynuzu, y\u00fcn\u00fc, her \u015feyi k\u0131yamette kendi mizan\u0131na konan sevab\u0131 olmas\u0131n!\u201d<\/p>\n<p><strong>\u201cYa Fat\u0131ma, kurban\u0131n\u0131n yan\u0131na git! Kesilirken orada bulun! Kurban\u0131n\u0131n yere akacak ilk kan damlas\u0131yla, ge\u00e7mi\u015f g\u00fcnahlar\u0131n affedilir.\u201d<\/strong><\/p>\n<p>\u201cKesilen kurban, K\u0131yamette, etiyle, kan\u0131yla 70 kat b\u00fcy\u00fcyerek mizana konur.\u201d<\/p>\n<p><strong>\u201cKurban bayram\u0131nda yap\u0131lan amellerden Allah\u00fc te\u00e2l\u00e2 kat\u0131nda kurban kesmekten daha k\u0131ymetlisi yoktur. Daha kan\u0131 yere d\u00fc\u015fmeden Allah\u00fc te\u00e2l\u00e2, onu muhafaza eder. Onunla nefsinizi tezkiye edin, onu seve seve kesin!\u201d<\/strong><\/p>\n<p>Kurban bayram\u0131nda kurban kesmek bu kadar faziletli bir ibadet iken acaba Ramazan ay\u0131nda da kurban kesilebilir mi?<\/p>\n<h3>RAMAZAN AYINDA KURBAN KES\u0130L\u0130R M\u0130?<\/h3>\n<p>Vacip olan kurban\u0131 kesmenin vakti zilhicce ay\u0131d\u0131r, Ramazan ay\u0131 de\u011fildir.<\/p>\n<p>Kurban nisab\u0131na malik olan M\u00fcsl\u00fcmana, kurban, kurban bayram\u0131n\u0131n ilk g\u00fcn\u00fc bayram namaz\u0131ndan itibaren \u00fc\u00e7\u00fcnc\u00fc g\u00fcn\u00fc, g\u00fcne\u015f bat\u0131ncaya kadar kesilir.<\/p>\n<p><strong>Ancak Ramazan ay\u0131nda ise nafile, adak, akika, \u015f\u00fck\u00fcr kurban\u0131 gibi kurbanlar kesilebilir.<\/strong><\/p>\n<figure id=\"attachment_138073\" aria-describedby=\"caption-attachment-138073\" style=\"width: 1208px\" class=\"wp-caption alignnone\"><img loading=\"lazy\" decoding=\"async\" class=\"wp-image-138073\" src=\"https:\/\/www.tgrthaber.com\/mavikadin\/wp-content\/uploads\/ramazanda-kurban-kesilir-mi-caiz-mi-2.jpg\" alt=\"ramazanda kurban kesilir mi, caiz mi\" width=\"1208\" height=\"680\" title=\"\" srcset=\"https:\/\/www.tgrthaber.com\/mavikadin\/wp-content\/uploads\/ramazanda-kurban-kesilir-mi-caiz-mi-2.jpg 1920w, https:\/\/www.tgrthaber.com\/mavikadin\/wp-content\/uploads\/ramazanda-kurban-kesilir-mi-caiz-mi-2-300x169.jpg 300w, https:\/\/www.tgrthaber.com\/mavikadin\/wp-content\/uploads\/ramazanda-kurban-kesilir-mi-caiz-mi-2-1024x576.jpg 1024w, https:\/\/www.tgrthaber.com\/mavikadin\/wp-content\/uploads\/ramazanda-kurban-kesilir-mi-caiz-mi-2-768x432.jpg 768w, https:\/\/www.tgrthaber.com\/mavikadin\/wp-content\/uploads\/ramazanda-kurban-kesilir-mi-caiz-mi-2-1536x864.jpg 1536w\" sizes=\"(max-width: 1208px) 100vw, 1208px\" \/><figcaption id=\"caption-attachment-138073\" class=\"wp-caption-text\">\u00a0<\/figcaption><\/figure>\n<hr \/>\n<p><strong>Nafile, akika ve adak hayvan\u0131, Ramazan ay\u0131 dahil her zaman kesilebilir.<\/strong><\/p>\n<p>Ramazan-\u0131 \u015ferifte yap\u0131lan nafile ibadetlerin sevab\u0131, Ramazan-\u0131 \u015ferif d\u0131\u015f\u0131nda yap\u0131lan farzlar kadar oldu\u011fundan bu ayda nafile kurban kesilip fakirlere da\u011f\u0131t\u0131lmas\u0131, kesilen nafile kurban ile iftar verilmesi \u00e7ok sevap kazand\u0131racakt\u0131r.<\/p>\n<p>Kurban\u0131 yaln\u0131z Allah r\u0131zas\u0131 i\u00e7in kesmelidir. Farz olsun, nafile olsun, herhangi bir ibadeti yaparken veya yapt\u0131ktan sonra, sevab\u0131, \u00f6l\u00fc, diri herkese hediye edilebilir.<\/p>\n<p>Kurban kesmenin sevab\u0131n\u0131 \u00f6l\u00fc diri b\u00fct\u00fcn M\u00fcsl\u00fcmanlara g\u00f6nderirsek, hi\u00e7 eksilmeden herkese birer kurban sevab\u0131 gider. Bu Allah\u00fc te\u00e2l\u00e2n\u0131n bizlere bir l\u00fctfudur. Kazand\u0131\u011f\u0131m\u0131z t\u00fcm sevablar\u0131 \u00f6l\u00fc diri b\u00fct\u00fcn M\u00fcsl\u00fcmanlara ba\u011f\u0131\u015flamal\u0131y\u0131z.<\/p>\n<figure id=\"attachment_138076\" aria-describedby=\"caption-attachment-138076\" style=\"width: 1208px\" class=\"wp-caption alignnone\"><img loading=\"lazy\" decoding=\"async\" class=\"wp-image-138076\" src=\"https:\/\/www.tgrthaber.com\/mavikadin\/wp-content\/uploads\/ramazanda-kurban-kesilir-mi-caiz-mi-3.jpg\" alt=\"ramazanda kurban kesilir mi, caiz mi\" width=\"1208\" height=\"680\" title=\"\" srcset=\"https:\/\/www.tgrthaber.com\/mavikadin\/wp-content\/uploads\/ramazanda-kurban-kesilir-mi-caiz-mi-3.jpg 1920w, https:\/\/www.tgrthaber.com\/mavikadin\/wp-content\/uploads\/ramazanda-kurban-kesilir-mi-caiz-mi-3-300x169.jpg 300w, https:\/\/www.tgrthaber.com\/mavikadin\/wp-content\/uploads\/ramazanda-kurban-kesilir-mi-caiz-mi-3-1024x576.jpg 1024w, https:\/\/www.tgrthaber.com\/mavikadin\/wp-content\/uploads\/ramazanda-kurban-kesilir-mi-caiz-mi-3-768x432.jpg 768w, https:\/\/www.tgrthaber.com\/mavikadin\/wp-content\/uploads\/ramazanda-kurban-kesilir-mi-caiz-mi-3-1536x864.jpg 1536w\" sizes=\"(max-width: 1208px) 100vw, 1208px\" \/><figcaption id=\"caption-attachment-138076\" class=\"wp-caption-text\">\u00a0<\/figcaption><\/figure>\n<hr \/>\n<h3>RAMAZAN BAYRAMI AREFES\u0130NDE KURBAN KES\u0130L\u0130R M\u0130?<\/h3>\n<p>Nafile, \u015f\u00fck\u00fcr, akika ve adak hayvan\u0131 Ramazan bayram\u0131 arefesi dahil her zaman kesilebilir.<\/p>\n<h3>KURBAN BAYRAMI DI\u015eINDA KURBAN KES\u0130L\u0130R M\u0130?<\/h3>\n<p>Kurban bayram\u0131nda, kurban nisab\u0131na malik M\u00fcsl\u00fcman\u0131n kurban kesmesi vaciptir.<\/p>\n<p>Her zaman nafile, akika ve adak hayvan\u0131 kesilebilir.<\/p>\n","protected":false},"excerpt":{"rendered":"<p>Ramazan-\u0131 \u015ferifte yap\u0131lan nafile ibadetlerin sevab\u0131, Ramazan-\u0131 \u015ferif d\u0131\u015f\u0131nda yap\u0131lan farzlar kadar oldu\u011fundan pek \u00e7ok M\u00fcsl\u00fcman Ramazan ay\u0131nda kurban kesilir mi, kurban hangi ayda kesilir? Diye merak ediyor. Peki Ramazan ay\u0131nda kurban kesilir mi?<\/p>\n","protected":false},"author":30,"featured_media":138071,"comment_status":"closed","ping_status":"closed","sticky":false,"template":"","format":"standard","meta":{"rank_math_lock_modified_date":false,"footnotes":""},"categories":[78],"tags":[11924,495],"class_list":["post-138066","post","type-post","status-publish","format-standard","has-post-thumbnail","hentry","category-yasam","tag-kurban","tag-ramazan"],"_links":{"self":[{"href":"https:\/\/www.tgrthaber.com\/mavikadin\/wp-json\/wp\/v2\/posts\/138066"}],"collection":[{"href":"https:\/\/www.tgrthaber.com\/mavikadin\/wp-json\/wp\/v2\/posts"}],"about":[{"href":"https:\/\/www.tgrthaber.com\/mavikadin\/wp-json\/wp\/v2\/types\/post"}],"author":[{"embeddable":true,"href":"https:\/\/www.tgrthaber.com\/mavikadin\/wp-json\/wp\/v2\/users\/30"}],"replies":[{"embeddable":true,"href":"https:\/\/www.tgrthaber.com\/mavikadin\/wp-json\/wp\/v2\/comments?post=138066"}],"version-history":[{"count":4,"href":"https:\/\/www.tgrthaber.com\/mavikadin\/wp-json\/wp\/v2\/posts\/138066\/revisions"}],"predecessor-version":[{"id":138091,"href":"https:\/\/www.tgrthaber.com\/mavikadin\/wp-json\/wp\/v2\/posts\/138066\/revisions\/138091"}],"wp:featuredmedia":[{"embeddable":true,"href":"https:\/\/www.tgrthaber.com\/mavikadin\/wp-json\/wp\/v2\/media\/138071"}],"wp:attachment":[{"href":"https:\/\/www.tgrthaber.com\/mavikadin\/wp-json\/wp\/v2\/media?parent=138066"}],"wp:term":[{"taxonomy":"category","embeddable":true,"href":"https:\/\/www.tgrthaber.com\/mavikadin\/wp-json\/wp\/v2\/categories?post=138066"},{"taxonomy":"post_tag","embeddable":true,"href":"https:\/\/www.tgrthaber.com\/mavikadin\/wp-json\/wp\/v2\/tags?post=138066"}],"curies":[{"name":"wp","href":"https:\/\/api.w.org\/{rel}","templated":true}]}}