{"id":138107,"date":"2025-02-25T13:55:05","date_gmt":"2025-02-25T10:55:05","guid":{"rendered":"https:\/\/www.tgrthaber.com\/mavikadin\/?p=138107"},"modified":"2025-02-25T16:36:49","modified_gmt":"2025-02-25T13:36:49","slug":"mujde-ar-kiminle-evli-ercan-karakasin-meslegi-merak-edildi","status":"publish","type":"post","link":"https:\/\/www.tgrthaber.com\/mavikadin\/mujde-ar-kiminle-evli-ercan-karakasin-meslegi-merak-edildi\/","title":{"rendered":"M\u00fcjde Ar kiminle evli? Mehmet Ercan Karaka\u015f&#8217;\u0131n mesle\u011fi merak edildi!"},"content":{"rendered":"<p>Ye\u015fil\u00e7am\u2019\u0131n efsane isimlerinden olan M\u00fcjde Ar, sinema d\u00fcnyas\u0131n\u0131n unutulmaz isimlerinden oluyor. Hem kendisi hem de \u00f6zel hayat\u0131 merak ediliyor. Kiminle evli oldu\u011fu ise son g\u00fcnlerde merak edilen konular aras\u0131nda yerini ald\u0131. Usta oyuncunun e\u015fi eski Bakan olan Ercan Karaka\u015f\u2019\u0131n mesle\u011fi dikkatleri \u00fczerine \u00e7ekti. Peki, M\u00fcjde Ar kiminle evli? Ercan Karaka\u015f kimdir, mesle\u011fi nedir? Merak edilen sorular\u0131 sizler i\u00e7in ara\u015ft\u0131rd\u0131k. Daha fazlas\u0131 haberimizde\u2026<\/p>\n<h3><strong>MEHMET ERCAN KARAKA\u015e K\u0130MD\u0130R?<\/strong><\/h3>\n<p>M\u00fcjde Ar ile evlili\u011fi \u00fczerine herkes taraf\u0131ndan merak edilen Mehmet Ercan Karaka\u015f, 1945 tarihinde \u00c7anakkale\u2019de d\u00fcnyaya geldi. E\u011fitimlerini \u00c7anakkale\u2019de tamamlayan Karaka\u015f y\u00fcksek \u00f6\u011frenimini Almanya\u2019da Makine Y\u00fcksek M\u00fchendisli\u011fi\u2019ni tamamlad\u0131. Almanya\u2019daki siyasi partilerde sosyal dan\u0131\u015fmanl\u0131k yaparak g\u00f6revler ald\u0131.<\/p>\n<p><img loading=\"lazy\" decoding=\"async\" class=\"alignnone wp-image-138124\" src=\"https:\/\/www.tgrthaber.com\/mavikadin\/wp-content\/uploads\/mujde-ar-ve-esi-4-1024x576.jpg\" alt=\"m\u00fcjde ar ve e\u015fi \" width=\"1208\" height=\"680\" title=\"\" srcset=\"https:\/\/www.tgrthaber.com\/mavikadin\/wp-content\/uploads\/mujde-ar-ve-esi-4-1024x576.jpg 1024w, https:\/\/www.tgrthaber.com\/mavikadin\/wp-content\/uploads\/mujde-ar-ve-esi-4-300x169.jpg 300w, https:\/\/www.tgrthaber.com\/mavikadin\/wp-content\/uploads\/mujde-ar-ve-esi-4-768x432.jpg 768w, https:\/\/www.tgrthaber.com\/mavikadin\/wp-content\/uploads\/mujde-ar-ve-esi-4-1536x864.jpg 1536w, https:\/\/www.tgrthaber.com\/mavikadin\/wp-content\/uploads\/mujde-ar-ve-esi-4.jpg 1600w\" sizes=\"(max-width: 1208px) 100vw, 1208px\" \/><\/p>\n<hr \/>\n<p>T\u00fcrklerin Avrupa\u2019daki Sosyal Demokrat Halk Dernekleri Federasyonu&#8217;nda (HDF) d\u00f6rt d\u00f6nem genel ba\u015fkanl\u0131k g\u00f6revinde bulundu. T\u00fcrkiye\u2019ye d\u00f6nd\u00fckten sonra iki yol sonra SODEP-HP birle\u015fmesinde \u00f6nce il sekreterli\u011fi ard\u0131ndan Genel Sekreter Yard\u0131mc\u0131l\u0131\u011f\u0131 g\u00f6revlerinde rol ald\u0131. 1988 y\u0131l\u0131nda arkada\u015flar\u0131yla beraber Sosyal Demokrat Yay\u0131nlar\u0131\u2019n\u0131 kurmu\u015f ve teknik eleman ve y\u00f6netici olarak \u00e7al\u0131\u015ft\u0131.<\/p>\n<p><img loading=\"lazy\" decoding=\"async\" class=\"wp-image-138120\" src=\"https:\/\/www.tgrthaber.com\/mavikadin\/wp-content\/uploads\/mujde-ar-ve-esi-1-1024x576.jpg\" alt=\"m\u00fcjde ar ve e\u015fi \" width=\"1208\" height=\"680\" title=\"\" srcset=\"https:\/\/www.tgrthaber.com\/mavikadin\/wp-content\/uploads\/mujde-ar-ve-esi-1-1024x576.jpg 1024w, https:\/\/www.tgrthaber.com\/mavikadin\/wp-content\/uploads\/mujde-ar-ve-esi-1-300x169.jpg 300w, https:\/\/www.tgrthaber.com\/mavikadin\/wp-content\/uploads\/mujde-ar-ve-esi-1-768x432.jpg 768w, https:\/\/www.tgrthaber.com\/mavikadin\/wp-content\/uploads\/mujde-ar-ve-esi-1-1536x864.jpg 1536w, https:\/\/www.tgrthaber.com\/mavikadin\/wp-content\/uploads\/mujde-ar-ve-esi-1.jpg 1600w\" sizes=\"(max-width: 1208px) 100vw, 1208px\" \/><\/p>\n<hr \/>\n<h3><strong>ERCAN KARAKA\u015e\u2019IN MESLE\u011e\u0130<\/strong><\/h3>\n<p>T\u00fcrkiye siyasetinde \u00f6nemli izler b\u0131rakan Ercan Karaka\u015f, 1 Ekim 1991 se\u00e7imlerinde \u0130stanbul 3. b\u00f6lgeden milletvekili se\u00e7ilmi\u015f ve 3 y\u0131la yak\u0131n TBMM\u2019de SHP Grup Ba\u015fkan Vekilli\u011fi yapt\u0131. 24 Aral\u0131k 1995 se\u00e7imlerinde \u0130stanbul 3. b\u00f6lgeden 2. kez milletvekili se\u00e7ilmi\u015f ve 19. ve 20. d\u00f6nemde TBMM D\u0131\u015fi\u015fleri Komisyonu \u00fcyeli\u011fi yapm\u0131\u015ft\u0131r. 1994 y\u0131l\u0131nda bir grup sosyal demokratla birlikte Sosyal Demokrasi Vakf\u0131\u2019n\u0131 kurarak Y\u00f6netim Kurulu Ba\u015fkanl\u0131\u011f\u0131\u2019n\u0131 yapt\u0131.<\/p>\n<p><img loading=\"lazy\" decoding=\"async\" class=\"wp-image-138123\" src=\"https:\/\/www.tgrthaber.com\/mavikadin\/wp-content\/uploads\/mujde-ar-ve-esi-3-1024x576.jpg\" alt=\"m\u00fcjde ar ve e\u015fi \" width=\"1208\" height=\"680\" title=\"\" srcset=\"https:\/\/www.tgrthaber.com\/mavikadin\/wp-content\/uploads\/mujde-ar-ve-esi-3-1024x576.jpg 1024w, https:\/\/www.tgrthaber.com\/mavikadin\/wp-content\/uploads\/mujde-ar-ve-esi-3-300x169.jpg 300w, https:\/\/www.tgrthaber.com\/mavikadin\/wp-content\/uploads\/mujde-ar-ve-esi-3-768x432.jpg 768w, https:\/\/www.tgrthaber.com\/mavikadin\/wp-content\/uploads\/mujde-ar-ve-esi-3-1536x864.jpg 1536w, https:\/\/www.tgrthaber.com\/mavikadin\/wp-content\/uploads\/mujde-ar-ve-esi-3.jpg 1600w\" sizes=\"(max-width: 1208px) 100vw, 1208px\" \/><\/p>\n<hr \/>\n<p>Ercan Karaka\u015f, 49. Ve 50. Koalisyon h\u00fck\u00fcmetlerinde g\u00f6rev alm\u0131\u015f ve 50. H\u00fck\u00fcmette K\u00fclt\u00fcr Bakanl\u0131\u011f\u0131 yapm\u0131\u015ft\u0131r. Ola\u011fan\u00fcst\u00fc Hal ve \u00c7eki\u00e7 G\u00fc\u00e7 s\u00fcresini uzatma kararnamesini imzalayarak bakanl\u0131k g\u00f6revinden istifa etmi\u015ftir. Sinema oyuncusu M\u00fcjde Ar ile evli olan Ercan Karaka\u015f, 2008 y\u0131l\u0131nda cumhuriyet Halk Partisi\u2019ne kat\u0131lm\u0131\u015f ve parti \u00fcyeli\u011fine se\u00e7ildi. T\u00fcrkiye K\u00fclt\u00fcr Bakan\u0131 olarak 2 d\u00f6nem \u00fcst \u00fcste Bakan olarak \u00e7al\u0131\u015ft\u0131.<\/p>\n","protected":false},"excerpt":{"rendered":"<p>Ye\u015fil\u00e7am\u2019\u0131n efsane isimlerinden olan M\u00fcjde Ar, sinema d\u00fcnyas\u0131n\u0131n unutulmaz isimlerinden oluyor. Hem kendisi hem de \u00f6zel hayat\u0131 merak ediliyor. Kiminle evli oldu\u011fu ise son g\u00fcnlerde merak edilen konular aras\u0131nda yerini ald\u0131. Usta oyuncunun e\u015fi eski Bakan olan Ercan Karaka\u015f\u2019\u0131n mesle\u011fi dikkatleri \u00fczerine \u00e7ekti. Peki, M\u00fcjde Ar kiminle evli? Ercan Karaka\u015f kimdir, mesle\u011fi nedir? Merak edilen sorular\u0131 sizler i\u00e7in ara\u015ft\u0131rd\u0131k. Daha fazlas\u0131 haberimizde\u2026<\/p>\n","protected":false},"author":34,"featured_media":138122,"comment_status":"closed","ping_status":"closed","sticky":false,"template":"","format":"standard","meta":{"rank_math_lock_modified_date":false,"footnotes":""},"categories":[491],"tags":[11935,11936,11959,11933,11934],"class_list":["post-138107","post","type-post","status-publish","format-standard","has-post-thumbnail","hentry","category-biyografi","tag-ercan-karakas","tag-ercan-karakas-meslegi","tag-mehmet-ercan-karakas","tag-mujde-ar","tag-mujde-ar-esi"],"_links":{"self":[{"href":"https:\/\/www.tgrthaber.com\/mavikadin\/wp-json\/wp\/v2\/posts\/138107"}],"collection":[{"href":"https:\/\/www.tgrthaber.com\/mavikadin\/wp-json\/wp\/v2\/posts"}],"about":[{"href":"https:\/\/www.tgrthaber.com\/mavikadin\/wp-json\/wp\/v2\/types\/post"}],"author":[{"embeddable":true,"href":"https:\/\/www.tgrthaber.com\/mavikadin\/wp-json\/wp\/v2\/users\/34"}],"replies":[{"embeddable":true,"href":"https:\/\/www.tgrthaber.com\/mavikadin\/wp-json\/wp\/v2\/comments?post=138107"}],"version-history":[{"count":2,"href":"https:\/\/www.tgrthaber.com\/mavikadin\/wp-json\/wp\/v2\/posts\/138107\/revisions"}],"predecessor-version":[{"id":138239,"href":"https:\/\/www.tgrthaber.com\/mavikadin\/wp-json\/wp\/v2\/posts\/138107\/revisions\/138239"}],"wp:featuredmedia":[{"embeddable":true,"href":"https:\/\/www.tgrthaber.com\/mavikadin\/wp-json\/wp\/v2\/media\/138122"}],"wp:attachment":[{"href":"https:\/\/www.tgrthaber.com\/mavikadin\/wp-json\/wp\/v2\/media?parent=138107"}],"wp:term":[{"taxonomy":"category","embeddable":true,"href":"https:\/\/www.tgrthaber.com\/mavikadin\/wp-json\/wp\/v2\/categories?post=138107"},{"taxonomy":"post_tag","embeddable":true,"href":"https:\/\/www.tgrthaber.com\/mavikadin\/wp-json\/wp\/v2\/tags?post=138107"}],"curies":[{"name":"wp","href":"https:\/\/api.w.org\/{rel}","templated":true}]}}