{"id":138108,"date":"2025-02-25T13:51:34","date_gmt":"2025-02-25T10:51:34","guid":{"rendered":"https:\/\/www.tgrthaber.com\/mavikadin\/?p=138108"},"modified":"2025-02-25T13:51:34","modified_gmt":"2025-02-25T10:51:34","slug":"annem-ankaranin-mesudesi-oyuncu-alara-turan-dizideki-rolu-ile-ilgili-konustu","status":"publish","type":"post","link":"https:\/\/www.tgrthaber.com\/mavikadin\/annem-ankaranin-mesudesi-oyuncu-alara-turan-dizideki-rolu-ile-ilgili-konustu\/","title":{"rendered":"&#8216;Annem Ankara&#8217;n\u0131n Mesude&#8217;si oyuncu Alara Turan dizideki rol\u00fc ile ilgili konu\u015ftu!"},"content":{"rendered":"<p>Kanal D&#8217;nin sevilen dizisi olan ve ba\u015frollerini oyuncu Berg\u00fczar Korel ile Mehmet G\u00fcns\u00fcr\u2019\u00fcn payla\u015ft\u0131\u011f\u0131 &#8216;Annem Ankara\u2019\u00a0 dizisinde &#8216;Mesude&#8217; karakterini oynayan ba\u015far\u0131l\u0131 isim Alara Turan, dizideki rol\u00fc ile ilgili konu\u015ftu.<\/p>\n<p>29 ya\u015f\u0131ndaki \u00fcnl\u00fc oyuncu Alara Turan, \u201cCanland\u0131rd\u0131\u011f\u0131m karakterle asl\u0131nda ortak y\u00f6nlerim var. Ben de \u00e7ok fevri bir insan\u0131m. Fakat Mesude benden bir t\u0131k daha fevri. O y\u00fczden ani \u00e7\u0131k\u0131\u015flar\u0131yla aksiyon al\u0131yor\u201d a\u00e7\u0131klamas\u0131nda bulundu.<\/p>\n<p>Dizide oynad\u0131\u011f\u0131 karakterine dair samimi a\u00e7\u0131klamalarda bulunan yetenekli oyuncunun i\u015fte o s\u00f6zleri&#8230;<\/p>\n<h3>&#8216;ANNEM ANKARA&#8217;NIN MESUDE&#8217;S\u0130 ALARA TURAN: \u201cSET\u0130M\u0130Z \u00c7OK E\u011eLENCEL\u0130 HERKES SAM\u0130M\u0130\u201d<\/h3>\n<p>&#8216;Annem Ankara&#8217; dizisinin setlerinde \u00e7ok keyifli bir vakit ge\u00e7irdi\u011fine de\u011finen \u00fcnl\u00fc oyuncu, \u201cHerkesin keyfi \u00e7ok yerinde. Yeni olmama ra\u011fmen adapte olmakta zorlanmad\u0131m. Setimiz e\u011flenceli \u00e7\u00fcnk\u00fc herkes \u00e7ok samimi. En unutulmaz sahnemizi birka\u00e7 g\u00fcn \u00f6nce \u00e7ektik.<\/p>\n<p><img loading=\"lazy\" decoding=\"async\" class=\"alignnone wp-image-138112\" src=\"https:\/\/www.tgrthaber.com\/mavikadin\/wp-content\/uploads\/galeri_alara-turan_13.jpg\" alt=\"\" width=\"1208\" height=\"625\" title=\"\" srcset=\"https:\/\/www.tgrthaber.com\/mavikadin\/wp-content\/uploads\/galeri_alara-turan_13.jpg 1392w, https:\/\/www.tgrthaber.com\/mavikadin\/wp-content\/uploads\/galeri_alara-turan_13-300x155.jpg 300w, https:\/\/www.tgrthaber.com\/mavikadin\/wp-content\/uploads\/galeri_alara-turan_13-1024x530.jpg 1024w, https:\/\/www.tgrthaber.com\/mavikadin\/wp-content\/uploads\/galeri_alara-turan_13-768x397.jpg 768w\" sizes=\"(max-width: 1208px) 100vw, 1208px\" \/><\/p>\n<hr \/>\n<p>Bir k\u0131z isteme sahnesi \u00e7ekildi. Kap\u0131y\u0131 a\u00e7\u0131yorum ve bir anda b\u00fct\u00fcn ekip kar\u015f\u0131mda ve herkes bana bak\u0131p \u2018\u0130yi ak\u015famlar\u2019 diyor, kendimi tutmakta \u00e7ok zorland\u0131m. Gecenin de bir yar\u0131s\u0131 ama o kadar e\u011flendik ki \u015fu ana kadar en unutulmaz sahne oydu san\u0131r\u0131m.\u201d diyerek d\u00fc\u015f\u00fcncelerinden bahsetti.<\/p>\n<h3>\u201cMESUDE \u015eEFKAT\u0130 SUPH\u0130\u2019DE BULDU\u201d<\/h3>\n<p>Ekranlar\u0131n favori dizisi Annem Ankara&#8217;da Suphi\u2019nin a\u015fk\u0131 Mesude rol\u00fcn\u00fc \u00fcstlenen oyuncu Alara Turan, iki karakterin birbiri ile olan uyumunu \u015f\u00f6yle tarif etti: Nefretle ba\u015flayan bir ili\u015fkiydi.<\/p>\n<p>Fakat abilerinden dolay\u0131 evde bulamad\u0131\u011f\u0131 \u015fefkati Suphi&#8217;de buldu. Mesude kendine \u00e7ok benzetiyor Suphi&#8217;yi ama ayn\u0131 zamanda \u015fefkatli bir yan\u0131n\u0131 da g\u00f6rd\u00fc\u011f\u00fc i\u00e7in hareketleri de ho\u015funa gitmeye ba\u015flad\u0131. Bence onu hayat\u0131n\u0131n yava\u015f yava\u015f merkezine koymaya ba\u015fl\u0131yor.&#8221;<\/p>\n<p><img loading=\"lazy\" decoding=\"async\" class=\"alignnone wp-image-138115\" src=\"https:\/\/www.tgrthaber.com\/mavikadin\/wp-content\/uploads\/Ekran-goruntusu-2025-02-25-134635.png\" alt=\"\" width=\"1208\" height=\"646\" title=\"\" srcset=\"https:\/\/www.tgrthaber.com\/mavikadin\/wp-content\/uploads\/Ekran-goruntusu-2025-02-25-134635.png 1137w, https:\/\/www.tgrthaber.com\/mavikadin\/wp-content\/uploads\/Ekran-goruntusu-2025-02-25-134635-300x160.png 300w, https:\/\/www.tgrthaber.com\/mavikadin\/wp-content\/uploads\/Ekran-goruntusu-2025-02-25-134635-1024x548.png 1024w, https:\/\/www.tgrthaber.com\/mavikadin\/wp-content\/uploads\/Ekran-goruntusu-2025-02-25-134635-768x411.png 768w\" sizes=\"(max-width: 1208px) 100vw, 1208px\" \/><\/p>\n<hr \/>\n<p>&nbsp;<\/p>\n","protected":false},"excerpt":{"rendered":"<p>&#8216;Annem Ankara&#8217; dizisinde &#8216;Mesude&#8217; karakteri ile ekran kar\u015f\u0131s\u0131na \u00e7\u0131kan \u00fcnl\u00fc oyuncu Alara Turan, dizideki rol\u00fc ile ilgili konu\u015ftu.<\/p>\n","protected":false},"author":27,"featured_media":138117,"comment_status":"closed","ping_status":"closed","sticky":false,"template":"","format":"standard","meta":{"rank_math_lock_modified_date":false,"footnotes":""},"categories":[76],"tags":[5910,3990,133],"class_list":["post-138108","post","type-post","status-publish","format-standard","has-post-thumbnail","hentry","category-magazin","tag-alara-turan","tag-annem-ankara-dizisi","tag-magazin"],"_links":{"self":[{"href":"https:\/\/www.tgrthaber.com\/mavikadin\/wp-json\/wp\/v2\/posts\/138108"}],"collection":[{"href":"https:\/\/www.tgrthaber.com\/mavikadin\/wp-json\/wp\/v2\/posts"}],"about":[{"href":"https:\/\/www.tgrthaber.com\/mavikadin\/wp-json\/wp\/v2\/types\/post"}],"author":[{"embeddable":true,"href":"https:\/\/www.tgrthaber.com\/mavikadin\/wp-json\/wp\/v2\/users\/27"}],"replies":[{"embeddable":true,"href":"https:\/\/www.tgrthaber.com\/mavikadin\/wp-json\/wp\/v2\/comments?post=138108"}],"version-history":[{"count":2,"href":"https:\/\/www.tgrthaber.com\/mavikadin\/wp-json\/wp\/v2\/posts\/138108\/revisions"}],"predecessor-version":[{"id":138119,"href":"https:\/\/www.tgrthaber.com\/mavikadin\/wp-json\/wp\/v2\/posts\/138108\/revisions\/138119"}],"wp:featuredmedia":[{"embeddable":true,"href":"https:\/\/www.tgrthaber.com\/mavikadin\/wp-json\/wp\/v2\/media\/138117"}],"wp:attachment":[{"href":"https:\/\/www.tgrthaber.com\/mavikadin\/wp-json\/wp\/v2\/media?parent=138108"}],"wp:term":[{"taxonomy":"category","embeddable":true,"href":"https:\/\/www.tgrthaber.com\/mavikadin\/wp-json\/wp\/v2\/categories?post=138108"},{"taxonomy":"post_tag","embeddable":true,"href":"https:\/\/www.tgrthaber.com\/mavikadin\/wp-json\/wp\/v2\/tags?post=138108"}],"curies":[{"name":"wp","href":"https:\/\/api.w.org\/{rel}","templated":true}]}}