{"id":138121,"date":"2025-02-25T14:21:11","date_gmt":"2025-02-25T11:21:11","guid":{"rendered":"https:\/\/www.tgrthaber.com\/mavikadin\/?p=138121"},"modified":"2025-02-25T14:23:09","modified_gmt":"2025-02-25T11:23:09","slug":"fahriye-evcenin-luks-araci-dalga-konusu-oldu-fiyati-dudak-ucuklatan-arac-cop-kamyonuna-benzetildi","status":"publish","type":"post","link":"https:\/\/www.tgrthaber.com\/mavikadin\/fahriye-evcenin-luks-araci-dalga-konusu-oldu-fiyati-dudak-ucuklatan-arac-cop-kamyonuna-benzetildi\/","title":{"rendered":"Fahriye Evcen&#8217;in l\u00fcks arac\u0131 dalga konusu oldu! Fiyat\u0131 dudak u\u00e7uklatan ara\u00e7 \u00e7\u00f6p kamyonuna benzetildi"},"content":{"rendered":"<p>Karizmatik oyuncu Burak \u00d6z\u00e7ivit ve o\u011fullar\u0131 Kerem-Karan \u00d6z\u00e7ivit ile mutlu aile ya\u015fant\u0131s\u0131n\u0131 an ve an takip\u00e7ileriyle sosyal medya hesab\u0131ndan payla\u015fan Fahriye Evcen, magazin g\u00fcndeminde s\u0131kl\u0131kla ad\u0131ndan bahsettiriyor. 2013 y\u0131l\u0131nda &#8216;\u00c7al\u0131ku\u015fu&#8217; dizisinin setinde arkada\u015fl\u0131ktan a\u015fka d\u00f6n\u00fc\u015fen ili\u015fkilerini 2017 y\u0131l\u0131nda\u00a0 evlilikle ta\u00e7land\u0131ran \u00fcnl\u00fc \u00e7ift att\u0131\u011f\u0131 her ad\u0131m ile g\u00fcndem oluyor.<\/p>\n<p>Ge\u00e7ti\u011fimiz g\u00fcnlerde iki ya\u015f\u0131na giren k\u00fc\u00e7\u00fck o\u011fullar\u0131 Kerem \u00d6z\u00e7ivit&#8217;e organize ettikleri do\u011fum g\u00fcn\u00fc partisiyle an\u0131lan \u00e7iftin g\u00f6steri\u015fli pozlar\u0131 sosyal medyay\u0131 sallam\u0131\u015ft\u0131.<\/p>\n<p>Evcen, o\u011flunun yeni ya\u015f\u0131 i\u00e7in sosyal medya hesab\u0131nda &#8220;\u00c7i\u00e7ek kokulu o\u011flum, k\u0131ymetlim&#8230; Seni \u00e7ok seviyorum. \u0130yi ki do\u011fdun Kerem&#8221; notunu d\u00fc\u015fm\u00fc\u015f, foto\u011fraf\u0131na k\u0131sa zamanda yorum ve be\u011feni ya\u011fmuru ya\u011fm\u0131\u015ft\u0131.<\/p>\n<h3>G\u00dcZEL OYUNCU FAHR\u0130YE EVCEN \u015e\u0130MD\u0130 DE 4X4 ARAZ\u0130 T\u0130P\u0130 KAMYONU \u0130LE G\u00dcNDEMDE!<\/h3>\n<p>En son sosyal medya hesab\u0131nda payla\u015ft\u0131\u011f\u0131 boy boy kar pozlar\u0131 ile konu\u015fulan \u00fcnl\u00fc oyuncu Fahriye Evcen, \u015fimdi de 4\u00d74 arazi tipi l\u00fcks kamyonu ile ad\u0131ndan bahsettirdi.<\/p>\n<p><img loading=\"lazy\" decoding=\"async\" class=\"alignnone wp-image-138129\" src=\"https:\/\/www.tgrthaber.com\/mavikadin\/wp-content\/uploads\/666-12.png\" alt=\"\" width=\"1208\" height=\"666\" title=\"\" srcset=\"https:\/\/www.tgrthaber.com\/mavikadin\/wp-content\/uploads\/666-12.png 767w, https:\/\/www.tgrthaber.com\/mavikadin\/wp-content\/uploads\/666-12-300x165.png 300w\" sizes=\"(max-width: 1208px) 100vw, 1208px\" \/><\/p>\n<hr \/>\n<p>Sosyal medya hesab\u0131ndan yeni l\u00fcks arac\u0131n\u0131 takip\u00e7ileri ile payla\u015fan Fahriye Evcen, 4&#215;4 arazi tipi arac\u0131 ile poz verdi.<\/p>\n<h3>\u00d6Z\u00c7\u0130V\u0130T \u00c7\u0130FT\u0130N\u0130N L\u00dcKS ARA\u00c7LARI \u00c7\u00d6P KAMYONUNA BENZET\u0130LD\u0130!<\/h3>\n<p>L\u00fcks ya\u015fant\u0131s\u0131n\u0131 g\u00f6zler \u00f6n\u00fcne sergilemekten \u00e7ekinmeyen \u00fcnl\u00fc oyuncu Fahriye Evcen&#8217;in arac\u0131 sosyal medyada dalga konusu oldu. Takip\u00e7ileri taraf\u0131ndan \u00e7\u00f6p kamyonuna benzetilen l\u00fcks arac\u0131n fiyat\u0131n\u0131 duyanlar ise ayr\u0131 bir \u015fok ge\u00e7irdi.<\/p>\n<p><img loading=\"lazy\" decoding=\"async\" class=\"alignnone wp-image-138130\" src=\"https:\/\/www.tgrthaber.com\/mavikadin\/wp-content\/uploads\/hhg-1.png\" alt=\"\" width=\"1208\" height=\"670\" title=\"\" srcset=\"https:\/\/www.tgrthaber.com\/mavikadin\/wp-content\/uploads\/hhg-1.png 766w, https:\/\/www.tgrthaber.com\/mavikadin\/wp-content\/uploads\/hhg-1-300x166.png 300w\" sizes=\"(max-width: 1208px) 100vw, 1208px\" \/><\/p>\n<hr \/>\n<p>Ya\u011f ye\u015fili rengine sahip olup olduk\u00e7a heybetli bir g\u00f6r\u00fcn\u00fcmdeki l\u00fcks araca 5 milyon TL yat\u0131ran \u00fcnl\u00fc \u00e7iftin b\u00f6yle bir araca bu kadar para vermesi sosyal medyada tepki ile kar\u015f\u0131land\u0131. \u00c7\u00f6p kamyonuna benzetilen araca 5 milyon TL veren Fahriye Evcen ile Burak \u00d6z\u00e7ivit \u00e7ifti sosyal medyada olay oldu.<\/p>\n","protected":false},"excerpt":{"rendered":"<p>Sosyal medya hesab\u0131ndan 4&#215;4 arazi tipi l\u00fcks arac\u0131n\u0131 payla\u015fan Fahriye Evcen, takip\u00e7ileri taraf\u0131ndan alay konusu oldu. 5 milyon TL \u00f6dedi\u011fi bilinen \u00d6z\u00e7ivit \u00e7iftinin l\u00fcks arac\u0131 \u00e7\u00f6p kamyonuna benzetildi.<\/p>\n","protected":false},"author":27,"featured_media":99453,"comment_status":"closed","ping_status":"closed","sticky":false,"template":"","format":"standard","meta":{"rank_math_lock_modified_date":false,"footnotes":""},"categories":[76],"tags":[11938,2153,11937],"class_list":["post-138121","post","type-post","status-publish","format-standard","has-post-thumbnail","hentry","category-magazin","tag-cop-kamyonu","tag-fahriye-evcen","tag-fahriye-evcenin-arabasi"],"_links":{"self":[{"href":"https:\/\/www.tgrthaber.com\/mavikadin\/wp-json\/wp\/v2\/posts\/138121"}],"collection":[{"href":"https:\/\/www.tgrthaber.com\/mavikadin\/wp-json\/wp\/v2\/posts"}],"about":[{"href":"https:\/\/www.tgrthaber.com\/mavikadin\/wp-json\/wp\/v2\/types\/post"}],"author":[{"embeddable":true,"href":"https:\/\/www.tgrthaber.com\/mavikadin\/wp-json\/wp\/v2\/users\/27"}],"replies":[{"embeddable":true,"href":"https:\/\/www.tgrthaber.com\/mavikadin\/wp-json\/wp\/v2\/comments?post=138121"}],"version-history":[{"count":3,"href":"https:\/\/www.tgrthaber.com\/mavikadin\/wp-json\/wp\/v2\/posts\/138121\/revisions"}],"predecessor-version":[{"id":138133,"href":"https:\/\/www.tgrthaber.com\/mavikadin\/wp-json\/wp\/v2\/posts\/138121\/revisions\/138133"}],"wp:featuredmedia":[{"embeddable":true,"href":"https:\/\/www.tgrthaber.com\/mavikadin\/wp-json\/wp\/v2\/media\/99453"}],"wp:attachment":[{"href":"https:\/\/www.tgrthaber.com\/mavikadin\/wp-json\/wp\/v2\/media?parent=138121"}],"wp:term":[{"taxonomy":"category","embeddable":true,"href":"https:\/\/www.tgrthaber.com\/mavikadin\/wp-json\/wp\/v2\/categories?post=138121"},{"taxonomy":"post_tag","embeddable":true,"href":"https:\/\/www.tgrthaber.com\/mavikadin\/wp-json\/wp\/v2\/tags?post=138121"}],"curies":[{"name":"wp","href":"https:\/\/api.w.org\/{rel}","templated":true}]}}