{"id":138126,"date":"2025-02-25T14:57:21","date_gmt":"2025-02-25T11:57:21","guid":{"rendered":"https:\/\/www.tgrthaber.com\/mavikadin\/?p=138126"},"modified":"2025-02-25T14:57:21","modified_gmt":"2025-02-25T11:57:21","slug":"sandokan-dizisinin-konusu-nedir-sandokan-dizisi-nerede-yayinlanacak","status":"publish","type":"post","link":"https:\/\/www.tgrthaber.com\/mavikadin\/sandokan-dizisinin-konusu-nedir-sandokan-dizisi-nerede-yayinlanacak\/","title":{"rendered":"Sandokan dizisinin konusu nedir? Sandokan dizisi nerede yay\u0131nlanacak?"},"content":{"rendered":"<p>Macera ve aksiyon izlemeyi sevenler i\u00e7in g\u00fczel bir haber geldi. 19. Y\u00fczy\u0131l d\u00fcnyas\u0131nda ge\u00e7en \u2018Sandokan\u2019 efsanesi, y\u0131llar sonra tekrar izleyicisiyle bulu\u015fmak i\u00e7in haz\u0131rlan\u0131yor. Can Yaman\u2019\u0131n ba\u015frol oyuncusu olarak yer ald\u0131\u011f\u0131 yeni \u2018Sandokan\u2019 dizisi Emilio Salgari\u2019nin \u00fcnl\u00fc eserlerinden uyarlama olarak modern bir yorumla ekranlara gelecek. Peki, Sandokan dizisinin konusu nedir? Nerede yay\u0131nlanacak? Merak edilenleri sizler i\u00e7in ara\u015ft\u0131rd\u0131k. Detaylar haberimizde\u2026<\/p>\n<h3><strong>SANDOKAN D\u0130Z\u0130S\u0130 KONUSU<\/strong><\/h3>\n<p>Yeni Sandokan dizisi, 1800\u2019l\u00fc y\u0131llar\u0131n ortas\u0131nda \u0130ngiliz s\u00f6m\u00fcrgesi alt\u0131ndaki G\u00fcneydo\u011fu Asya\u2019da ge\u00e7iyor. Dizinin ana kahraman\u0131 Sandokan, Borneo Adas\u0131\u2019nda ya\u015fayan ve halk\u0131 i\u00e7in sava\u015fan bir korsan olarak izleyici kar\u015f\u0131s\u0131na \u00e7\u0131k\u0131yor. G\u00fc\u00e7l\u00fc, cesur ve karizmatik bir lider olan Sandokan, \u0130ngiliz emperyalizmine kar\u015f\u0131 direniyor ve halk\u0131n\u0131 \u00f6zg\u00fcrl\u00fc\u011f\u00fcne kavu\u015fturmay\u0131 hedefliyor.<\/p>\n<p><img loading=\"lazy\" decoding=\"async\" class=\"wp-image-138158\" src=\"https:\/\/www.tgrthaber.com\/mavikadin\/wp-content\/uploads\/haber-gorselleri-fotoshop-9-1-1024x576.jpg\" alt=\"sandokan dizisi\" width=\"1208\" height=\"680\" title=\"\" srcset=\"https:\/\/www.tgrthaber.com\/mavikadin\/wp-content\/uploads\/haber-gorselleri-fotoshop-9-1-1024x576.jpg 1024w, https:\/\/www.tgrthaber.com\/mavikadin\/wp-content\/uploads\/haber-gorselleri-fotoshop-9-1-300x169.jpg 300w, https:\/\/www.tgrthaber.com\/mavikadin\/wp-content\/uploads\/haber-gorselleri-fotoshop-9-1-768x432.jpg 768w, https:\/\/www.tgrthaber.com\/mavikadin\/wp-content\/uploads\/haber-gorselleri-fotoshop-9-1-1536x864.jpg 1536w, https:\/\/www.tgrthaber.com\/mavikadin\/wp-content\/uploads\/haber-gorselleri-fotoshop-9-1.jpg 1600w\" sizes=\"(max-width: 1208px) 100vw, 1208px\" \/><\/p>\n<hr \/>\n<p>Ancak Sandokan\u2019\u0131n hayat\u0131, \u0130ngiliz konsolosunun k\u0131z\u0131 Marianne ile tan\u0131\u015ft\u0131\u011f\u0131nda tamamen de\u011fi\u015fiyor. Bu a\u015fk, onun m\u00fccadele etti\u011fi d\u00fcnya ile duygusal hayat\u0131 aras\u0131nda s\u0131k\u0131\u015fmas\u0131na neden oluyor. Sad\u0131k dostu Yanez de Gomera ile, d\u00fc\u015fmanlar\u0131na kar\u015f\u0131 amans\u0131z bir sava\u015f verirken, bir yandan da a\u015fk ve \u00f6zg\u00fcrl\u00fck aras\u0131nda se\u00e7im yapmak zorunda kal\u0131yor.<\/p>\n<p><img loading=\"lazy\" decoding=\"async\" class=\"wp-image-138148\" src=\"https:\/\/www.tgrthaber.com\/mavikadin\/wp-content\/uploads\/sandokan-dizisi-3-1024x576.jpg\" alt=\"sandokan dizisi\" width=\"1208\" height=\"680\" title=\"\" srcset=\"https:\/\/www.tgrthaber.com\/mavikadin\/wp-content\/uploads\/sandokan-dizisi-3-1024x576.jpg 1024w, https:\/\/www.tgrthaber.com\/mavikadin\/wp-content\/uploads\/sandokan-dizisi-3-300x169.jpg 300w, https:\/\/www.tgrthaber.com\/mavikadin\/wp-content\/uploads\/sandokan-dizisi-3-768x432.jpg 768w, https:\/\/www.tgrthaber.com\/mavikadin\/wp-content\/uploads\/sandokan-dizisi-3-1536x864.jpg 1536w, https:\/\/www.tgrthaber.com\/mavikadin\/wp-content\/uploads\/sandokan-dizisi-3.jpg 1600w\" sizes=\"(max-width: 1208px) 100vw, 1208px\" \/><\/p>\n<hr \/>\n<h3><strong>CAN YAMAN D\u0130Z\u0130DE BA\u015eROL <\/strong><\/h3>\n<p>Dizinin oyuncular\u0131 a\u00e7\u0131klan\u0131rken ba\u015frol oyuncusu olarak bir d\u00f6nem T\u00fcrkiye\u2019de oyunculuk yapan Can Yaman oldu. \u00dcnl\u00fc oyuncunun Sandokan karakteri oynayaca\u011f\u0131 proje, \u00e7ekimleriyle de b\u00fcy\u00fck ilgi toplad\u0131. \u00c7ekimler 2024 y\u0131l\u0131 boyunca devam ederek k\u0131sa s\u00fcre \u00f6nce tamamland\u0131. Yap\u0131mc\u0131lar, dizinin hem aksiyon sahneleri hem de g\u00f6rsel efektleriyle izleyiciye ger\u00e7ek bir g\u00f6rsel \u015f\u00f6len sunaca\u011f\u0131n\u0131 belirtiyor. Sandokan\u2019\u0131n asi ruhu ve etkileyici d\u00f6v\u00fc\u015f sahneleri ile dizinin b\u00fcy\u00fck bir etki yaratmas\u0131 bekleniyor.<\/p>\n<p><img loading=\"lazy\" decoding=\"async\" class=\"alignnone wp-image-138146\" src=\"https:\/\/www.tgrthaber.com\/mavikadin\/wp-content\/uploads\/sandokan-dizisi-1-1024x576.jpg\" alt=\"sandokan dizisi\" width=\"1208\" height=\"680\" title=\"\" srcset=\"https:\/\/www.tgrthaber.com\/mavikadin\/wp-content\/uploads\/sandokan-dizisi-1-1024x576.jpg 1024w, https:\/\/www.tgrthaber.com\/mavikadin\/wp-content\/uploads\/sandokan-dizisi-1-300x169.jpg 300w, https:\/\/www.tgrthaber.com\/mavikadin\/wp-content\/uploads\/sandokan-dizisi-1-768x432.jpg 768w, https:\/\/www.tgrthaber.com\/mavikadin\/wp-content\/uploads\/sandokan-dizisi-1-1536x864.jpg 1536w, https:\/\/www.tgrthaber.com\/mavikadin\/wp-content\/uploads\/sandokan-dizisi-1.jpg 1600w\" sizes=\"(max-width: 1208px) 100vw, 1208px\" \/><\/p>\n<hr \/>\n<h3><strong>D\u0130Z\u0130 NEREDE YAYINLANACAK <\/strong><\/h3>\n<p>Dizinin \u00e7ekimlerinin tamamlanmas\u0131n\u0131n ard\u0131ndan diziyi izleyecek olanlar nerede yay\u0131nlanaca\u011f\u0131 konusunda ara\u015ft\u0131rmalara girdiler. \u015eu ana kadar dizinin hangi platformda yay\u0131nlanaca\u011f\u0131na dair net bir a\u00e7\u0131klama yap\u0131lmad\u0131. Ancak, uluslararas\u0131 bir yap\u0131m olan Sandokan, bir\u00e7ok \u00fclkede yay\u0131nlanmak \u00fczere haz\u0131rland\u0131\u011f\u0131 s\u00f6ylendi.<\/p>\n<p><img loading=\"lazy\" decoding=\"async\" class=\"alignnone wp-image-138149\" src=\"https:\/\/www.tgrthaber.com\/mavikadin\/wp-content\/uploads\/sandokan-dizisi-4-1024x576.jpg\" alt=\"sandokan dizisi\" width=\"1208\" height=\"680\" title=\"\" srcset=\"https:\/\/www.tgrthaber.com\/mavikadin\/wp-content\/uploads\/sandokan-dizisi-4-1024x576.jpg 1024w, https:\/\/www.tgrthaber.com\/mavikadin\/wp-content\/uploads\/sandokan-dizisi-4-300x169.jpg 300w, https:\/\/www.tgrthaber.com\/mavikadin\/wp-content\/uploads\/sandokan-dizisi-4-768x432.jpg 768w, https:\/\/www.tgrthaber.com\/mavikadin\/wp-content\/uploads\/sandokan-dizisi-4-1536x864.jpg 1536w, https:\/\/www.tgrthaber.com\/mavikadin\/wp-content\/uploads\/sandokan-dizisi-4.jpg 1600w\" sizes=\"(max-width: 1208px) 100vw, 1208px\" \/><\/p>\n<hr \/>\n<p>Dizinin tan\u0131t\u0131m\u0131n\u0131 \u00fcstlenen Fremantle, projeyi d\u00fcnya \u00e7ap\u0131nda tan\u0131tmak i\u00e7in 23-28 \u015eubat 2025 tarihlerinde Londra\u2019da d\u00fczenlenecek olan London TV Screenings fuar\u0131na kat\u0131lacak. Bu, dizinin b\u00fcy\u00fck bir dijital platformda veya televizyon kanal\u0131nda yay\u0131nlanma ihtimalini art\u0131r\u0131yor.\u00a0\u015eimdi g\u00f6zler, dizinin yay\u0131n tarihi ve platformuyla ilgili yap\u0131lacak resm\u00ee a\u00e7\u0131klamalarda.<\/p>\n<p><img loading=\"lazy\" decoding=\"async\" class=\"alignnone wp-image-138150\" src=\"https:\/\/www.tgrthaber.com\/mavikadin\/wp-content\/uploads\/sandokan-dizisi-5-1024x576.jpg\" alt=\"sandokan dizisi\" width=\"1208\" height=\"680\" title=\"\" srcset=\"https:\/\/www.tgrthaber.com\/mavikadin\/wp-content\/uploads\/sandokan-dizisi-5-1024x576.jpg 1024w, https:\/\/www.tgrthaber.com\/mavikadin\/wp-content\/uploads\/sandokan-dizisi-5-300x169.jpg 300w, https:\/\/www.tgrthaber.com\/mavikadin\/wp-content\/uploads\/sandokan-dizisi-5-768x432.jpg 768w, https:\/\/www.tgrthaber.com\/mavikadin\/wp-content\/uploads\/sandokan-dizisi-5-1536x864.jpg 1536w, https:\/\/www.tgrthaber.com\/mavikadin\/wp-content\/uploads\/sandokan-dizisi-5.jpg 1600w\" sizes=\"(max-width: 1208px) 100vw, 1208px\" \/><\/p>\n<hr \/>\n<h3><strong>SANDOKAN EFSANES\u0130 <\/strong><\/h3>\n<p>Sandokan karakteri, \u0130talyan yazar Emilio Salgari taraf\u0131ndan kaleme al\u0131nd\u0131 ve ilk kez 19. y\u00fczy\u0131l\u0131n sonlar\u0131nda okurla bulu\u015ftu. Salgari\u2019nin yazd\u0131\u011f\u0131 macera serileri, egzotik mekanlar\u0131, epik sava\u015flar\u0131 ve g\u00fc\u00e7l\u00fc kahramanlar\u0131yla b\u00fcy\u00fck ilgi g\u00f6rd\u00fc.<\/p>\n<p><img loading=\"lazy\" decoding=\"async\" class=\"wp-image-138151\" src=\"https:\/\/www.tgrthaber.com\/mavikadin\/wp-content\/uploads\/haber-gorselleri-fotoshop-8-1-1024x576.jpg\" alt=\"sandokan dizisi\" width=\"1208\" height=\"680\" title=\"\" srcset=\"https:\/\/www.tgrthaber.com\/mavikadin\/wp-content\/uploads\/haber-gorselleri-fotoshop-8-1-1024x576.jpg 1024w, https:\/\/www.tgrthaber.com\/mavikadin\/wp-content\/uploads\/haber-gorselleri-fotoshop-8-1-300x169.jpg 300w, https:\/\/www.tgrthaber.com\/mavikadin\/wp-content\/uploads\/haber-gorselleri-fotoshop-8-1-768x432.jpg 768w, https:\/\/www.tgrthaber.com\/mavikadin\/wp-content\/uploads\/haber-gorselleri-fotoshop-8-1-1536x864.jpg 1536w, https:\/\/www.tgrthaber.com\/mavikadin\/wp-content\/uploads\/haber-gorselleri-fotoshop-8-1.jpg 1600w\" sizes=\"(max-width: 1208px) 100vw, 1208px\" \/><\/p>\n<hr \/>\n<p>1976 y\u0131l\u0131nda, Sandokan karakteri televizyon ekranlara yay\u0131nlanmaya ba\u015flad\u0131. \u0130talyan yap\u0131m\u0131 olan ve alt\u0131 b\u00f6l\u00fcmden olu\u015fan bu mini dizi, d\u00fcnya \u00e7ap\u0131nda b\u00fcy\u00fck bir ba\u015far\u0131 kazand\u0131 ve Sandokan efsanesini daha geni\u015f kitlelere ula\u015ft\u0131rd\u0131. \u015eimdi, aradan ge\u00e7en y\u0131llar\u0131n ard\u0131ndan, bu efsane yepyeni bir uyarlama ile izleyiciyle bulu\u015fmaya haz\u0131rlan\u0131yor.<\/p>\n","protected":false},"excerpt":{"rendered":"<p>Macera ve aksiyon izlemeyi sevenler i\u00e7in g\u00fczel bir haber geldi. 19. Y\u00fczy\u0131l d\u00fcnyas\u0131nda ge\u00e7en \u2018Sandokan\u2019 efsanesi, y\u0131llar sonra tekrar izleyicisiyle bulu\u015fmak i\u00e7in haz\u0131rlan\u0131yor. Can Yaman\u2019\u0131n ba\u015frol oyuncusu olarak yer ald\u0131\u011f\u0131 yeni \u2018Sandokan\u2019 dizisi Emilio Salgari\u2019nin \u00fcnl\u00fc eserlerinden uyarlama olarak modern bir yorumla ekranlara gelecek. Peki, Sandokan dizisinin konusu nedir? Nerede yay\u0131nlanacak? Merak edilenleri sizler i\u00e7in ara\u015ft\u0131rd\u0131k. Detaylar haberimizde\u2026<\/p>\n","protected":false},"author":34,"featured_media":138147,"comment_status":"closed","ping_status":"closed","sticky":false,"template":"","format":"standard","meta":{"rank_math_lock_modified_date":false,"footnotes":""},"categories":[602],"tags":[2980,3628,11939],"class_list":["post-138126","post","type-post","status-publish","format-standard","has-post-thumbnail","hentry","category-diziler","tag-can-yaman","tag-sandokan","tag-sandokan-dizi"],"_links":{"self":[{"href":"https:\/\/www.tgrthaber.com\/mavikadin\/wp-json\/wp\/v2\/posts\/138126"}],"collection":[{"href":"https:\/\/www.tgrthaber.com\/mavikadin\/wp-json\/wp\/v2\/posts"}],"about":[{"href":"https:\/\/www.tgrthaber.com\/mavikadin\/wp-json\/wp\/v2\/types\/post"}],"author":[{"embeddable":true,"href":"https:\/\/www.tgrthaber.com\/mavikadin\/wp-json\/wp\/v2\/users\/34"}],"replies":[{"embeddable":true,"href":"https:\/\/www.tgrthaber.com\/mavikadin\/wp-json\/wp\/v2\/comments?post=138126"}],"version-history":[{"count":1,"href":"https:\/\/www.tgrthaber.com\/mavikadin\/wp-json\/wp\/v2\/posts\/138126\/revisions"}],"predecessor-version":[{"id":138159,"href":"https:\/\/www.tgrthaber.com\/mavikadin\/wp-json\/wp\/v2\/posts\/138126\/revisions\/138159"}],"wp:featuredmedia":[{"embeddable":true,"href":"https:\/\/www.tgrthaber.com\/mavikadin\/wp-json\/wp\/v2\/media\/138147"}],"wp:attachment":[{"href":"https:\/\/www.tgrthaber.com\/mavikadin\/wp-json\/wp\/v2\/media?parent=138126"}],"wp:term":[{"taxonomy":"category","embeddable":true,"href":"https:\/\/www.tgrthaber.com\/mavikadin\/wp-json\/wp\/v2\/categories?post=138126"},{"taxonomy":"post_tag","embeddable":true,"href":"https:\/\/www.tgrthaber.com\/mavikadin\/wp-json\/wp\/v2\/tags?post=138126"}],"curies":[{"name":"wp","href":"https:\/\/api.w.org\/{rel}","templated":true}]}}