{"id":138164,"date":"2025-02-25T15:51:22","date_gmt":"2025-02-25T12:51:22","guid":{"rendered":"https:\/\/www.tgrthaber.com\/mavikadin\/?p=138164"},"modified":"2025-02-25T15:53:43","modified_gmt":"2025-02-25T12:53:43","slug":"gonul-dagi-dizisi-kadrosuna-katilan-erdal-ozyagcilardan-ilk-kareler-geldi","status":"publish","type":"post","link":"https:\/\/www.tgrthaber.com\/mavikadin\/gonul-dagi-dizisi-kadrosuna-katilan-erdal-ozyagcilardan-ilk-kareler-geldi\/","title":{"rendered":"G\u00f6n\u00fcl Da\u011f\u0131&#8217;na kat\u0131lan Erdal \u00d6zya\u011fc\u0131lar\u2019dan ilk kareler geldi"},"content":{"rendered":"<p>TRT 1 ekranlar\u0131n\u0131n sevilen dizilerinden olan G\u00f6n\u00fcl Da\u011f\u0131 dizisine rolleriyle haf\u0131zalara kaz\u0131nan Erdal \u00d6zya\u011fc\u0131lar kat\u0131ld\u0131. \u00d6zya\u011fc\u0131lar \u201cS\u00fcleyman\u201d karakteri ile seyirci kar\u015f\u0131s\u0131na \u00e7\u0131kacak. TRT 1\u2019 in sevilen dizisi G\u00f6n\u00fcl Da\u011f\u0131\u2019na s\u00fcrpriz bir karakter daha izleyenlere merhaba diyecek. 5 sezon boyunca izleyicileri ekran ba\u015f\u0131na toplamay\u0131 ba\u015faran dizi, her b\u00f6l\u00fcm izleyenlere ayr\u0131 bir duygu yo\u011funlu\u011fu ya\u015fat\u0131yor. K\u00f6pr\u00fc film imzal\u0131 diziye usta oyuncu Erdal \u00d6zya\u011fc\u0131lar \u201cS\u00fcleyman\u201d rol\u00fc ile kat\u0131l\u0131yor.<\/p>\n<h3><strong>C\u0130R\u0130T\u00c7\u0130 ABDULLAH\u2019IN AB\u0130S\u0130 OLARAK GEL\u0130YOR<\/strong><\/h3>\n<p>Erdal \u00d6zya\u011fc\u0131lar, G\u00f6n\u00fcl Da\u011f\u0131 dizisine Cirit\u00e7i Abdullah karakterinin abisi S\u00fcleyman Kaya rol\u00fcyle izleyici kar\u015f\u0131s\u0131na \u00e7\u0131kacak. Bu karakter, uzun y\u0131llard\u0131r kasabadan uzak kalm\u0131\u015f, ancak beklenmedik bir d\u00f6n\u00fc\u015fle hik\u00e2yeye d\u00e2hil olacak. Dizinin 168. b\u00f6l\u00fcm fragman\u0131nda S\u00fcleyman Kaya\u2019n\u0131n geli\u015fi \u015fimdiden b\u00fcy\u00fck bir merak uyand\u0131rd\u0131.<\/p>\n<p><img loading=\"lazy\" decoding=\"async\" class=\"wp-image-138196\" src=\"https:\/\/www.tgrthaber.com\/mavikadin\/wp-content\/uploads\/gonul-dagi-dizi-1-1024x576.jpg\" alt=\"g\u00f6n\u00fcl da\u011f\u0131 dizi \" width=\"1208\" height=\"680\" title=\"\" srcset=\"https:\/\/www.tgrthaber.com\/mavikadin\/wp-content\/uploads\/gonul-dagi-dizi-1-1024x576.jpg 1024w, https:\/\/www.tgrthaber.com\/mavikadin\/wp-content\/uploads\/gonul-dagi-dizi-1-300x169.jpg 300w, https:\/\/www.tgrthaber.com\/mavikadin\/wp-content\/uploads\/gonul-dagi-dizi-1-768x432.jpg 768w, https:\/\/www.tgrthaber.com\/mavikadin\/wp-content\/uploads\/gonul-dagi-dizi-1-1536x864.jpg 1536w, https:\/\/www.tgrthaber.com\/mavikadin\/wp-content\/uploads\/gonul-dagi-dizi-1.jpg 1600w\" sizes=\"(max-width: 1208px) 100vw, 1208px\" \/><\/p>\n<hr \/>\n<p>Fragmandan anla\u015f\u0131ld\u0131\u011f\u0131 kadar\u0131yla, S\u00fcleyman\u2019\u0131n kasabaya d\u00f6n\u00fc\u015f\u00fc ge\u00e7mi\u015ften gelen baz\u0131 s\u0131rlar\u0131 da beraberinde getirecek. Y\u0131llar sonra kasabaya d\u00f6nen S\u00fcleyman Kaya, aile i\u00e7inde ve kasabada nas\u0131l kar\u015f\u0131lanacak? Cirit\u00e7i Abdullah ile aras\u0131ndaki ba\u011f nas\u0131l \u015fekillenecek? T\u00fcm bu sorular\u0131n cevaplar\u0131n\u0131 izleyici dizinin yeni b\u00f6l\u00fcmlerinde bulacak.<\/p>\n<p><img loading=\"lazy\" decoding=\"async\" class=\"wp-image-138201\" src=\"https:\/\/www.tgrthaber.com\/mavikadin\/wp-content\/uploads\/gonul-dagi-dizi-5-1024x576.jpg\" alt=\"g\u00f6n\u00fcl da\u011f\u0131 dizi \" width=\"1208\" height=\"680\" title=\"\" srcset=\"https:\/\/www.tgrthaber.com\/mavikadin\/wp-content\/uploads\/gonul-dagi-dizi-5-1024x576.jpg 1024w, https:\/\/www.tgrthaber.com\/mavikadin\/wp-content\/uploads\/gonul-dagi-dizi-5-300x169.jpg 300w, https:\/\/www.tgrthaber.com\/mavikadin\/wp-content\/uploads\/gonul-dagi-dizi-5-768x432.jpg 768w, https:\/\/www.tgrthaber.com\/mavikadin\/wp-content\/uploads\/gonul-dagi-dizi-5-1536x864.jpg 1536w, https:\/\/www.tgrthaber.com\/mavikadin\/wp-content\/uploads\/gonul-dagi-dizi-5.jpg 1600w\" sizes=\"(max-width: 1208px) 100vw, 1208px\" \/><\/p>\n<hr \/>\n<h3><strong>D\u0130Z\u0130YE KATILMASI HEYECANI ARTIRDI<\/strong><\/h3>\n<p>Erdal \u00d6zya\u011fc\u0131\u011flar\u2019\u0131n diziye kat\u0131lmas\u0131 izleyicilerde heyecan\u0131 artt\u0131rd\u0131. TRT 1 ekranlar\u0131n\u0131n sevilen dizisi G\u00f6n\u00fcl Da\u011f\u0131, cumartesi ak\u015famlar\u0131n\u0131n vazge\u00e7ilmez dizileri aras\u0131nda yerini al\u0131yor. Ba\u015far\u0131l\u0131 oyuncu Erdal \u00d6zya\u011fc\u0131lar 4 A\u011fustos 1948 tarihinde Bursa\u2019da d\u00fcnyaya geldi. Lise \u00f6\u011freniminden sonra \u0130stanbul \u00dcniversitesi Hukuk fak\u00fcltesini ikinci s\u0131n\u0131fta b\u0131rakarak \u0130stanbul Belediye Konservatuar\u0131na girdi. Kenter Tiyatrosu ve Dormen Tiyatrosu\u2019nun kadrolar\u0131nda yer ald\u0131.<\/p>\n<p><img loading=\"lazy\" decoding=\"async\" class=\"wp-image-138198\" src=\"https:\/\/www.tgrthaber.com\/mavikadin\/wp-content\/uploads\/gonul-dagi-dizi-2-1024x576.jpg\" alt=\"g\u00f6n\u00fcl da\u011f\u0131 dizi \" width=\"1208\" height=\"680\" title=\"\" srcset=\"https:\/\/www.tgrthaber.com\/mavikadin\/wp-content\/uploads\/gonul-dagi-dizi-2-1024x576.jpg 1024w, https:\/\/www.tgrthaber.com\/mavikadin\/wp-content\/uploads\/gonul-dagi-dizi-2-300x169.jpg 300w, https:\/\/www.tgrthaber.com\/mavikadin\/wp-content\/uploads\/gonul-dagi-dizi-2-768x432.jpg 768w, https:\/\/www.tgrthaber.com\/mavikadin\/wp-content\/uploads\/gonul-dagi-dizi-2-1536x864.jpg 1536w, https:\/\/www.tgrthaber.com\/mavikadin\/wp-content\/uploads\/gonul-dagi-dizi-2.jpg 1600w\" sizes=\"(max-width: 1208px) 100vw, 1208px\" \/><\/p>\n<hr \/>\n<p>\u00c7e\u015fitli dizi ve filmlerde oynayan \u00d6zya\u011fc\u0131lar\u2019\u0131n sevilen dizileri \u201cElveda Rumeli\u201d, \u201cBizimkiler\u201d, \u201cYabanc\u0131 Damat\u201d gibi isimli dizileri, y\u0131llar ge\u00e7se de sevilen diziler aras\u0131nda yer al\u0131yor. \u00d6zya\u011fc\u0131lar\u2019\u0131n G\u00f6n\u00fcl Da\u011f\u0131 gibi sevilen bir projeye kat\u0131lmas\u0131, dizinin hayranlar\u0131 i\u00e7in b\u00fcy\u00fck bir s\u00fcrpriz oldu. Sosyal medyada yap\u0131lan yorumlarda, izleyicilerin bu geli\u015fmeden olduk\u00e7a memnun oldu\u011fu ve \u00d6zya\u011fc\u0131lar\u2019\u0131n diziye farkl\u0131 bir hava kataca\u011f\u0131 d\u00fc\u015f\u00fcncesini \u00f6ne \u00e7\u0131kar\u0131yor.<\/p>\n<p><img loading=\"lazy\" decoding=\"async\" class=\"alignnone wp-image-138200\" src=\"https:\/\/www.tgrthaber.com\/mavikadin\/wp-content\/uploads\/gonul-dagi-dizi-4-1024x576.jpg\" alt=\"g\u00f6n\u00fcl da\u011f\u0131 dizi \" width=\"1208\" height=\"680\" title=\"\" srcset=\"https:\/\/www.tgrthaber.com\/mavikadin\/wp-content\/uploads\/gonul-dagi-dizi-4-1024x576.jpg 1024w, https:\/\/www.tgrthaber.com\/mavikadin\/wp-content\/uploads\/gonul-dagi-dizi-4-300x169.jpg 300w, https:\/\/www.tgrthaber.com\/mavikadin\/wp-content\/uploads\/gonul-dagi-dizi-4-768x432.jpg 768w, https:\/\/www.tgrthaber.com\/mavikadin\/wp-content\/uploads\/gonul-dagi-dizi-4-1536x864.jpg 1536w, https:\/\/www.tgrthaber.com\/mavikadin\/wp-content\/uploads\/gonul-dagi-dizi-4.jpg 1600w\" sizes=\"(max-width: 1208px) 100vw, 1208px\" \/><\/p>\n<hr \/>\n<h3><strong>S\u00dcLEYMAN KAYA UZUN SOLUKLU OLACAK<\/strong><\/h3>\n<p>Dizinin \u00e7ekimleri Eski\u015fehir\u2019in Sivrihisar il\u00e7esinde devam ediyor. G\u00f6n\u00fcl Da\u011f\u0131, samimi hikayesi, i\u00e7ten oyunculuklar\u0131 ve Anadolu k\u00fclt\u00fcr\u00fcn\u00fc yans\u0131tan sahneleriyle izleyicinin g\u00f6nl\u00fcnde taht kurmu\u015f durumunda g\u00f6r\u00fcn\u00fcyor. Erdal \u00d6zya\u011fc\u0131lar\u2019\u0131n geli\u015fiyle dizide dengelerin de\u011fi\u015fmesi bekleniyor. \u00d6zellikle Cirit\u00e7i Abdullah karakteriyle olan ge\u00e7mi\u015fi, S\u00fcleyman Kaya\u2019n\u0131n kasabaya d\u00f6n\u00fc\u015f nedeni ve hik\u00e2yeye nas\u0131l y\u00f6n verece\u011fi b\u00fcy\u00fck bir merak konusu oldu.<\/p>\n<p><img loading=\"lazy\" decoding=\"async\" class=\"alignnone wp-image-138199\" src=\"https:\/\/www.tgrthaber.com\/mavikadin\/wp-content\/uploads\/gonul-dagi-dizi-3-1024x576.jpg\" alt=\"g\u00f6n\u00fcl da\u011f\u0131 dizi \" width=\"1208\" height=\"680\" title=\"\" srcset=\"https:\/\/www.tgrthaber.com\/mavikadin\/wp-content\/uploads\/gonul-dagi-dizi-3-1024x576.jpg 1024w, https:\/\/www.tgrthaber.com\/mavikadin\/wp-content\/uploads\/gonul-dagi-dizi-3-300x169.jpg 300w, https:\/\/www.tgrthaber.com\/mavikadin\/wp-content\/uploads\/gonul-dagi-dizi-3-768x432.jpg 768w, https:\/\/www.tgrthaber.com\/mavikadin\/wp-content\/uploads\/gonul-dagi-dizi-3-1536x864.jpg 1536w, https:\/\/www.tgrthaber.com\/mavikadin\/wp-content\/uploads\/gonul-dagi-dizi-3.jpg 1600w\" sizes=\"(max-width: 1208px) 100vw, 1208px\" \/><\/p>\n<hr \/>\n<p>Dizinin yap\u0131m ekibinden gelen ilk a\u00e7\u0131klamalara g\u00f6re, S\u00fcleyman Kaya karakteri uzun soluklu bir hik\u00e2yeye sahip olacak. Erdal \u00d6zya\u011fc\u0131lar, birka\u00e7 b\u00f6l\u00fcmde yer alan ge\u00e7ici bir karakter olmayacak; aksine, hik\u00e2yeye derinlik kazand\u0131ran \u00f6nemli bir fig\u00fcr olarak dizide yer alacak.<\/p>\n","protected":false},"excerpt":{"rendered":"<p>TRT 1 ekranlar\u0131n\u0131n sevilen dizilerinden olan G\u00f6n\u00fcl Da\u011f\u0131 dizisine rolleriyle haf\u0131zalara kaz\u0131nan Erdal \u00d6zya\u011fc\u0131lar kat\u0131ld\u0131. \u00d6zya\u011fc\u0131lar \u201cS\u00fcleyman\u201d karakteri ile seyirci kar\u015f\u0131s\u0131na \u00e7\u0131kacak. TRT 1\u2019 in sevilen dizisi G\u00f6n\u00fcl Da\u011f\u0131\u2019na s\u00fcrpriz bir karakter daha izleyenlere merhaba diyecek. 5 sezon boyunca izleyicileri ekran ba\u015f\u0131na toplamay\u0131 ba\u015faran dizi, her b\u00f6l\u00fcm izleyenlere ayr\u0131 bir duygu yo\u011funlu\u011fu ya\u015fat\u0131yor. K\u00f6pr\u00fc film imzal\u0131 diziye usta oyuncu Erdal \u00d6zya\u011fc\u0131lar \u201cS\u00fcleyman\u201d rol\u00fc ile kat\u0131l\u0131yor.<\/p>\n","protected":false},"author":34,"featured_media":138204,"comment_status":"closed","ping_status":"closed","sticky":false,"template":"","format":"standard","meta":{"rank_math_lock_modified_date":false,"footnotes":""},"categories":[602],"tags":[3512,3687,11664,11949],"class_list":["post-138164","post","type-post","status-publish","format-standard","has-post-thumbnail","hentry","category-diziler","tag-erdal-ozyagcilar","tag-gonul-dagi","tag-gonul-dagi-dizi","tag-suleyman-kaya"],"_links":{"self":[{"href":"https:\/\/www.tgrthaber.com\/mavikadin\/wp-json\/wp\/v2\/posts\/138164"}],"collection":[{"href":"https:\/\/www.tgrthaber.com\/mavikadin\/wp-json\/wp\/v2\/posts"}],"about":[{"href":"https:\/\/www.tgrthaber.com\/mavikadin\/wp-json\/wp\/v2\/types\/post"}],"author":[{"embeddable":true,"href":"https:\/\/www.tgrthaber.com\/mavikadin\/wp-json\/wp\/v2\/users\/34"}],"replies":[{"embeddable":true,"href":"https:\/\/www.tgrthaber.com\/mavikadin\/wp-json\/wp\/v2\/comments?post=138164"}],"version-history":[{"count":2,"href":"https:\/\/www.tgrthaber.com\/mavikadin\/wp-json\/wp\/v2\/posts\/138164\/revisions"}],"predecessor-version":[{"id":138206,"href":"https:\/\/www.tgrthaber.com\/mavikadin\/wp-json\/wp\/v2\/posts\/138164\/revisions\/138206"}],"wp:featuredmedia":[{"embeddable":true,"href":"https:\/\/www.tgrthaber.com\/mavikadin\/wp-json\/wp\/v2\/media\/138204"}],"wp:attachment":[{"href":"https:\/\/www.tgrthaber.com\/mavikadin\/wp-json\/wp\/v2\/media?parent=138164"}],"wp:term":[{"taxonomy":"category","embeddable":true,"href":"https:\/\/www.tgrthaber.com\/mavikadin\/wp-json\/wp\/v2\/categories?post=138164"},{"taxonomy":"post_tag","embeddable":true,"href":"https:\/\/www.tgrthaber.com\/mavikadin\/wp-json\/wp\/v2\/tags?post=138164"}],"curies":[{"name":"wp","href":"https:\/\/api.w.org\/{rel}","templated":true}]}}