{"id":138218,"date":"2025-02-25T16:36:57","date_gmt":"2025-02-25T13:36:57","guid":{"rendered":"https:\/\/www.tgrthaber.com\/mavikadin\/?p=138218"},"modified":"2025-02-28T11:51:02","modified_gmt":"2025-02-28T08:51:02","slug":"2025-ramazan-ayinda-televizyonda-yayinlanacak-programlar-ve-saatleri","status":"publish","type":"post","link":"https:\/\/www.tgrthaber.com\/mavikadin\/2025-ramazan-ayinda-televizyonda-yayinlanacak-programlar-ve-saatleri\/","title":{"rendered":"2025 Ramazan ay\u0131nda televizyonda yay\u0131nlanacak programlar ve saatleri!"},"content":{"rendered":"<p>Milyonlarca M\u00fcsl\u00fcman\u0131n\u0131n b\u00fcy\u00fck bir heyecanla bekledi\u011fi Ramazan ay\u0131 1 Mart Cumartesi g\u00fcn\u00fc ba\u015fl\u0131yor. Evleri iftar ve sahur heyecan\u0131 sararken televizyon ekranlar\u0131nda hangi programlar\u0131n yay\u0131nlanaca\u011f\u0131 da merak ediliyor. Kur\u2019an tilavetlerinin yap\u0131ld\u0131\u011f\u0131, birbirinden ba\u015far\u0131l\u0131 konuklar\u0131n ve hocalar\u0131n sohbetlerinin yer ald\u0131\u011f\u0131 iftar ve sahur programlar\u0131 Ramazan ay\u0131 boyunca televizyon ekranlar\u0131nda yer alacak. Peki, 2025 Ramazan ay\u0131nda televizyonda yer alacak programlar ve saatleri neler? \u0130\u015fte 2025 ramazan ay\u0131nda televizyon ekranlar\u0131nda yer alacak programlar ve saatleri\u2026<\/p>\n<h3>RAMAZAN AYINDA TELEV\u0130ZYON EKRANLARINDA NELER OLACAK?<\/h3>\n<p><strong>TGRT EKRANLARINDA YER ALACAK RAMAZAN PROGRAMLARI<\/strong><\/p>\n<p>TGRT Haber ekranlar\u0131nda 18:00&#8217;de \u0130ftara Do\u011fru program\u0131 yer alacak. \u00d6te yandan saat 04:30&#8217;da Sahur Vakti program\u0131 izleyicilerle olacak. Programlar Ramazan ay\u0131 boyunca ayn\u0131 saatlerde ekranlarda yer alacak. Hafta i\u00e7i \u0130ftara Do\u011fru program\u0131 Gazeteci Yazar Ziya Osman A\u00e7\u0131kel ve \u0130lahiyat\u00e7\u0131 Yazar Prof. Dr. Ramazan Ayvall\u0131 hafta sonu ise Emekli M\u00fcft\u00fc Said Emin Arvas ekranlarda olacak. Hafta i\u00e7i Sahur Vakti program\u0131nda sunucu Burak Ko\u00e7yi\u011fit&#8217;e \u0130lahiyat\u00e7\u0131 Yazar Osman \u00dcnl\u00fc e\u015flik edecek. Hafta sonu Sahur program\u0131nda ise Emekli M\u00fctf\u00fc Hasan Yava\u015f olacak.<\/p>\n<div style=\"width: 640px;\" class=\"wp-video\"><!--[if lt IE 9]><script>document.createElement('video');<\/script><![endif]-->\n<video class=\"wp-video-shortcode\" id=\"video-138218-1\" width=\"640\" height=\"360\" preload=\"metadata\" controls=\"controls\"><source type=\"video\/mp4\" src=\"https:\/\/www.tgrthaber.com\/mavikadin\/wp-content\/uploads\/WhatsApp-Video-2025-02-28-at-11.25.16.mp4?_=1\" \/><a href=\"https:\/\/www.tgrthaber.com\/mavikadin\/wp-content\/uploads\/WhatsApp-Video-2025-02-28-at-11.25.16.mp4\">https:\/\/www.tgrthaber.com\/mavikadin\/wp-content\/uploads\/WhatsApp-Video-2025-02-28-at-11.25.16.mp4<\/a><\/video><\/div>\n<hr \/>\n<h3>TRT 1 EKRANLARINDA \u2018RAMAZAN SEV\u0130NC\u0130\u2019 YA\u015eANIYOR!<\/h3>\n<p>TRT 1 ekranlar\u0131 ramazan ay\u0131n\u0131 b\u00fcy\u00fck bir co\u015fkuyla kutlamaya haz\u0131rlan\u0131yor. Birbirinden g\u00fczel programlar\u0131n ve dizilerin yay\u0131nlanaca\u011f\u0131 TRT 1 ekranlar\u0131 seyirciye ramazan sevincini ya\u015fatmaya geliyor. Peki, TRT 1 ekranlar\u0131nda ramazan boyunca hangi programlar yer alacak? \u0130\u015fte TRT 1 ekranlar\u0131nda ramazan boyunca izleyici kar\u015f\u0131s\u0131na \u00e7\u0131kacak programlar ve saatleri\u2026<\/p>\n<p><img loading=\"lazy\" decoding=\"async\" class=\"alignnone wp-image-138224\" src=\"https:\/\/www.tgrthaber.com\/mavikadin\/wp-content\/uploads\/ramazan-ayi-programlari-1-1024x576.jpg\" alt=\"2025 Ramazan ay\u0131nda televizyonda yer alacak programlar ve saatleri! \" width=\"1208\" height=\"680\" title=\"\" srcset=\"https:\/\/www.tgrthaber.com\/mavikadin\/wp-content\/uploads\/ramazan-ayi-programlari-1-1024x576.jpg 1024w, https:\/\/www.tgrthaber.com\/mavikadin\/wp-content\/uploads\/ramazan-ayi-programlari-1-300x169.jpg 300w, https:\/\/www.tgrthaber.com\/mavikadin\/wp-content\/uploads\/ramazan-ayi-programlari-1-768x432.jpg 768w, https:\/\/www.tgrthaber.com\/mavikadin\/wp-content\/uploads\/ramazan-ayi-programlari-1-1536x864.jpg 1536w, https:\/\/www.tgrthaber.com\/mavikadin\/wp-content\/uploads\/ramazan-ayi-programlari-1.jpg 1600w\" sizes=\"(max-width: 1208px) 100vw, 1208px\" \/><\/p>\n<hr \/>\n<p><strong>Kur\u2019an-\u0131 Kerim Hatm-i \u015eerif:<\/strong> TRT 1 ekranlar\u0131n\u0131n sevilen program\u0131 \u201cKur\u2019an-\u0131 Kerim Hatm-i \u015eerif\u201d ramazan ay\u0131 boyunca cumartesi ve pazar g\u00fcnleri saat 06.10\u2019da izleyici ile bulu\u015facak.<\/p>\n<p><strong>\u00d6m\u00fcr Akkor ile Bir Sofra Bin Bereket:<\/strong> Ramazan\u2019\u0131n en sevilen programlar\u0131ndan \u201c\u00d6m\u00fcr Akkor ile Bir Sofra Bin Bereket\u201d ramazan ay\u0131 boyunca her g\u00fcn saat 15.55\u2019te seyirci ile bulu\u015facak.<\/p>\n<p><strong>Kur&#8217;an-\u0131 Kerim&#8217;i G\u00fczel Okuma Yar\u0131\u015fmas\u0131:<\/strong> TRT 1 ekranlar\u0131n\u0131n vazge\u00e7ilmez ramazan programlar\u0131ndan \u201cKur&#8217;an-\u0131 Kerim&#8217;i G\u00fczel Okuma Yar\u0131\u015fmas\u0131\u201d ramazan ay\u0131 boyunca her g\u00fcn saat 16.40\u2019ta TRT 1 ekranlar\u0131nda izleyici kar\u015f\u0131s\u0131na \u00e7\u0131kacak.<\/p>\n<p><strong>Ramazan Sevinci:<\/strong> Bekir Develi ile \u201cRamazan Sevinci\u201d canl\u0131 yay\u0131nla ramazan ay\u0131 boyunca her g\u00fcn saat 18.15&#8217;te TRT 1 ekranlar\u0131nda seyirci ile bulu\u015facak.<\/p>\n<p><img loading=\"lazy\" decoding=\"async\" class=\"alignnone wp-image-138225\" src=\"https:\/\/www.tgrthaber.com\/mavikadin\/wp-content\/uploads\/ramazan-ayi-programlari-7-1024x576.jpg\" alt=\"2025 Ramazan ay\u0131nda televizyonda yer alacak programlar ve saatleri! \" width=\"1208\" height=\"680\" title=\"\" srcset=\"https:\/\/www.tgrthaber.com\/mavikadin\/wp-content\/uploads\/ramazan-ayi-programlari-7-1024x576.jpg 1024w, https:\/\/www.tgrthaber.com\/mavikadin\/wp-content\/uploads\/ramazan-ayi-programlari-7-300x169.jpg 300w, https:\/\/www.tgrthaber.com\/mavikadin\/wp-content\/uploads\/ramazan-ayi-programlari-7-768x432.jpg 768w, https:\/\/www.tgrthaber.com\/mavikadin\/wp-content\/uploads\/ramazan-ayi-programlari-7-1536x864.jpg 1536w, https:\/\/www.tgrthaber.com\/mavikadin\/wp-content\/uploads\/ramazan-ayi-programlari-7.jpg 1600w\" sizes=\"(max-width: 1208px) 100vw, 1208px\" \/><\/p>\n<hr \/>\n<p><strong>Vefa Sultan:<\/strong> TRT 1 ekranlar\u0131n\u0131n ramazan ay\u0131na \u00f6zel haz\u0131rlad\u0131\u011f\u0131 \u201cVefa Sultan\u201d dizisi 1 Mart tarihinden itibaren ramazan ay\u0131 boyunca her g\u00fcn saat 23.55\u2019te izleyici kar\u015f\u0131s\u0131na \u00e7\u0131kacak.<\/p>\n<p><strong>Sahur Bereketi:<\/strong> Ramazan ay\u0131n\u0131n vazge\u00e7ilmez sahur programlar\u0131 aras\u0131nda yer alan \u201cSahur Bereketi\u201d Orhan Karaa\u011fa\u00e7\u2019\u0131n sunumu ile ramazan ay\u0131 boyunca her g\u00fcn TRT 1 ekranlar\u0131nda saat 04.25\u2019te seyirci ile bulu\u015facak.<\/p>\n<h3>ATV EKRANLARININ VAZGE\u00c7\u0130LMEZ\u0130 N\u0130HAT HAT\u0130PO\u011eLU!<\/h3>\n<p>ATV ekranlar\u0131n\u0131n vazge\u00e7ilmez programlar\u0131n\u0131n sunuculu\u011funu \u00fcstlenen Nihat Hatipo\u011flu, iftar ve sahur programlar\u0131yla izleyici kar\u015f\u0131s\u0131na \u00e7\u0131kmaya haz\u0131rlan\u0131yor. Ramazan heyecan\u0131 ATV ekranlar\u0131nda da b\u00fcy\u00fck bir co\u015fkuyla kutlan\u0131yor.<\/p>\n<p><img loading=\"lazy\" decoding=\"async\" class=\"alignnone wp-image-138226\" src=\"https:\/\/www.tgrthaber.com\/mavikadin\/wp-content\/uploads\/ramazan-ayi-programlari-1024x576.jpg\" alt=\"2025 Ramazan ay\u0131nda televizyonda yer alacak programlar ve saatleri! \" width=\"1208\" height=\"680\" title=\"\" srcset=\"https:\/\/www.tgrthaber.com\/mavikadin\/wp-content\/uploads\/ramazan-ayi-programlari-1024x576.jpg 1024w, https:\/\/www.tgrthaber.com\/mavikadin\/wp-content\/uploads\/ramazan-ayi-programlari-300x169.jpg 300w, https:\/\/www.tgrthaber.com\/mavikadin\/wp-content\/uploads\/ramazan-ayi-programlari-768x432.jpg 768w, https:\/\/www.tgrthaber.com\/mavikadin\/wp-content\/uploads\/ramazan-ayi-programlari-1536x864.jpg 1536w, https:\/\/www.tgrthaber.com\/mavikadin\/wp-content\/uploads\/ramazan-ayi-programlari.jpg 1600w\" sizes=\"(max-width: 1208px) 100vw, 1208px\" \/><\/p>\n<hr \/>\n<p><strong>Prof. Dr. Nihat Hatipo\u011flu ile \u0130ftar:<\/strong> Ramazan ay\u0131n\u0131n vazge\u00e7ilmez programlar\u0131ndan biri olan \u201cProf. Dr. Nihat Hatipo\u011flu ile \u0130ftar\u201d ATV ekranlar\u0131nda ramazan ay\u0131 boyunca her g\u00fcn saat 17.30\u2019da izleyici ile bulu\u015facak.<\/p>\n<p><strong>Prof. Dr. Nihat Hatipo\u011flu ile Sahur:<\/strong> Nihat Hatipo\u011flu iftar program\u0131n\u0131n yan\u0131 s\u0131ra sahur program\u0131yla da ATV ekranlar\u0131nda yer almaya devam ediyor. \u201cProf. Dr. Nihat Hatipo\u011flu ile Sahur\u201d program\u0131 ramazan ay\u0131 boyunca her g\u00fcn saat 03.45\u2019te ATV ekranlar\u0131nda seyirci ile bulu\u015facak.<\/p>\n<h3>KANAL 7 EKRANLARINDA RAMAZAN \u00c7O\u015eKUSU!<\/h3>\n<p>Kanal 7 ekranlar\u0131nda da ramazan gelene\u011fi de\u011fi\u015fmedi. T\u00fcm co\u015fkusuyla ramazan heyecan\u0131n\u0131 izleyici ile bulu\u015fturacak Kanal 7 ekranlar\u0131 birbirinden g\u00fczel programlar\u0131yla ramazana haz\u0131r. Peki, Kanal 7 ekranlar\u0131nda ramazan ay\u0131 boyunca hangi programlar ekrana gelecek? \u0130\u015fte detaylar\u2026<\/p>\n<p><img loading=\"lazy\" decoding=\"async\" class=\"alignnone wp-image-138227\" src=\"https:\/\/www.tgrthaber.com\/mavikadin\/wp-content\/uploads\/ramazan-ayi-programlari-2-1024x576.jpg\" alt=\"2025 Ramazan ay\u0131nda televizyonda yer alacak programlar ve saatleri! \" width=\"1208\" height=\"680\" title=\"\" srcset=\"https:\/\/www.tgrthaber.com\/mavikadin\/wp-content\/uploads\/ramazan-ayi-programlari-2-1024x576.jpg 1024w, https:\/\/www.tgrthaber.com\/mavikadin\/wp-content\/uploads\/ramazan-ayi-programlari-2-300x169.jpg 300w, https:\/\/www.tgrthaber.com\/mavikadin\/wp-content\/uploads\/ramazan-ayi-programlari-2-768x432.jpg 768w, https:\/\/www.tgrthaber.com\/mavikadin\/wp-content\/uploads\/ramazan-ayi-programlari-2-1536x864.jpg 1536w, https:\/\/www.tgrthaber.com\/mavikadin\/wp-content\/uploads\/ramazan-ayi-programlari-2.jpg 1600w\" sizes=\"(max-width: 1208px) 100vw, 1208px\" \/><\/p>\n<hr \/>\n<p><strong>Mukabele:<\/strong> Kanal 7 ekranlar\u0131nda ramazan ay\u0131 boyunca her g\u00fcn saat 06.00\u2019da \u201cMukabele\u201d program\u0131 izleyici ile bulu\u015facak.<\/p>\n<p><strong>Necmettin Nursa\u00e7an\u2019la \u0130ftar Saati:<\/strong> Kanal 7 ekranlar\u0131nda ramazan ay\u0131 boyunca her g\u00fcn saat 18.40\u2019ta \u201cNecmettin Nursa\u00e7an\u2019la \u0130ftar Saati\u201d seyirci kar\u015f\u0131s\u0131na \u00e7\u0131kacak.<\/p>\n<p><strong>Mustafa Karata\u015f ile Sahur Vakti:<\/strong> Kanal 7 ekranlar\u0131n\u0131n sevilen y\u00fcz\u00fc Mustafa Karata\u015f, sahur program\u0131yla seyirci ile bulu\u015facak. \u201cMustafa Karata\u015f ile Sahur Vakti\u201d ramazan ay\u0131 boyunca her g\u00fcn saat 03.15\u2019te izleyici kar\u015f\u0131s\u0131na \u00e7\u0131kacak.<\/p>\n<h3>D\u0130\u011eER KANALLARDA NELER VAR?<\/h3>\n<p>Ramazan ay\u0131 boyunca \u00e7e\u015fitli kanallarda ramazana \u00f6zel bir\u00e7ok program yay\u0131nlan\u0131yor. Hen\u00fcz baz\u0131 kanallar\u0131n yay\u0131n ak\u0131\u015flar\u0131nda ramazana \u00f6zel programlar yer almasa da ge\u00e7ti\u011fimiz senelerde bir\u00e7ok program izleyici ile bulu\u015fmu\u015ftu.<\/p>\n<p><img loading=\"lazy\" decoding=\"async\" class=\"alignnone wp-image-138228\" src=\"https:\/\/www.tgrthaber.com\/mavikadin\/wp-content\/uploads\/ramazan-ayi-programlari-3-1024x576.jpg\" alt=\"2025 Ramazan ay\u0131nda televizyonda yer alacak programlar ve saatleri! \" width=\"1208\" height=\"680\" title=\"\" srcset=\"https:\/\/www.tgrthaber.com\/mavikadin\/wp-content\/uploads\/ramazan-ayi-programlari-3-1024x576.jpg 1024w, https:\/\/www.tgrthaber.com\/mavikadin\/wp-content\/uploads\/ramazan-ayi-programlari-3-300x169.jpg 300w, https:\/\/www.tgrthaber.com\/mavikadin\/wp-content\/uploads\/ramazan-ayi-programlari-3-768x432.jpg 768w, https:\/\/www.tgrthaber.com\/mavikadin\/wp-content\/uploads\/ramazan-ayi-programlari-3-1536x864.jpg 1536w, https:\/\/www.tgrthaber.com\/mavikadin\/wp-content\/uploads\/ramazan-ayi-programlari-3.jpg 1600w\" sizes=\"(max-width: 1208px) 100vw, 1208px\" \/><\/p>\n<hr \/>\n<p>NOW TV ekranlar\u0131nda <strong>\u201cFatih Sava\u015f ile Sahur Sohbetleri\u201d<\/strong> ramazan ay\u0131 boyunca her g\u00fcn saat 03.45\u2019te izleyici ile bulu\u015fmaya haz\u0131rlan\u0131yor.<\/p>\n<p>Show TV ekranlar\u0131nda ramazana \u00f6zel bir program\u0131n yay\u0131nlan\u0131p yay\u0131nlanmayaca\u011f\u0131na dair resmi bir duyuru yap\u0131lmad\u0131. Kanal\u0131n yay\u0131n ak\u0131\u015f\u0131nda da ramazana \u00f6zel bir program\u0131n yer almad\u0131\u011f\u0131 g\u00f6r\u00fcld\u00fc.<\/p>\n<p>Star TV ekranlar\u0131nda ge\u00e7ti\u011fimiz senelerde de izleyici ile bulu\u015fan \u201c<strong>Halil Necipo\u011flu ile Ramazan Bereketi<\/strong>\u201d program\u0131n\u0131n bu senede izleyici ile bulu\u015faca\u011f\u0131 tahmin ediliyor. Ramazan ay\u0131na \u00f6zel program Halil Necipo\u011flu ile Ramazan Bereketi, hen\u00fcz Star TV\u2019nin yay\u0131n ak\u0131\u015f\u0131nda yer alm\u0131yor. \u0130lerleyen g\u00fcnlerde program\u0131n yay\u0131n ak\u0131\u015f\u0131na dahil edilece\u011fi d\u00fc\u015f\u00fcn\u00fcl\u00fcyor.<\/p>\n<p><img loading=\"lazy\" decoding=\"async\" class=\"alignnone wp-image-138230\" src=\"https:\/\/www.tgrthaber.com\/mavikadin\/wp-content\/uploads\/ramazan-ayi-programlari-5-1024x576.jpg\" alt=\"2025 Ramazan ay\u0131nda televizyonda yer alacak programlar ve saatleri! \" width=\"1208\" height=\"680\" title=\"\" srcset=\"https:\/\/www.tgrthaber.com\/mavikadin\/wp-content\/uploads\/ramazan-ayi-programlari-5-1024x576.jpg 1024w, https:\/\/www.tgrthaber.com\/mavikadin\/wp-content\/uploads\/ramazan-ayi-programlari-5-300x169.jpg 300w, https:\/\/www.tgrthaber.com\/mavikadin\/wp-content\/uploads\/ramazan-ayi-programlari-5-768x432.jpg 768w, https:\/\/www.tgrthaber.com\/mavikadin\/wp-content\/uploads\/ramazan-ayi-programlari-5-1536x864.jpg 1536w, https:\/\/www.tgrthaber.com\/mavikadin\/wp-content\/uploads\/ramazan-ayi-programlari-5.jpg 1600w\" sizes=\"(max-width: 1208px) 100vw, 1208px\" \/><\/p>\n<hr \/>\n<p>Kanal D ekranlar\u0131n\u0131n ge\u00e7ti\u011fimiz senelerde de izleyici ile bulu\u015fan \u201c<strong>Mehmet Fatih \u00c7\u0131tlak ile Sahur Vakti Program\u0131<\/strong>\u201d program\u0131n\u0131n bu senede izleyici ile bulu\u015faca\u011f\u0131 tahmin ediliyor. Ramazan ay\u0131na \u00f6zel program Mehmet Fatih \u00c7\u0131tlak ile Sahur Vakti, hen\u00fcz Kanal D\u2019nin yay\u0131n ak\u0131\u015f\u0131nda yer alm\u0131yor. \u0130lerleyen g\u00fcnlerde program\u0131n yay\u0131n ak\u0131\u015f\u0131na dahil edilece\u011fi ve ramazan ay\u0131 boyunca saat 03.45\u2019te yay\u0131nlanaca\u011f\u0131 d\u00fc\u015f\u00fcn\u00fcl\u00fcyor.<\/p>\n<p><img loading=\"lazy\" decoding=\"async\" class=\"alignnone wp-image-138237\" src=\"https:\/\/www.tgrthaber.com\/mavikadin\/wp-content\/uploads\/ramazan-ayi-programlari-4-1024x576.jpg\" alt=\"2025 Ramazan ay\u0131nda televizyonda yer alacak programlar ve saatleri! \" width=\"1208\" height=\"680\" title=\"\" srcset=\"https:\/\/www.tgrthaber.com\/mavikadin\/wp-content\/uploads\/ramazan-ayi-programlari-4-1024x576.jpg 1024w, https:\/\/www.tgrthaber.com\/mavikadin\/wp-content\/uploads\/ramazan-ayi-programlari-4-300x169.jpg 300w, https:\/\/www.tgrthaber.com\/mavikadin\/wp-content\/uploads\/ramazan-ayi-programlari-4-768x432.jpg 768w, https:\/\/www.tgrthaber.com\/mavikadin\/wp-content\/uploads\/ramazan-ayi-programlari-4-1536x864.jpg 1536w, https:\/\/www.tgrthaber.com\/mavikadin\/wp-content\/uploads\/ramazan-ayi-programlari-4.jpg 1600w\" sizes=\"(max-width: 1208px) 100vw, 1208px\" \/><\/p>\n<hr \/>\n<p>TV8 ekranlar\u0131nda ge\u00e7ti\u011fimiz senelerde de izleyici ile bulu\u015fan \u201c<strong>Emre Dorman ile Akl\u0131mdaki Sorular Ramazan<\/strong>\u201d program\u0131n\u0131n bu senede izleyici ile bulu\u015faca\u011f\u0131 tahmin ediliyor. Ramazan ay\u0131na \u00f6zel program Emre Dorman ile Akl\u0131mdaki Sorular Ramazan, hen\u00fcz TV8\u2019in yay\u0131n ak\u0131\u015f\u0131nda yer alm\u0131yor. \u0130lerleyen g\u00fcnlerde program\u0131n yay\u0131n ak\u0131\u015f\u0131na dahil edilece\u011fi d\u00fc\u015f\u00fcn\u00fcl\u00fcyor.<\/p>\n","protected":false},"excerpt":{"rendered":"<p>Ramazan ay\u0131n\u0131n gelmesiyle birlikte televizyonda yay\u0131nlanacak programlar\u0131n neler oldu\u011fu merak ediliyor. Peki, 2025 Ramazan ay\u0131nda televizyonda yer alacak programlar ve saatleri neler? \u0130\u015fte detaylar\u2026<\/p>\n","protected":false},"author":26,"featured_media":138223,"comment_status":"closed","ping_status":"closed","sticky":false,"template":"","format":"standard","meta":{"rank_math_lock_modified_date":false,"footnotes":""},"categories":[101],"tags":[11961,495,6170,8169,11960],"class_list":["post-138218","post","type-post","status-publish","format-standard","has-post-thumbnail","hentry","category-kesfet","tag-dini-programlar","tag-ramazan","tag-ramazan-ayi","tag-ramazan-ayi-2025","tag-ramazan-ayinda-yayinlanacak-programlar"],"_links":{"self":[{"href":"https:\/\/www.tgrthaber.com\/mavikadin\/wp-json\/wp\/v2\/posts\/138218"}],"collection":[{"href":"https:\/\/www.tgrthaber.com\/mavikadin\/wp-json\/wp\/v2\/posts"}],"about":[{"href":"https:\/\/www.tgrthaber.com\/mavikadin\/wp-json\/wp\/v2\/types\/post"}],"author":[{"embeddable":true,"href":"https:\/\/www.tgrthaber.com\/mavikadin\/wp-json\/wp\/v2\/users\/26"}],"replies":[{"embeddable":true,"href":"https:\/\/www.tgrthaber.com\/mavikadin\/wp-json\/wp\/v2\/comments?post=138218"}],"version-history":[{"count":10,"href":"https:\/\/www.tgrthaber.com\/mavikadin\/wp-json\/wp\/v2\/posts\/138218\/revisions"}],"predecessor-version":[{"id":139794,"href":"https:\/\/www.tgrthaber.com\/mavikadin\/wp-json\/wp\/v2\/posts\/138218\/revisions\/139794"}],"wp:featuredmedia":[{"embeddable":true,"href":"https:\/\/www.tgrthaber.com\/mavikadin\/wp-json\/wp\/v2\/media\/138223"}],"wp:attachment":[{"href":"https:\/\/www.tgrthaber.com\/mavikadin\/wp-json\/wp\/v2\/media?parent=138218"}],"wp:term":[{"taxonomy":"category","embeddable":true,"href":"https:\/\/www.tgrthaber.com\/mavikadin\/wp-json\/wp\/v2\/categories?post=138218"},{"taxonomy":"post_tag","embeddable":true,"href":"https:\/\/www.tgrthaber.com\/mavikadin\/wp-json\/wp\/v2\/tags?post=138218"}],"curies":[{"name":"wp","href":"https:\/\/api.w.org\/{rel}","templated":true}]}}