{"id":138222,"date":"2025-02-25T16:44:14","date_gmt":"2025-02-25T13:44:14","guid":{"rendered":"https:\/\/www.tgrthaber.com\/mavikadin\/?p=138222"},"modified":"2025-02-25T16:44:14","modified_gmt":"2025-02-25T13:44:14","slug":"balik-fiyatlari-aldi-basini-gidiyor-yogun-kar-yagisi-o-baliklarin-kilosunu-400-tlye-cikardi","status":"publish","type":"post","link":"https:\/\/www.tgrthaber.com\/mavikadin\/balik-fiyatlari-aldi-basini-gidiyor-yogun-kar-yagisi-o-baliklarin-kilosunu-400-tlye-cikardi\/","title":{"rendered":"Bal\u0131k fiyatlar\u0131 ald\u0131 ba\u015f\u0131n\u0131 gidiyor! Yo\u011fun kar ya\u011f\u0131\u015f\u0131, o bal\u0131klar\u0131n kilosunu 400 TL&#8217;ye \u00e7\u0131kard\u0131.."},"content":{"rendered":"<p>\u00d6zellikle de k\u0131\u015f aylar\u0131nda sofralar\u0131n olmazsa olmaz\u0131 olan ve sa\u011fl\u0131k a\u00e7\u0131s\u0131ndan haftada en az bir kere dahi olsa t\u00fcketilmesi \u00f6nerilen bal\u0131k t\u00fcketiminde havalar\u0131n so\u011fumas\u0131 ile beraber art\u0131\u015f g\u00f6steren bal\u0131k fiyatlar\u0131 dikkat \u00e7ekiyor.<\/p>\n<p>Havalar so\u011fudu\u011fu i\u00e7in avlanan bal\u0131k \u00e7e\u015fitlerinin de azalmas\u0131 sebebiyle fiyat\u0131 artan bal\u0131k sat\u0131\u015flar\u0131 ile ilgili Bal\u0131k\u00e7\u0131 Sezgin Acar, bilgilendirmede bulundu.<\/p>\n<h3>BALIK F\u0130YATLARI ALDI BA\u015eINI G\u0130D\u0130YOR! F\u0130YATLAR Y\u00dcKSELD\u0130&#8230;<\/h3>\n<p>B\u00fcy\u00fck\u015fehir Belediyesi Band\u0131rma Bal\u0131k Hali&#8217;nde bal\u0131k\u00e7\u0131l\u0131k yapan Sezgin Acar, bal\u0131k fiyatlar\u0131n\u0131n artt\u0131\u011f\u0131na de\u011finerek, &#8220;\u015eu anda hamsi, istavrit, \u00e7upra ve levrek sat\u0131yoruz.<\/p>\n<p><img loading=\"lazy\" decoding=\"async\" class=\"alignnone wp-image-138242\" src=\"https:\/\/www.tgrthaber.com\/mavikadin\/wp-content\/uploads\/balik-tezgahlari-bos-kaldi-20190217AW62_1.jpg\" alt=\"\" width=\"1208\" height=\"669\" title=\"\" srcset=\"https:\/\/www.tgrthaber.com\/mavikadin\/wp-content\/uploads\/balik-tezgahlari-bos-kaldi-20190217AW62_1.jpg 650w, https:\/\/www.tgrthaber.com\/mavikadin\/wp-content\/uploads\/balik-tezgahlari-bos-kaldi-20190217AW62_1-300x166.jpg 300w\" sizes=\"(max-width: 1208px) 100vw, 1208px\" \/><\/p>\n<hr \/>\n<p>Hamsi Marmara&#8217;dan az \u00e7\u0131k\u0131yor, daha \u00e7ok Karadeniz&#8217;den geliyor. Fiyatlar y\u00fckseldi, \u015fu anda hamsinin kilosu 400 TL, istavrit ise en uygun fiyatl\u0131 bal\u0131k olarak 200 TL&#8217;den sat\u0131l\u0131yor. \u00c7e\u015fit azalsa da taze bal\u0131k bulmak m\u00fcmk\u00fcn&#8221; ifadesinde bulundu.<\/p>\n<h3>KARADEN\u0130Z HAMS\u0130S\u0130N\u0130N F\u0130YATLARI \u0130SE&#8230;<\/h3>\n<p>Bal\u0131k\u00e7\u0131 Bar\u0131\u015f Y\u0131ld\u0131z ise on bir ay\u0131n sultan\u0131 olan m\u00fcbarek Ramazan ay\u0131n\u0131n yakla\u015fmas\u0131yla beraber halk\u0131 bal\u0131k t\u00fcketimine davet ederek, &#8220;Karadeniz ve Marmara hamsisi, mezgit, istavrit tezgahlar\u0131m\u0131zda yerini ald\u0131. Fiyatlar bir miktar d\u00fc\u015ft\u00fc. Karadeniz hamsisi 300 TL, Marmara hamsisi 400 TL, istavrit 200 TL, sardalya ise 200 TL&#8217;den sat\u0131l\u0131yor. Ramazan&#8217;da fiyatlar\u0131n daha da uygun olmas\u0131n\u0131 bekliyoruz&#8221; dedi.<\/p>\n<h3>&#8220;F\u0130YATLAR D\u00dc\u015eEB\u0130L\u0130R&#8230;&#8221;<\/h3>\n<p>Bal\u0131k\u00e7\u0131 Metin \u00c7okgezenler de \u00f6zellikle de do\u011fuda art\u0131\u015f g\u00f6steren kar ya\u011f\u0131\u015f\u0131 sonras\u0131 havalar\u0131n d\u00fczelmesiyle beraber bal\u0131\u011f\u0131n \u015fimdi daha \u00e7ok bolla\u015ft\u0131\u011f\u0131na de\u011finerek,<\/p>\n<p><img loading=\"lazy\" decoding=\"async\" class=\"alignnone wp-image-138244\" src=\"https:\/\/www.tgrthaber.com\/mavikadin\/wp-content\/uploads\/balikci-wE8Q_cover.jpg\" alt=\"\" width=\"1208\" height=\"680\" title=\"\" srcset=\"https:\/\/www.tgrthaber.com\/mavikadin\/wp-content\/uploads\/balikci-wE8Q_cover.jpg 1280w, https:\/\/www.tgrthaber.com\/mavikadin\/wp-content\/uploads\/balikci-wE8Q_cover-300x169.jpg 300w, https:\/\/www.tgrthaber.com\/mavikadin\/wp-content\/uploads\/balikci-wE8Q_cover-1024x576.jpg 1024w, https:\/\/www.tgrthaber.com\/mavikadin\/wp-content\/uploads\/balikci-wE8Q_cover-768x432.jpg 768w\" sizes=\"(max-width: 1208px) 100vw, 1208px\" \/><\/p>\n<hr \/>\n<p>&#8220;Teknelerimiz avlanmaya ba\u015flad\u0131, Karadeniz&#8217;de hamsicilik yap\u0131l\u0131yor. Bug\u00fcnk\u00fc fiyatlar 300-400 TL aras\u0131nda, ancak yar\u0131n biraz daha d\u00fc\u015febilir. Vatanda\u015flar her zaman ucuz ve taze bal\u0131k istiyor.<\/p>\n<p>Bal\u0131k bol olursa fiyatlar d\u00fc\u015fer, az olursa y\u00fckselir. \u015eu anda hamsi 400 TL, istavrit 250-300 TL, sardalya 150-200 TL, \u00e7inekop 600 TL, \u00e7upra ve levrek ise tanesi 200 TL&#8217;den sat\u0131l\u0131yor. \u00d6n\u00fcm\u00fczdeki g\u00fcnlerde havalar b\u00f6yle giderse fiyatlar\u0131n d\u00fc\u015fece\u011fini tahmin ediyoruz&#8221; a\u00e7\u0131klamas\u0131nda bulundu.<\/p>\n","protected":false},"excerpt":{"rendered":"<p>Son zamanlarda g\u00f6r\u00fclen yo\u011fun kar ya\u011f\u0131\u015f\u0131 sonras\u0131nda Bal\u0131kesir B\u00fcy\u00fck\u015fehir Belediyesi Band\u0131rma Bal\u0131k Hali&#8217;nde bal\u0131k fiyatlar\u0131 merak edildi. \u0130\u015fte g\u00fcncel bal\u0131k fiyatlar\u0131&#8230;<\/p>\n","protected":false},"author":27,"featured_media":138238,"comment_status":"closed","ping_status":"closed","sticky":false,"template":"","format":"standard","meta":{"rank_math_lock_modified_date":false,"footnotes":""},"categories":[78],"tags":[350,11962,11963],"class_list":["post-138222","post","type-post","status-publish","format-standard","has-post-thumbnail","hentry","category-yasam","tag-balik","tag-balik-fiyatlari","tag-balik-tuketimi"],"_links":{"self":[{"href":"https:\/\/www.tgrthaber.com\/mavikadin\/wp-json\/wp\/v2\/posts\/138222"}],"collection":[{"href":"https:\/\/www.tgrthaber.com\/mavikadin\/wp-json\/wp\/v2\/posts"}],"about":[{"href":"https:\/\/www.tgrthaber.com\/mavikadin\/wp-json\/wp\/v2\/types\/post"}],"author":[{"embeddable":true,"href":"https:\/\/www.tgrthaber.com\/mavikadin\/wp-json\/wp\/v2\/users\/27"}],"replies":[{"embeddable":true,"href":"https:\/\/www.tgrthaber.com\/mavikadin\/wp-json\/wp\/v2\/comments?post=138222"}],"version-history":[{"count":2,"href":"https:\/\/www.tgrthaber.com\/mavikadin\/wp-json\/wp\/v2\/posts\/138222\/revisions"}],"predecessor-version":[{"id":138246,"href":"https:\/\/www.tgrthaber.com\/mavikadin\/wp-json\/wp\/v2\/posts\/138222\/revisions\/138246"}],"wp:featuredmedia":[{"embeddable":true,"href":"https:\/\/www.tgrthaber.com\/mavikadin\/wp-json\/wp\/v2\/media\/138238"}],"wp:attachment":[{"href":"https:\/\/www.tgrthaber.com\/mavikadin\/wp-json\/wp\/v2\/media?parent=138222"}],"wp:term":[{"taxonomy":"category","embeddable":true,"href":"https:\/\/www.tgrthaber.com\/mavikadin\/wp-json\/wp\/v2\/categories?post=138222"},{"taxonomy":"post_tag","embeddable":true,"href":"https:\/\/www.tgrthaber.com\/mavikadin\/wp-json\/wp\/v2\/tags?post=138222"}],"curies":[{"name":"wp","href":"https:\/\/api.w.org\/{rel}","templated":true}]}}