{"id":138262,"date":"2025-02-25T18:12:41","date_gmt":"2025-02-25T15:12:41","guid":{"rendered":"https:\/\/www.tgrthaber.com\/mavikadin\/?p=138262"},"modified":"2025-02-25T18:12:41","modified_gmt":"2025-02-25T15:12:41","slug":"gul-suyu-olmadan-gullac-olur-mu-icinde-gul-suyu-olmayan-gullac-tarifi","status":"publish","type":"post","link":"https:\/\/www.tgrthaber.com\/mavikadin\/gul-suyu-olmadan-gullac-olur-mu-icinde-gul-suyu-olmayan-gullac-tarifi\/","title":{"rendered":"G\u00fcl suyu olmadan g\u00fclla\u00e7 olur mu? \u0130\u00e7inde g\u00fcl suyu olmayan g\u00fclla\u00e7 tarifi!"},"content":{"rendered":"<p>G\u00fclla\u00e7s\u0131z bir ramazan ay\u0131n\u0131 kimse d\u00fc\u015f\u00fcnmez. Ramazan sofralar\u0131n\u0131n vazge\u00e7ilmez tatl\u0131lar\u0131 aras\u0131nda g\u00fclla\u00e7 bulunur. Her y\u0131l oldu\u011fu gibi bu y\u0131lda g\u00fclla\u00e7 ramazan sofralar\u0131n\u0131 s\u00fcslemeye geliyor. Bu y\u0131lda g\u00fcllaca g\u00fcl suyu konulmal\u0131 m\u0131, konulmamal\u0131 m\u0131 tart\u0131\u015fmalar\u0131 devam ediyor. Peki, g\u00fcl suyu olmadan g\u00fclla\u00e7 olur mu? \u0130\u015fte g\u00fcl suyu olmadan g\u00fclla\u00e7 yap\u0131l\u0131r m\u0131 sorusunun cevab\u0131\u2026<\/p>\n<h3>G\u00dcL SUYU OLMADAN G\u00dcLLA\u00c7 OLUR MU?<\/h3>\n<p>Ramazan\u0131n gelmesiyle birlikte g\u00fcllaca g\u00fcl suyu konulmal\u0131 m\u0131, konulmamal\u0131 m\u0131 tart\u0131\u015fmalar\u0131 konu\u015fulmaya ba\u015fland\u0131. G\u00fclla\u00e7 tatl\u0131s\u0131n\u0131n olmad\u0131\u011f\u0131 bir ramazan ay\u0131 d\u00fc\u015f\u00fcn\u00fclemez. Geleneksel tatl\u0131lardan biri haline gelen g\u00fcllac\u0131n, g\u00fcl suyu olmadan yap\u0131l\u0131p yap\u0131lamayaca\u011f\u0131 merak ediliyor. G\u00fclla\u00e7 severlerin bu noktada ikiye ayr\u0131ld\u0131\u011f\u0131n\u0131 s\u00f6yleyebiliriz. Kimileri g\u00fcllac\u0131 g\u00fcl suyu olmadan yiyemezken, kimileri ise g\u00fcl suyu olan g\u00fcllac\u0131 yiyemeyebiliyor.<\/p>\n<p><img loading=\"lazy\" decoding=\"async\" class=\"alignnone wp-image-138279\" src=\"https:\/\/www.tgrthaber.com\/mavikadin\/wp-content\/uploads\/gullac-tarifi-4-1024x576.jpg\" alt=\"G\u00fcl suyu olmadan g\u00fclla\u00e7 olur mu?\" width=\"1208\" height=\"680\" title=\"\" srcset=\"https:\/\/www.tgrthaber.com\/mavikadin\/wp-content\/uploads\/gullac-tarifi-4-1024x576.jpg 1024w, https:\/\/www.tgrthaber.com\/mavikadin\/wp-content\/uploads\/gullac-tarifi-4-300x169.jpg 300w, https:\/\/www.tgrthaber.com\/mavikadin\/wp-content\/uploads\/gullac-tarifi-4-768x432.jpg 768w, https:\/\/www.tgrthaber.com\/mavikadin\/wp-content\/uploads\/gullac-tarifi-4-1536x864.jpg 1536w, https:\/\/www.tgrthaber.com\/mavikadin\/wp-content\/uploads\/gullac-tarifi-4.jpg 1600w\" sizes=\"(max-width: 1208px) 100vw, 1208px\" \/><\/p>\n<hr \/>\n<p>Osmanl\u0131 saray mutfa\u011f\u0131ndan g\u00fcn\u00fcm\u00fcze kadar ula\u015fan g\u00fclla\u00e7, kimi tariflerde g\u00fcl suyu ile yap\u0131l\u0131rken kimi tariflerde g\u00fcl suyu olmadan da yap\u0131labiliyor. \u00d6zellikle g\u00fcl suyundan ho\u015flanmayanlar g\u00fclla\u00e7 tatl\u0131s\u0131nda g\u00fcl suyu tercih etmiyor. Peki, g\u00fcl suyu olmadan g\u00fclla\u00e7 olur mu? Elbette, g\u00fcl suyu olmadan da g\u00fclla\u00e7 yap\u0131labilir. G\u00fcl suyu, geleneksel g\u00fclla\u00e7 tariflerinde ho\u015f bir aroma vermek i\u00e7in kullan\u0131l\u0131r. Fakat g\u00fcl suyu g\u00fclla\u00e7 tatl\u0131s\u0131nda iste\u011fe ba\u011fl\u0131 bir malzemedir. E\u011fer sizde g\u00fcl suyunun kokusunu ya da tad\u0131n\u0131 sevmiyorsan\u0131z g\u00fclla\u00e7 tariflerinize g\u00fcl suyu eklemek zorunda de\u011filsiniz.<\/p>\n<p><img loading=\"lazy\" decoding=\"async\" class=\"alignnone wp-image-138282\" src=\"https:\/\/www.tgrthaber.com\/mavikadin\/wp-content\/uploads\/gullac-tarifi-5-1024x576.jpg\" alt=\"G\u00fcl suyu olmadan g\u00fclla\u00e7 olur mu?\" width=\"1208\" height=\"680\" title=\"\" srcset=\"https:\/\/www.tgrthaber.com\/mavikadin\/wp-content\/uploads\/gullac-tarifi-5-1024x576.jpg 1024w, https:\/\/www.tgrthaber.com\/mavikadin\/wp-content\/uploads\/gullac-tarifi-5-300x169.jpg 300w, https:\/\/www.tgrthaber.com\/mavikadin\/wp-content\/uploads\/gullac-tarifi-5-768x432.jpg 768w, https:\/\/www.tgrthaber.com\/mavikadin\/wp-content\/uploads\/gullac-tarifi-5-1536x864.jpg 1536w, https:\/\/www.tgrthaber.com\/mavikadin\/wp-content\/uploads\/gullac-tarifi-5.jpg 1600w\" sizes=\"(max-width: 1208px) 100vw, 1208px\" \/><\/p>\n<hr \/>\n<h3>G\u00dcL SUYU DI\u015eINDA G\u00dcLLA\u00c7TA HANG\u0130 ALTERNAT\u0130F AROMALAR KULLANILIR?<\/h3>\n<p>G\u00fclla\u00e7 tatl\u0131n\u0131za g\u00fcl suyu koymak zorunda de\u011filsiniz. G\u00fcl suyu olmadan da nefis bir g\u00fclla\u00e7 tatl\u0131s\u0131 haz\u0131rlayabilirsiniz. G\u00fcl suyuna alternatif olarak; vanilya, tar\u00e7\u0131n, portakal kabu\u011fu rendesi ya da \u00e7e\u015fit \u00e7e\u015fit aromalar ekleyerek g\u00fcllac\u0131n\u0131za farkl\u0131 bir hava katabilirsiniz. Ayn\u0131 zamanda g\u00fcllac\u0131n\u0131z\u0131n s\u00fct\u00fcn\u00fc tatland\u0131rmak i\u00e7in bal veya farkl\u0131 aromalarda da kullanabilirsiniz.<\/p>\n<h3>\u0130\u00c7\u0130NDE G\u00dcL SUYU OLMAYAN G\u00dcLLA\u00c7 TAR\u0130F\u0130!<\/h3>\n<p>Sizde g\u00fcllac\u0131n i\u00e7inde g\u00fcl suyu sevmiyorsan\u0131z mutlaka bu tarifi denemelisiniz. \u0130\u015fte g\u00fcl suyu kullanmadan yapabilece\u011finiz lezzetli bir g\u00fclla\u00e7 tarifi\u2026<\/p>\n<p><strong>Malzemeler;<\/strong><\/p>\n<ul>\n<li>10 yaprak g\u00fclla\u00e7<\/li>\n<li>1,5 litre s\u00fct<\/li>\n<li>1,5 su barda\u011f\u0131 toz \u015feker<\/li>\n<li>1 paket vanilin (iste\u011fe ba\u011fl\u0131)<\/li>\n<li>1 su barda\u011f\u0131 iri d\u00f6v\u00fclm\u00fc\u015f ceviz veya f\u0131nd\u0131k<\/li>\n<li>\u00dczeri i\u00e7in: Nar taneleri, file f\u0131st\u0131k veya badem<\/li>\n<\/ul>\n<p><img loading=\"lazy\" decoding=\"async\" class=\"alignnone wp-image-138283\" src=\"https:\/\/www.tgrthaber.com\/mavikadin\/wp-content\/uploads\/gullac-tarifi-1024x576.jpg\" alt=\"G\u00fcl suyu olmadan g\u00fclla\u00e7 olur mu?\" width=\"1208\" height=\"680\" title=\"\" srcset=\"https:\/\/www.tgrthaber.com\/mavikadin\/wp-content\/uploads\/gullac-tarifi-1024x576.jpg 1024w, https:\/\/www.tgrthaber.com\/mavikadin\/wp-content\/uploads\/gullac-tarifi-300x169.jpg 300w, https:\/\/www.tgrthaber.com\/mavikadin\/wp-content\/uploads\/gullac-tarifi-768x432.jpg 768w, https:\/\/www.tgrthaber.com\/mavikadin\/wp-content\/uploads\/gullac-tarifi-1536x864.jpg 1536w, https:\/\/www.tgrthaber.com\/mavikadin\/wp-content\/uploads\/gullac-tarifi.jpg 1600w\" sizes=\"(max-width: 1208px) 100vw, 1208px\" \/><\/p>\n<hr \/>\n<p><strong>Haz\u0131rlan\u0131\u015f\u0131;<\/strong><\/p>\n<p><strong>1. A\u015fama: \u015eerbeti haz\u0131rlay\u0131n<\/strong><\/p>\n<ul>\n<li>S\u00fct\u00fc bir tencereye al\u0131n ve orta ate\u015fte \u0131s\u0131t\u0131n. Kaynamas\u0131na gerek yok, el yakmayacak s\u0131cakl\u0131\u011fa gelmesi yeterli.<\/li>\n<li>\u0130\u00e7ine \u015fekeri ekleyin ve eriyene kadar kar\u0131\u015ft\u0131r\u0131n. \u0130ste\u011fe ba\u011fl\u0131 olarak vanilin ekleyebilirsiniz.<\/li>\n<li>S\u00fct\u00fc ocaktan al\u0131p birka\u00e7 dakika dinlendirin.<\/li>\n<\/ul>\n<p><strong>2. A\u015fama: G\u00fclla\u00e7 yapraklar\u0131n\u0131 s\u00fctle \u0131slat\u0131n<\/strong><\/p>\n<ul>\n<li>G\u00fclla\u00e7 yapraklar\u0131n\u0131 parlak taraf\u0131 \u00fcste gelecek \u015fekilde tepsiye dizin.<\/li>\n<li>\u0130lk yapra\u011f\u0131 koyduktan sonra \u00fczerine bir-iki kep\u00e7e s\u00fct gezdirerek yumu\u015fat\u0131n.<\/li>\n<li>5 yaprak olana kadar bu i\u015flemi tekrarlay\u0131n.<\/li>\n<\/ul>\n<p><strong>3. A\u015fama: \u0130\u00e7 harc\u0131 ekleyin<\/strong><\/p>\n<ul>\n<li>5. yapra\u011f\u0131 yerle\u015ftirdikten sonra d\u00f6v\u00fclm\u00fc\u015f cevizi veya f\u0131nd\u0131\u011f\u0131 e\u015fit \u015fekilde serpin.<\/li>\n<li>Kalan 5 yapra\u011f\u0131 da ayn\u0131 \u015fekilde s\u00fctle \u0131slatarak dizmeye devam edin.<\/li>\n<\/ul>\n<p><strong>4 A\u015fama: Dinlendirme ve s\u00fcsleme<\/strong><\/p>\n<ul>\n<li>Kalan s\u00fct\u00fc en son tepsinin her yerine d\u00f6k\u00fcn.<\/li>\n<li>G\u00fclla\u00e7 yapraklar\u0131 s\u00fct\u00fc \u00e7ekmesi i\u00e7in oda s\u0131cakl\u0131\u011f\u0131nda 20-30 dakika bekletin.<\/li>\n<li>Ard\u0131ndan buzdolab\u0131na al\u0131p en az 2-3 saat dinlendirin.<\/li>\n<\/ul>\n<p><strong>5 A\u015fama: Servis edin<\/strong><\/p>\n<ul>\n<li>Dinlenen g\u00fcllac\u0131 dilimleyin ve \u00fczerini nar taneleri, file f\u0131st\u0131k veya bademle s\u00fcsleyerek servis edin.<\/li>\n<li>\u0130\u015fte g\u00fcl suyu olmadan haz\u0131rlayabilece\u011finiz hafif ve lezzetli g\u00fclla\u00e7 tatl\u0131n\u0131z haz\u0131r.<\/li>\n<\/ul>\n<p>Afiyet olsun.<\/p>\n","protected":false},"excerpt":{"rendered":"<p>Ramazan sofralar\u0131n\u0131n vazge\u00e7ilmezi g\u00fcllac\u0131n g\u00fcl suyu olmadan yap\u0131l\u0131p yap\u0131lamayaca\u011f\u0131 merak ediliyor. Peki, g\u00fcl suyu olmadan g\u00fclla\u00e7 olur mu? \u0130\u015fte detaylar\u2026 <\/p>\n","protected":false},"author":26,"featured_media":138278,"comment_status":"closed","ping_status":"closed","sticky":false,"template":"","format":"standard","meta":{"rank_math_lock_modified_date":false,"footnotes":""},"categories":[191],"tags":[3528,11976,11974,11975],"class_list":["post-138262","post","type-post","status-publish","format-standard","has-post-thumbnail","hentry","category-yemek-tarifleri","tag-gul-suyu","tag-gul-suyu-olmadan-gullac-tarifi","tag-gullac","tag-gullac-tarifi"],"_links":{"self":[{"href":"https:\/\/www.tgrthaber.com\/mavikadin\/wp-json\/wp\/v2\/posts\/138262"}],"collection":[{"href":"https:\/\/www.tgrthaber.com\/mavikadin\/wp-json\/wp\/v2\/posts"}],"about":[{"href":"https:\/\/www.tgrthaber.com\/mavikadin\/wp-json\/wp\/v2\/types\/post"}],"author":[{"embeddable":true,"href":"https:\/\/www.tgrthaber.com\/mavikadin\/wp-json\/wp\/v2\/users\/26"}],"replies":[{"embeddable":true,"href":"https:\/\/www.tgrthaber.com\/mavikadin\/wp-json\/wp\/v2\/comments?post=138262"}],"version-history":[{"count":1,"href":"https:\/\/www.tgrthaber.com\/mavikadin\/wp-json\/wp\/v2\/posts\/138262\/revisions"}],"predecessor-version":[{"id":138284,"href":"https:\/\/www.tgrthaber.com\/mavikadin\/wp-json\/wp\/v2\/posts\/138262\/revisions\/138284"}],"wp:featuredmedia":[{"embeddable":true,"href":"https:\/\/www.tgrthaber.com\/mavikadin\/wp-json\/wp\/v2\/media\/138278"}],"wp:attachment":[{"href":"https:\/\/www.tgrthaber.com\/mavikadin\/wp-json\/wp\/v2\/media?parent=138262"}],"wp:term":[{"taxonomy":"category","embeddable":true,"href":"https:\/\/www.tgrthaber.com\/mavikadin\/wp-json\/wp\/v2\/categories?post=138262"},{"taxonomy":"post_tag","embeddable":true,"href":"https:\/\/www.tgrthaber.com\/mavikadin\/wp-json\/wp\/v2\/tags?post=138262"}],"curies":[{"name":"wp","href":"https:\/\/api.w.org\/{rel}","templated":true}]}}