{"id":138263,"date":"2025-02-25T17:58:42","date_gmt":"2025-02-25T14:58:42","guid":{"rendered":"https:\/\/www.tgrthaber.com\/mavikadin\/?p=138263"},"modified":"2025-02-25T17:58:42","modified_gmt":"2025-02-25T14:58:42","slug":"dunyanin-en-buyuk-yolcu-ucagini-kullandi-gokce-kubra-yildirim-bir-ilke-imza-atti","status":"publish","type":"post","link":"https:\/\/www.tgrthaber.com\/mavikadin\/dunyanin-en-buyuk-yolcu-ucagini-kullandi-gokce-kubra-yildirim-bir-ilke-imza-atti\/","title":{"rendered":"D\u00fcnyan\u0131n en b\u00fcy\u00fck yolcu u\u00e7a\u011f\u0131n\u0131 kulland\u0131! G\u00f6k\u00e7e K\u00fcbra Y\u0131ld\u0131r\u0131m bir ilke imza att\u0131"},"content":{"rendered":"<p>G\u00f6k\u00e7e K\u00fcbra Y\u0131ld\u0131r\u0131m, d\u00fcnyan\u0131n en b\u00fcy\u00fck yolcu u\u00e7a\u011f\u0131 Airbus A380\u2019de kaptan pilot koltu\u011funda oturan ilk T\u00fcrk kad\u0131n pilot oldu. Bir ilke imza atan ba\u015far\u0131l\u0131 kad\u0131n pilot herkesin taktirini toplad\u0131. G\u00f6k\u00e7e K\u00fcbra Y\u0131ld\u0131r\u0131m, ba\u015far\u0131s\u0131yla sosyal medyan\u0131n diline d\u00fc\u015ft\u00fc. G\u00f6k\u00e7e K\u00fcbra Y\u0131ld\u0131r\u0131m, ba\u015far\u0131s\u0131yla T\u00fcrk kad\u0131nlar\u0131n\u0131n g\u00f6ky\u00fcz\u00fcndeki ba\u015far\u0131lar\u0131na bir yenisini eklemi\u015f oldu.<\/p>\n<h3>D\u00dcNYANIN EN B\u00dcY\u00dcK YOLCU U\u00c7A\u011eINI KULLANDI!<\/h3>\n<p>T\u00fcrk kad\u0131nlar\u0131 g\u00f6ky\u00fcz\u00fcndeki ba\u015far\u0131s\u0131na bir yenisini daha ekledi. G\u00f6k\u00e7e K\u00fcbra Y\u0131ld\u0131r\u0131m, b\u00fcy\u00fck bir ba\u015far\u0131ya imza atarak, d\u00fcnyan\u0131n en b\u00fcy\u00fck yolcu u\u00e7a\u011f\u0131 A380\u2019i kulland\u0131. Y\u0131ld\u0131r\u0131m, ba\u015far\u0131s\u0131yla A380\u2019de kaptan koltu\u011funa oturan ilk T\u00fcrk kad\u0131n pilotu oldu. Daha \u00f6nce d\u00fcnyan\u0131n en b\u00fcy\u00fck yolcu u\u00e7a\u011f\u0131 A380&#8217;i u\u00e7uran ilk T\u00fcrk kad\u0131n ikinci pilot Safiye Ademo\u011flu T\u00fcrky\u0131lmaz olmu\u015ftu. G\u00f6k\u00e7e K\u00fcbra Y\u0131ld\u0131r\u0131m, ise Safiye Ademo\u011flu T\u00fcrky\u0131lmaz\u2019dan sonra A380\u2019de kaptan pilot koltu\u011funa oturan ilk T\u00fcrk kad\u0131n pilot oldu.<\/p>\n<p><img loading=\"lazy\" decoding=\"async\" class=\"alignnone wp-image-138266\" src=\"https:\/\/www.tgrthaber.com\/mavikadin\/wp-content\/uploads\/Gokce-Kubra-Yildirim-1-1024x576.jpg\" alt=\"G\u00f6k\u00e7e K\u00fcbra Y\u0131ld\u0131r\u0131m\" width=\"1208\" height=\"680\" title=\"\" srcset=\"https:\/\/www.tgrthaber.com\/mavikadin\/wp-content\/uploads\/Gokce-Kubra-Yildirim-1-1024x576.jpg 1024w, https:\/\/www.tgrthaber.com\/mavikadin\/wp-content\/uploads\/Gokce-Kubra-Yildirim-1-300x169.jpg 300w, https:\/\/www.tgrthaber.com\/mavikadin\/wp-content\/uploads\/Gokce-Kubra-Yildirim-1-768x432.jpg 768w, https:\/\/www.tgrthaber.com\/mavikadin\/wp-content\/uploads\/Gokce-Kubra-Yildirim-1-1536x864.jpg 1536w, https:\/\/www.tgrthaber.com\/mavikadin\/wp-content\/uploads\/Gokce-Kubra-Yildirim-1.jpg 1600w\" sizes=\"(max-width: 1208px) 100vw, 1208px\" \/><\/p>\n<hr \/>\n<p>T\u00fcrk Hava Yollar\u0131 Teknik ekibinde staj yapt\u0131\u011f\u0131 d\u00f6nemde g\u00f6ky\u00fcz\u00fc hayallerini ger\u00e7ekle\u015ftirmeye karar veren G\u00f6k\u00e7e K\u00fcbra Y\u0131ld\u0131r\u0131m, e\u011fitimlerinin ard\u0131ndan THY\u2019nin Airbus filosunda ikinci pilot olarak g\u00f6reve ba\u015flad\u0131 ve kariyerine Dubai\u2019de devam etme karar\u0131 ald\u0131. Y\u0131ld\u0131r\u0131m, bundan 12 y\u0131l \u00f6nce ba\u015flad\u0131\u011f\u0131 g\u00f6ky\u00fcz\u00fc kariyerinde \u015fimdilerde d\u00fcnyan\u0131n en b\u00fcy\u00fck yolcu u\u00e7a\u011f\u0131 olan \u00e7ift katl\u0131 A380\u2019de kaptan pilot koltu\u011funa oturan ilk T\u00fcrk kad\u0131n pilot olmay\u0131 ba\u015fard\u0131.<\/p>\n<p><img loading=\"lazy\" decoding=\"async\" class=\"alignnone wp-image-138267\" src=\"https:\/\/www.tgrthaber.com\/mavikadin\/wp-content\/uploads\/Gokce-Kubra-Yildirim-2-1024x576.jpg\" alt=\"G\u00f6k\u00e7e K\u00fcbra Y\u0131ld\u0131r\u0131m\" width=\"1208\" height=\"680\" title=\"\" srcset=\"https:\/\/www.tgrthaber.com\/mavikadin\/wp-content\/uploads\/Gokce-Kubra-Yildirim-2-1024x576.jpg 1024w, https:\/\/www.tgrthaber.com\/mavikadin\/wp-content\/uploads\/Gokce-Kubra-Yildirim-2-300x169.jpg 300w, https:\/\/www.tgrthaber.com\/mavikadin\/wp-content\/uploads\/Gokce-Kubra-Yildirim-2-768x432.jpg 768w, https:\/\/www.tgrthaber.com\/mavikadin\/wp-content\/uploads\/Gokce-Kubra-Yildirim-2-1536x864.jpg 1536w, https:\/\/www.tgrthaber.com\/mavikadin\/wp-content\/uploads\/Gokce-Kubra-Yildirim-2.jpg 1600w\" sizes=\"(max-width: 1208px) 100vw, 1208px\" \/><\/p>\n<hr \/>\n<h3>\u201cHER BA\u015eARI BANA \u00c7OK \u015eEY KATTI\u201d<\/h3>\n<p>D\u00fcnyada b\u00fcy\u00fck bir ilke imza atan kad\u0131n pilotumuz G\u00f6k\u00e7e K\u00fcbra Y\u0131ld\u0131r\u0131m, ba\u015far\u0131s\u0131n\u0131n ard\u0131ndan duygular\u0131n\u0131 payla\u015ft\u0131. Duygular\u0131n\u0131 sevenleriyle payla\u015fan Y\u0131ld\u0131r\u0131m, \u201cYakla\u015f\u0131k 12 y\u0131l \u00f6nce ba\u015flad\u0131\u011f\u0131m bu yolculuk, bug\u00fcn beni kaptanl\u0131k noktas\u0131na ta\u015f\u0131d\u0131. Her bir ad\u0131m, her zorluk, her ba\u015far\u0131 bana \u00e7ok \u015fey katt\u0131. Bu meslek, sadece bir i\u015f de\u011fil, hayat\u0131m\u0131n par\u00e7as\u0131 oldu. Bug\u00fcn burada olmam\u0131 sa\u011flayan, destekleyen hep arkamda olan herkese te\u015fekk\u00fcr ederim.\u201d ifadelerine yer verdi.<\/p>\n<p><img loading=\"lazy\" decoding=\"async\" class=\"alignnone wp-image-138268\" src=\"https:\/\/www.tgrthaber.com\/mavikadin\/wp-content\/uploads\/Gokce-Kubra-Yildirim-3-1024x576.jpg\" alt=\"G\u00f6k\u00e7e K\u00fcbra Y\u0131ld\u0131r\u0131m\" width=\"1208\" height=\"680\" title=\"\" srcset=\"https:\/\/www.tgrthaber.com\/mavikadin\/wp-content\/uploads\/Gokce-Kubra-Yildirim-3-1024x576.jpg 1024w, https:\/\/www.tgrthaber.com\/mavikadin\/wp-content\/uploads\/Gokce-Kubra-Yildirim-3-300x169.jpg 300w, https:\/\/www.tgrthaber.com\/mavikadin\/wp-content\/uploads\/Gokce-Kubra-Yildirim-3-768x432.jpg 768w, https:\/\/www.tgrthaber.com\/mavikadin\/wp-content\/uploads\/Gokce-Kubra-Yildirim-3-1536x864.jpg 1536w, https:\/\/www.tgrthaber.com\/mavikadin\/wp-content\/uploads\/Gokce-Kubra-Yildirim-3.jpg 1600w\" sizes=\"(max-width: 1208px) 100vw, 1208px\" \/><\/p>\n","protected":false},"excerpt":{"rendered":"<p>G\u00f6k\u00e7e K\u00fcbra Y\u0131ld\u0131r\u0131m, d\u00fcnyan\u0131n en b\u00fcy\u00fck yolcu\u011fu u\u00e7a\u011f\u0131n\u0131 ilk kez kullanan T\u00fcrk kad\u0131n kaptan pilot oldu. Ba\u015far\u0131l\u0131 kad\u0131n pilot bir ilke imza att\u0131. \u0130\u015fte detaylar\u2026 <\/p>\n","protected":false},"author":26,"featured_media":138265,"comment_status":"closed","ping_status":"closed","sticky":false,"template":"","format":"standard","meta":{"rank_math_lock_modified_date":false,"footnotes":""},"categories":[78],"tags":[11970,11969,3526,1792],"class_list":["post-138263","post","type-post","status-publish","format-standard","has-post-thumbnail","hentry","category-yasam","tag-en-buyuk-yolcu-ucagi","tag-gokce-kubra-yildirim","tag-kadin-pilot","tag-pilot"],"_links":{"self":[{"href":"https:\/\/www.tgrthaber.com\/mavikadin\/wp-json\/wp\/v2\/posts\/138263"}],"collection":[{"href":"https:\/\/www.tgrthaber.com\/mavikadin\/wp-json\/wp\/v2\/posts"}],"about":[{"href":"https:\/\/www.tgrthaber.com\/mavikadin\/wp-json\/wp\/v2\/types\/post"}],"author":[{"embeddable":true,"href":"https:\/\/www.tgrthaber.com\/mavikadin\/wp-json\/wp\/v2\/users\/26"}],"replies":[{"embeddable":true,"href":"https:\/\/www.tgrthaber.com\/mavikadin\/wp-json\/wp\/v2\/comments?post=138263"}],"version-history":[{"count":1,"href":"https:\/\/www.tgrthaber.com\/mavikadin\/wp-json\/wp\/v2\/posts\/138263\/revisions"}],"predecessor-version":[{"id":138269,"href":"https:\/\/www.tgrthaber.com\/mavikadin\/wp-json\/wp\/v2\/posts\/138263\/revisions\/138269"}],"wp:featuredmedia":[{"embeddable":true,"href":"https:\/\/www.tgrthaber.com\/mavikadin\/wp-json\/wp\/v2\/media\/138265"}],"wp:attachment":[{"href":"https:\/\/www.tgrthaber.com\/mavikadin\/wp-json\/wp\/v2\/media?parent=138263"}],"wp:term":[{"taxonomy":"category","embeddable":true,"href":"https:\/\/www.tgrthaber.com\/mavikadin\/wp-json\/wp\/v2\/categories?post=138263"},{"taxonomy":"post_tag","embeddable":true,"href":"https:\/\/www.tgrthaber.com\/mavikadin\/wp-json\/wp\/v2\/tags?post=138263"}],"curies":[{"name":"wp","href":"https:\/\/api.w.org\/{rel}","templated":true}]}}