{"id":138264,"date":"2025-02-25T18:08:58","date_gmt":"2025-02-25T15:08:58","guid":{"rendered":"https:\/\/www.tgrthaber.com\/mavikadin\/?p=138264"},"modified":"2025-02-25T18:08:58","modified_gmt":"2025-02-25T15:08:58","slug":"gokce-kubra-yildirim-kimdir-meslegi-nedir","status":"publish","type":"post","link":"https:\/\/www.tgrthaber.com\/mavikadin\/gokce-kubra-yildirim-kimdir-meslegi-nedir\/","title":{"rendered":"G\u00f6k\u00e7e K\u00fcbra Y\u0131ld\u0131r\u0131m kimdir? Mesle\u011fi nedir?"},"content":{"rendered":"<p>G\u00f6k\u00e7e K\u00fcbra Y\u0131ld\u0131r\u0131m b\u00fcy\u00fck bir ba\u015far\u0131ya imza atarak, d\u00fcnyan\u0131n en b\u00fcy\u00fck yolcu u\u00e7a\u011f\u0131 Airbus A380\u2019de kaptan pilot olan ilk T\u00fcrk kad\u0131n oldu. Kariyerine T\u00fcrk Hava Yollar\u0131\u2019nda ba\u015flayan Y\u0131ld\u0131r\u0131m, bug\u00fcn 6 k\u0131tada 60\u2019tan fazla \u00fclkeye u\u00e7u\u015f ger\u00e7ekle\u015ftirerek ba\u015far\u0131lar\u0131na ba\u015far\u0131 ekliyor. Bu ba\u015far\u0131 sonras\u0131 sosyal medyada en \u00e7ok aranan isimlerden biri oldu. Bu haberi alan sosyal medya kullan\u0131c\u0131lar\u0131 ba\u015far\u0131l\u0131 pilotu tebrik etii.<\/p>\n<p><strong>G\u00d6K\u00c7E K\u00dcBRA YILDIRIM K\u0130MD\u0130R<\/strong><\/p>\n<p>G\u00f6k\u00e7e K\u00fcbra Y\u0131ld\u0131r\u0131m, havac\u0131l\u0131\u011fa olan ilgisini k\u00fc\u00e7\u00fck ya\u015flarla fark etti. E\u011fitim hayat\u0131n\u0131n erken d\u00f6nemlerinde havac\u0131l\u0131kla ilgili dersler almaya ba\u015flad\u0131. T\u00fcrk Hava Yollar\u0131 Teknik\u2019te staj yaparak sekt\u00f6re ilk ad\u0131m\u0131n\u0131 atan Y\u0131ld\u0131r\u0131m, burada kazand\u0131\u011f\u0131 tecr\u00fcbelerle pilotluk kariyerine y\u00f6neldi. Ard\u0131ndan THY\u2019nin Airbus filosunda ikinci pilot olarak g\u00f6rev ald\u0131 ve u\u00e7u\u015f tecr\u00fcbesini geli\u015ftirdi.<\/p>\n<p><img loading=\"lazy\" decoding=\"async\" class=\"wp-image-138271\" src=\"https:\/\/www.tgrthaber.com\/mavikadin\/wp-content\/uploads\/kadin-pilot-1-1024x576.jpg\" alt=\"kad\u0131n pilot \" width=\"1208\" height=\"680\" title=\"\" srcset=\"https:\/\/www.tgrthaber.com\/mavikadin\/wp-content\/uploads\/kadin-pilot-1-1024x576.jpg 1024w, https:\/\/www.tgrthaber.com\/mavikadin\/wp-content\/uploads\/kadin-pilot-1-300x169.jpg 300w, https:\/\/www.tgrthaber.com\/mavikadin\/wp-content\/uploads\/kadin-pilot-1-768x432.jpg 768w, https:\/\/www.tgrthaber.com\/mavikadin\/wp-content\/uploads\/kadin-pilot-1-1536x864.jpg 1536w, https:\/\/www.tgrthaber.com\/mavikadin\/wp-content\/uploads\/kadin-pilot-1.jpg 1600w\" sizes=\"(max-width: 1208px) 100vw, 1208px\" \/><\/p>\n<hr \/>\n<p>Dubai merkezli bir havayolu \u015firketine ge\u00e7erek u\u00e7u\u015flar\u0131n\u0131 uluslararas\u0131 alana ta\u015f\u0131d\u0131. Y\u0131llar s\u00fcren \u00e7aba, disiplin ve azim sonucunda, yakla\u015f\u0131k 12 y\u0131ll\u0131k u\u00e7u\u015f tecr\u00fcbesinin ard\u0131ndan Airbus A380\u2019de kaptan pilot olarak g\u00f6rev almaya ba\u015flad\u0131. Kamuoyunda Y\u0131ld\u0131r\u0131m\u2019\u0131n ya\u015f\u0131 ve \u00f6zel hayat\u0131yla ilgili\u00a0 bir bilgi bulunamam\u0131\u015ft\u0131r.<\/p>\n<p><img loading=\"lazy\" decoding=\"async\" class=\"alignnone wp-image-138272\" src=\"https:\/\/www.tgrthaber.com\/mavikadin\/wp-content\/uploads\/kadin-pilot-2-1024x576.jpg\" alt=\"kad\u0131n pilot \" width=\"1208\" height=\"680\" title=\"\" srcset=\"https:\/\/www.tgrthaber.com\/mavikadin\/wp-content\/uploads\/kadin-pilot-2-1024x576.jpg 1024w, https:\/\/www.tgrthaber.com\/mavikadin\/wp-content\/uploads\/kadin-pilot-2-300x169.jpg 300w, https:\/\/www.tgrthaber.com\/mavikadin\/wp-content\/uploads\/kadin-pilot-2-768x432.jpg 768w, https:\/\/www.tgrthaber.com\/mavikadin\/wp-content\/uploads\/kadin-pilot-2-1536x864.jpg 1536w, https:\/\/www.tgrthaber.com\/mavikadin\/wp-content\/uploads\/kadin-pilot-2.jpg 1600w\" sizes=\"(max-width: 1208px) 100vw, 1208px\" \/><\/p>\n<hr \/>\n<p><strong>\u0130LHAM VEREN KAR\u0130YER<\/strong><\/p>\n<p>G\u00f6k\u00e7e K\u00fcbra Y\u0131ld\u0131r\u0131m\u2019\u0131n ba\u015far\u0131s\u0131, \u00f6zellikle havac\u0131l\u0131k sekt\u00f6r\u00fcnde kad\u0131nlar\u0131n daha fazla yer almas\u0131 gerekti\u011fini bir kez daha g\u00f6zler \u00f6n\u00fcne seriyor. Kad\u0131n pilotlar\u0131n d\u00fcnya \u00e7ap\u0131nda oranlar\u0131 \u00e7ok d\u00fc\u015f\u00fckken, Y\u0131ld\u0131r\u0131m gibi \u00f6nc\u00fc isimler gen\u00e7 kad\u0131nlara ilham kayna\u011f\u0131 oluyor. Y\u0131ld\u0131r\u0131m, sadece mesleki ba\u015far\u0131lar\u0131yla de\u011fil, ayn\u0131 zamanda gen\u00e7lere ilham vermesiyle de tan\u0131n\u0131yor. 2017 y\u0131l\u0131nda Eski\u015fehir\u2019de d\u00fczenlenen \u201cTEI Havac\u0131 Kad\u0131nlar Bulu\u015fmas\u0131\u201d etkinli\u011fine kat\u0131larak, gen\u00e7 k\u0131z \u00f6\u011frencilere havac\u0131l\u0131k sekt\u00f6r\u00fc hakk\u0131nda deneyimlerini anlatt\u0131. Konu\u015fmalar\u0131nda, kad\u0131nlar\u0131n pilotluk mesle\u011finde daha fazla yer almas\u0131 gerekti\u011fine ve cesaretle bu yolu se\u00e7ebileceklerine dikkat \u00e7ekti.<\/p>\n<p><img loading=\"lazy\" decoding=\"async\" class=\"alignnone wp-image-138274\" src=\"https:\/\/www.tgrthaber.com\/mavikadin\/wp-content\/uploads\/kadin-pilot-4-1024x576.jpg\" alt=\"kad\u0131n pilot \" width=\"1208\" height=\"680\" title=\"\" srcset=\"https:\/\/www.tgrthaber.com\/mavikadin\/wp-content\/uploads\/kadin-pilot-4-1024x576.jpg 1024w, https:\/\/www.tgrthaber.com\/mavikadin\/wp-content\/uploads\/kadin-pilot-4-300x169.jpg 300w, https:\/\/www.tgrthaber.com\/mavikadin\/wp-content\/uploads\/kadin-pilot-4-768x432.jpg 768w, https:\/\/www.tgrthaber.com\/mavikadin\/wp-content\/uploads\/kadin-pilot-4-1536x864.jpg 1536w, https:\/\/www.tgrthaber.com\/mavikadin\/wp-content\/uploads\/kadin-pilot-4.jpg 1600w\" sizes=\"(max-width: 1208px) 100vw, 1208px\" \/><\/p>\n<hr \/>\n<p><strong>HAYATIMIN B\u0130R PAR\u00c7ASI<\/strong><\/p>\n<p>G\u00f6k\u00e7e K\u00fcbra Y\u0131ld\u0131r\u0131m\u2019\u0131n yakla\u015f\u0131k 12 y\u0131l \u00f6nce ba\u015flad\u0131\u011f\u0131 u\u00e7u\u015f kariyerinde bug\u00fcn d\u00fcnyan\u0131n en b\u00fcy\u00fck yolcu u\u00e7a\u011f\u0131 olan ve \u00e7ift katl\u0131 A380\u2019de kaptan pilot koltu\u011funa oturan ilk T\u00fcrk kad\u0131n pilot oldu. Yo\u011fun duygular ya\u015fayan Y\u0131ld\u0131r\u0131m, \u201cYakla\u015f\u0131k 12 y\u0131l \u00f6nce ba\u015flad\u0131\u011f\u0131m bu yolculuk, bug\u00fcn beni kaptanl\u0131k noktas\u0131na ta\u015f\u0131d\u0131. Her bir ad\u0131m, her zorluk, her ba\u015far\u0131 bana \u00e7ok \u015fey katt\u0131. Bu meslek benim i\u015fim de\u011fil, hayat\u0131m\u0131n bir par\u00e7as\u0131 oldu. Bug\u00fcn burada olmam\u0131 sa\u011flayan, destekleyen herkese te\u015fekk\u00fcr ediyorum.\u201d \u0130fadelerini kullanarak duygular\u0131n\u0131 ifade etti.<\/p>\n","protected":false},"excerpt":{"rendered":"<p>G\u00f6k\u00e7e K\u00fcbra Y\u0131ld\u0131r\u0131m b\u00fcy\u00fck bir ba\u015far\u0131ya imza atarak, d\u00fcnyan\u0131n en b\u00fcy\u00fck yolcu u\u00e7a\u011f\u0131 Airbus A380\u2019de kaptan pilot olan ilk T\u00fcrk kad\u0131n oldu. Kariyerine T\u00fcrk Hava Yollar\u0131\u2019nda ba\u015flayan Y\u0131ld\u0131r\u0131m, bug\u00fcn 6 k\u0131tada 60\u2019tan fazla \u00fclkeye u\u00e7u\u015f ger\u00e7ekle\u015ftirerek ba\u015far\u0131lar\u0131na ba\u015far\u0131 ekliyor. Bu ba\u015far\u0131 sonras\u0131 sosyal medyada en \u00e7ok aranan isimlerden biri oldu. Bu haberi alan sosyal medya kullan\u0131c\u0131lar\u0131 ba\u015far\u0131l\u0131 pilotu tebrik etii.<\/p>\n","protected":false},"author":34,"featured_media":138273,"comment_status":"closed","ping_status":"closed","sticky":false,"template":"","format":"standard","meta":{"rank_math_lock_modified_date":false,"footnotes":""},"categories":[491],"tags":[11969,11972,11973],"class_list":["post-138264","post","type-post","status-publish","format-standard","has-post-thumbnail","hentry","category-biyografi","tag-gokce-kubra-yildirim","tag-ilk-kaptan-kadin-pilot","tag-kaptan-pilot"],"_links":{"self":[{"href":"https:\/\/www.tgrthaber.com\/mavikadin\/wp-json\/wp\/v2\/posts\/138264"}],"collection":[{"href":"https:\/\/www.tgrthaber.com\/mavikadin\/wp-json\/wp\/v2\/posts"}],"about":[{"href":"https:\/\/www.tgrthaber.com\/mavikadin\/wp-json\/wp\/v2\/types\/post"}],"author":[{"embeddable":true,"href":"https:\/\/www.tgrthaber.com\/mavikadin\/wp-json\/wp\/v2\/users\/34"}],"replies":[{"embeddable":true,"href":"https:\/\/www.tgrthaber.com\/mavikadin\/wp-json\/wp\/v2\/comments?post=138264"}],"version-history":[{"count":2,"href":"https:\/\/www.tgrthaber.com\/mavikadin\/wp-json\/wp\/v2\/posts\/138264\/revisions"}],"predecessor-version":[{"id":138276,"href":"https:\/\/www.tgrthaber.com\/mavikadin\/wp-json\/wp\/v2\/posts\/138264\/revisions\/138276"}],"wp:featuredmedia":[{"embeddable":true,"href":"https:\/\/www.tgrthaber.com\/mavikadin\/wp-json\/wp\/v2\/media\/138273"}],"wp:attachment":[{"href":"https:\/\/www.tgrthaber.com\/mavikadin\/wp-json\/wp\/v2\/media?parent=138264"}],"wp:term":[{"taxonomy":"category","embeddable":true,"href":"https:\/\/www.tgrthaber.com\/mavikadin\/wp-json\/wp\/v2\/categories?post=138264"},{"taxonomy":"post_tag","embeddable":true,"href":"https:\/\/www.tgrthaber.com\/mavikadin\/wp-json\/wp\/v2\/tags?post=138264"}],"curies":[{"name":"wp","href":"https:\/\/api.w.org\/{rel}","templated":true}]}}