{"id":138270,"date":"2025-02-25T18:16:30","date_gmt":"2025-02-25T15:16:30","guid":{"rendered":"https:\/\/www.tgrthaber.com\/mavikadin\/?p=138270"},"modified":"2025-02-25T18:21:00","modified_gmt":"2025-02-25T15:21:00","slug":"nazli-sabanci-sabanci-soyadini-kaldirdi-haci-sabancinin-uzayin-babasi-oldugu-kesinlesti","status":"publish","type":"post","link":"https:\/\/www.tgrthaber.com\/mavikadin\/nazli-sabanci-sabanci-soyadini-kaldirdi-haci-sabancinin-uzayin-babasi-oldugu-kesinlesti\/","title":{"rendered":"Nazl\u0131 Sabanc\u0131, &#8216;Sabanc\u0131&#8217; soyad\u0131n\u0131 kald\u0131rd\u0131! Hac\u0131 Sabanc\u0131&#8217;n\u0131n Uzay&#8217;\u0131n babas\u0131 oldu\u011fu kesinle\u015fti"},"content":{"rendered":"<p class=\"p1\">T\u00fcrkiye\u2019nin \u00f6nde gelen ailelerinden birine mensup i\u015f insan\u0131 Hac\u0131 Sabanc\u0131\u2019ya a\u00e7\u0131lan babal\u0131k davas\u0131nda karar \u00e7\u0131kt\u0131. \u0130stanbul 16. Aile Mahkemesi\u2019nde g\u00f6r\u00fclen dava sonucunda, Adli T\u0131p raporu ile yap\u0131lan DNA testi, 4 ya\u015f\u0131ndaki Uzay\u2019\u0131n Hac\u0131 Sabanc\u0131\u2019n\u0131n biyolojik o\u011flu oldu\u011funu kesin olarak ortaya koydu. Bu geli\u015fmenin ard\u0131ndan Nazl\u0131 Sabanc\u0131, sosyal medya hesab\u0131nda dikkat \u00e7eken bir de\u011fi\u015fikli\u011fe gitti ve Instagram biyografisinden \u2018Sabanc\u0131\u2019 soyad\u0131n\u0131 kald\u0131rd\u0131.<\/p>\n<h3 class=\"p1\">HACI SABANCI&#8217;NIN UZAY&#8217;IN BABASI OLDU\u011eU KES\u0130NLE\u015eT\u0130<\/h3>\n<p class=\"p1\">F.D. adl\u0131 ki\u015finin a\u00e7t\u0131\u011f\u0131 babal\u0131k davas\u0131nda mahkeme s\u00fcreci tamamland\u0131. Adli T\u0131p Kurumu\u2019nda yap\u0131lan DNA testi, Hac\u0131 Sabanc\u0131\u2019n\u0131n k\u00fc\u00e7\u00fck Uzay\u2019\u0131n biyolojik babas\u0131 oldu\u011funu kan\u0131tlad\u0131. Mahkeme, bu bilimsel bulgular \u0131\u015f\u0131\u011f\u0131nda Uzay\u2019\u0131n Hac\u0131 Sabanc\u0131\u2019n\u0131n o\u011flu oldu\u011funa h\u00fckmetti. Davan\u0131n sonu\u00e7lanmas\u0131yla birlikte Hac\u0131 Sabanc\u0131\u2019n\u0131n ad\u0131 resmen babal\u0131k kayd\u0131na ge\u00e7ti.<\/p>\n<p><img loading=\"lazy\" decoding=\"async\" class=\"alignnone wp-image-138277 \" src=\"https:\/\/www.tgrthaber.com\/mavikadin\/wp-content\/uploads\/Ekran-Resmi-2025-02-25-18.08.50.png\" alt=\"\" width=\"994\" height=\"958\" title=\"\" srcset=\"https:\/\/www.tgrthaber.com\/mavikadin\/wp-content\/uploads\/Ekran-Resmi-2025-02-25-18.08.50.png 794w, https:\/\/www.tgrthaber.com\/mavikadin\/wp-content\/uploads\/Ekran-Resmi-2025-02-25-18.08.50-300x289.png 300w, https:\/\/www.tgrthaber.com\/mavikadin\/wp-content\/uploads\/Ekran-Resmi-2025-02-25-18.08.50-768x741.png 768w\" sizes=\"(max-width: 994px) 100vw, 994px\" \/><\/p>\n<hr \/>\n<h3 class=\"p1\">NAZLI SABANCI, &#8216;SABANCI&#8217; SOYADINI S\u0130LD\u0130<\/h3>\n<p class=\"p1\">Mahkeme karar\u0131n\u0131n ard\u0131ndan g\u00f6zler Hac\u0131 Sabanc\u0131\u2019n\u0131n e\u015fi Nazl\u0131 Sabanc\u0131\u2019ya \u00e7evrildi. Nazl\u0131 Sabanc\u0131, DNA testinin kesinle\u015fmesinden sonra sosyal medya hesab\u0131nda s\u00fcrpriz bir de\u011fi\u015fikli\u011fe gitti ve Instagram biyografisinden \u2018Sabanc\u0131\u2019 soyad\u0131n\u0131 kald\u0131rd\u0131. Bu ad\u0131m, kamuoyunda farkl\u0131 yorumlara neden olurken, sosyal medyada da geni\u015f yank\u0131 buldu. T\u00fcm bu geli\u015fmeler sonras\u0131 Hac\u0131 Sabanc\u0131 cephesinden hen\u00fcz resmi bir a\u00e7\u0131klama gelmedi. Ancak Nazl\u0131 Sabanc\u0131\u2019n\u0131n bu hamlesi, davan\u0131n sonu\u00e7lar\u0131n\u0131n aile i\u00e7inde b\u00fcy\u00fck yank\u0131 uyand\u0131rd\u0131\u011f\u0131n\u0131 g\u00f6steriyor. \u00d6n\u00fcm\u00fczdeki g\u00fcnlerde taraflardan gelecek yeni a\u00e7\u0131klamalar merakla bekleniyor. Sabanc\u0131lar\u0131n evlili\u011finin devam edip etmeyece\u011fi ise magazin g\u00fcndeminin en \u00e7ok merak edilen konular\u0131ndan birini olu\u015fturuyor.<\/p>\n<p><img loading=\"lazy\" decoding=\"async\" class=\"alignnone wp-image-138280 \" src=\"https:\/\/www.tgrthaber.com\/mavikadin\/wp-content\/uploads\/Ekran-Resmi-2025-02-25-18.10.23-569x1024.png\" alt=\"\" width=\"995\" height=\"1791\" title=\"\" srcset=\"https:\/\/www.tgrthaber.com\/mavikadin\/wp-content\/uploads\/Ekran-Resmi-2025-02-25-18.10.23-569x1024.png 569w, https:\/\/www.tgrthaber.com\/mavikadin\/wp-content\/uploads\/Ekran-Resmi-2025-02-25-18.10.23-167x300.png 167w, https:\/\/www.tgrthaber.com\/mavikadin\/wp-content\/uploads\/Ekran-Resmi-2025-02-25-18.10.23.png 608w\" sizes=\"(max-width: 995px) 100vw, 995px\" \/><\/p>\n<hr \/>\n<h3>NAZLI SABANCI K\u0130MD\u0130R?<\/h3>\n<p class=\"p1\">Zeynep Nazl\u0131 Sabanc\u0131, 29 ya\u015f\u0131nda olup, Bursa k\u00f6kenli bir aileden gelmektedir. \u00c7ocukluk ve gen\u00e7lik y\u0131llar\u0131n\u0131 Bursa\u2019da ge\u00e7iren Sabanc\u0131, lise e\u011fitimi i\u00e7in \u0130stanbul\u2019a ta\u015f\u0131nd\u0131 ve e\u011fitimine burada devam etti. Ko\u00e7 Lisesi\u2019nden mezun olduktan sonra hukuk alan\u0131nda kendini geli\u015ftirmek isteyen Sabanc\u0131, Londra\u2019daki University of Westminster\u2019da hukuk b\u00f6l\u00fcm\u00fcn\u00fc tamamlad\u0131. E\u011fitiminin ard\u0131ndan sanatla ilgilenmeye ba\u015flayan Sabanc\u0131, \u0130stanbul Modern\u2019de sanat tarihi dersleri alarak sanat alan\u0131nda da kendini geli\u015ftirdi.<\/p>\n<p><img loading=\"lazy\" decoding=\"async\" class=\"alignnone wp-image-138281 \" src=\"https:\/\/www.tgrthaber.com\/mavikadin\/wp-content\/uploads\/Ekran-Resmi-2025-02-25-18.11.13.png\" alt=\"\" width=\"996\" height=\"587\" title=\"\" srcset=\"https:\/\/www.tgrthaber.com\/mavikadin\/wp-content\/uploads\/Ekran-Resmi-2025-02-25-18.11.13.png 940w, https:\/\/www.tgrthaber.com\/mavikadin\/wp-content\/uploads\/Ekran-Resmi-2025-02-25-18.11.13-300x177.png 300w, https:\/\/www.tgrthaber.com\/mavikadin\/wp-content\/uploads\/Ekran-Resmi-2025-02-25-18.11.13-768x453.png 768w\" sizes=\"(max-width: 996px) 100vw, 996px\" \/><\/p>\n<hr \/>\n<p class=\"p1\">Nazl\u0131 Sabanc\u0131, uzun s\u00fcredir T\u00fcrkiye\u2019nin \u00f6nde gelen i\u015f insanlar\u0131ndan biri olan Hac\u0131 Sabanc\u0131 ile birliktelik ya\u015f\u0131yor. 2020 y\u0131l\u0131n\u0131n Kas\u0131m ay\u0131nda ni\u015fanlanan \u00e7ift, 3 Eyl\u00fcl 2021\u2019de \u00c7\u0131ra\u011fan Saray\u0131\u2019nda ger\u00e7ekle\u015fen g\u00f6rkemli bir d\u00fc\u011f\u00fcnle evlendi. Bu evlilik, magazin d\u00fcnyas\u0131nda b\u00fcy\u00fck yank\u0131 uyand\u0131rm\u0131\u015f ve cemiyet hayat\u0131n\u0131n en \u00e7ok konu\u015fulan d\u00fc\u011f\u00fcnlerinden biri olmu\u015ftu.<\/p>\n","protected":false},"excerpt":{"rendered":"<p>Hac\u0131 Sabanc\u0131\u2019ya a\u00e7\u0131lan babal\u0131k davas\u0131nda mahkeme karar\u0131 \u00e7\u0131kt\u0131. \u0130stanbul 16. Aile Mahkemesi\u2019nde g\u00f6r\u00fclen davada, Adli T\u0131p raporuyla yap\u0131lan DNA testi sonucunda, 4 ya\u015f\u0131ndaki Uzay\u2019\u0131n Hac\u0131 Sabanc\u0131\u2019n\u0131n biyolojik o\u011flu oldu\u011fu kesinle\u015fti. Bu geli\u015fmenin ard\u0131ndan Nazl\u0131 Sabanc\u0131, sosyal medya hesab\u0131ndaki biyografisinden \u201cSabanc\u0131\u201d soyad\u0131n\u0131 kald\u0131rarak dikkat \u00e7ekti.<\/p>\n","protected":false},"author":16,"featured_media":138285,"comment_status":"closed","ping_status":"closed","sticky":false,"template":"","format":"standard","meta":{"rank_math_lock_modified_date":false,"footnotes":""},"categories":[76],"tags":[11979,11978,11980,11977],"class_list":["post-138270","post","type-post","status-publish","format-standard","has-post-thumbnail","hentry","category-magazin","tag-nazli-sabanci-haci-sabanci-babalik-davasi","tag-nazli-sabanci-haci-sabanci-uzay-babalik-dava","tag-nazli-sabanci-sabanci-soyadini-sildi","tag-nazli-sabanci-soyadini-sildi"],"_links":{"self":[{"href":"https:\/\/www.tgrthaber.com\/mavikadin\/wp-json\/wp\/v2\/posts\/138270"}],"collection":[{"href":"https:\/\/www.tgrthaber.com\/mavikadin\/wp-json\/wp\/v2\/posts"}],"about":[{"href":"https:\/\/www.tgrthaber.com\/mavikadin\/wp-json\/wp\/v2\/types\/post"}],"author":[{"embeddable":true,"href":"https:\/\/www.tgrthaber.com\/mavikadin\/wp-json\/wp\/v2\/users\/16"}],"replies":[{"embeddable":true,"href":"https:\/\/www.tgrthaber.com\/mavikadin\/wp-json\/wp\/v2\/comments?post=138270"}],"version-history":[{"count":3,"href":"https:\/\/www.tgrthaber.com\/mavikadin\/wp-json\/wp\/v2\/posts\/138270\/revisions"}],"predecessor-version":[{"id":138288,"href":"https:\/\/www.tgrthaber.com\/mavikadin\/wp-json\/wp\/v2\/posts\/138270\/revisions\/138288"}],"wp:featuredmedia":[{"embeddable":true,"href":"https:\/\/www.tgrthaber.com\/mavikadin\/wp-json\/wp\/v2\/media\/138285"}],"wp:attachment":[{"href":"https:\/\/www.tgrthaber.com\/mavikadin\/wp-json\/wp\/v2\/media?parent=138270"}],"wp:term":[{"taxonomy":"category","embeddable":true,"href":"https:\/\/www.tgrthaber.com\/mavikadin\/wp-json\/wp\/v2\/categories?post=138270"},{"taxonomy":"post_tag","embeddable":true,"href":"https:\/\/www.tgrthaber.com\/mavikadin\/wp-json\/wp\/v2\/tags?post=138270"}],"curies":[{"name":"wp","href":"https:\/\/api.w.org\/{rel}","templated":true}]}}