{"id":138341,"date":"2025-02-25T21:36:20","date_gmt":"2025-02-25T18:36:20","guid":{"rendered":"https:\/\/www.tgrthaber.com\/mavikadin\/?p=138341"},"modified":"2025-02-25T21:36:20","modified_gmt":"2025-02-25T18:36:20","slug":"piyasa-dizisinin-munevveri-ilayda-alisan-kimdir","status":"publish","type":"post","link":"https:\/\/www.tgrthaber.com\/mavikadin\/piyasa-dizisinin-munevveri-ilayda-alisan-kimdir\/","title":{"rendered":"Piyasa dizisinin M\u00fcnevver&#8217;i \u0130layda Ali\u015fan kimdir?"},"content":{"rendered":"<p>\u0130layda Ali\u015fan, dinamik performanslar\u0131yla izleyicileri b\u00fcy\u00fcleyen, T\u00fcrk televizyonunda y\u00fckselen bir y\u0131ld\u0131zd\u0131r. \u00c7ok beklenen drama Piyasa&#8217;da, a\u015fk, g\u00fc\u00e7 ve hayatta kalman\u0131n karma\u015f\u0131kl\u0131klar\u0131n\u0131 a\u015fan g\u00fc\u00e7l\u00fc ve kararl\u0131 bir kad\u0131n olan M\u00fcnevver&#8217;i oynuyor. M\u00fcnevver&#8217;i g\u00fc\u00e7l\u00fc bir \u015fekilde oynayan Ali\u015fan, ele\u015ftirmenlerin be\u011fenisini kazanarak sekt\u00f6rde izlenmesi gereken \u00f6nemli bir isim haline geldi. Peki \u0130layda Ali\u015fan kimdir ve ge\u00e7mi\u015fi nedir? Gelin, oyuncunun kariyerini ve Piyasa&#8217;daki rol\u00fcn\u00fc inceleyelim.<\/p>\n<h3>\u0130LAYDA AL\u0130\u015eAN K\u0130MD\u0130R?<\/h3>\n<p>\u0130layda Ali\u015fan, 18 May\u0131s 1996&#8217;da \u0130stanbul, T\u00fcrkiye&#8217;de do\u011fdu. K\u00fc\u00e7\u00fck ya\u015fta oyunculu\u011fa ilgi duydu ve sanata olan tutkusu onu profesyonel bir kariyere y\u00f6neltti. Ali\u015fan, M\u00fcjdat Gezen Sanat Merkezi&#8217;nde oyunculuk e\u011fitimi ald\u0131 ve ola\u011fan\u00fcst\u00fc yetene\u011fi ve karizmas\u0131yla e\u011flence d\u00fcnyas\u0131na h\u0131zla ad\u0131m att\u0131.<\/p>\n<p><img loading=\"lazy\" decoding=\"async\" class=\"alignnone wp-image-138365\" src=\"https:\/\/www.tgrthaber.com\/mavikadin\/wp-content\/uploads\/3-232.png\" alt=\"\" width=\"1208\" height=\"680\" title=\"\" srcset=\"https:\/\/www.tgrthaber.com\/mavikadin\/wp-content\/uploads\/3-232.png 1280w, https:\/\/www.tgrthaber.com\/mavikadin\/wp-content\/uploads\/3-232-300x169.png 300w, https:\/\/www.tgrthaber.com\/mavikadin\/wp-content\/uploads\/3-232-1024x576.png 1024w, https:\/\/www.tgrthaber.com\/mavikadin\/wp-content\/uploads\/3-232-768x432.png 768w\" sizes=\"(max-width: 1208px) 100vw, 1208px\" \/><\/p>\n<hr \/>\n<p>Piyasa&#8217;daki \u00e7\u0131\u011f\u0131r a\u00e7an rol\u00fcnden \u00f6nce Ali\u015fan, birka\u00e7 televizyon dizisi ve filmde rol ald\u0131. G\u00fclbeyaz, K\u0131rg\u0131n \u00c7i\u00e7ekler ve Bir A\u015fk Hikayesi&#8217;ndeki rolleriyle tan\u0131nd\u0131. Ancak, Piyasa&#8217;daki M\u00fcnevver rol\u00fcndeki performans\u0131, bir oyuncu olarak \u00e7ok y\u00f6nl\u00fcl\u00fc\u011f\u00fcn\u00fc ger\u00e7ekten sergiledi ve yayg\u0131n \u00f6vg\u00fcler ald\u0131.<\/p>\n<p><img loading=\"lazy\" decoding=\"async\" class=\"alignnone wp-image-138368\" src=\"https:\/\/www.tgrthaber.com\/mavikadin\/wp-content\/uploads\/5-123.png\" alt=\"\" width=\"1208\" height=\"680\" title=\"\" srcset=\"https:\/\/www.tgrthaber.com\/mavikadin\/wp-content\/uploads\/5-123.png 1280w, https:\/\/www.tgrthaber.com\/mavikadin\/wp-content\/uploads\/5-123-300x169.png 300w, https:\/\/www.tgrthaber.com\/mavikadin\/wp-content\/uploads\/5-123-1024x576.png 1024w, https:\/\/www.tgrthaber.com\/mavikadin\/wp-content\/uploads\/5-123-768x432.png 768w\" sizes=\"(max-width: 1208px) 100vw, 1208px\" \/><\/p>\n<hr \/>\n<h3>\u0130LAYDA AL\u0130\u015eAN P\u0130AYASA D\u0130Z\u0130S\u0130NDE M\u00dcNEVVER ROL\u00dcNDE<\/h3>\n<p>\u0130layda Ali\u015fan, Piyasa&#8217;da m\u00fctevaz\u0131 bir ge\u00e7mi\u015ften gelen ve ailesi i\u00e7in daha iyi bir hayat sa\u011flamak ad\u0131na kendi mutlulu\u011funu feda etmeye istekli bir kad\u0131n olan M\u00fcnevver&#8217;i oynuyor. M\u00fcnevver&#8217;in karakteri karma\u015f\u0131kt\u0131r; a\u015fk, ihanet ve ki\u015fisel geli\u015fim zorluklar\u0131yla m\u00fccadele ederken y\u00fcksek riskli bir d\u00fcnyada hayatta kalma ihtiyac\u0131yla hareket eder. Dizi ilerledik\u00e7e M\u00fcnevver, h\u0131rs, sadakat ve ahlak gibi daha geni\u015f temalar\u0131 yans\u0131tan zor se\u00e7imler yapmak zorunda kal\u0131r.<\/p>\n<p><img loading=\"lazy\" decoding=\"async\" class=\"alignnone wp-image-138369\" src=\"https:\/\/www.tgrthaber.com\/mavikadin\/wp-content\/uploads\/6-95.png\" alt=\"\" width=\"1208\" height=\"680\" title=\"\" srcset=\"https:\/\/www.tgrthaber.com\/mavikadin\/wp-content\/uploads\/6-95.png 1280w, https:\/\/www.tgrthaber.com\/mavikadin\/wp-content\/uploads\/6-95-300x169.png 300w, https:\/\/www.tgrthaber.com\/mavikadin\/wp-content\/uploads\/6-95-1024x576.png 1024w, https:\/\/www.tgrthaber.com\/mavikadin\/wp-content\/uploads\/6-95-768x432.png 768w\" sizes=\"(max-width: 1208px) 100vw, 1208px\" \/><\/p>\n<hr \/>\n<h3>P\u0130AYASA D\u0130Z\u0130S\u0130N\u0130N KONUSU NED\u0130R?<\/h3>\n<p>Piyasa, \u015f\u00f6hret, medya ve g\u00fcc\u00fcn rekabet\u00e7i ve \u00e7o\u011fu zaman ac\u0131mas\u0131z d\u00fcnyas\u0131na kar\u0131\u015fm\u0131\u015f bireylerin hayatlar\u0131 etraf\u0131nda d\u00f6ner. Alp Navruz&#8217;un oynayan Kenan \u015f\u00f6hretin bask\u0131lar\u0131yla m\u00fccadele ederken, \u0130layda Ali\u015fan&#8217;\u0131n oynad\u0131\u011f\u0131 M\u00fcnevver, hayat\u0131n\u0131n duygusal ve ahlaki karma\u015f\u0131kl\u0131klar\u0131yla ba\u015f etmek zorundad\u0131r. Dizi, e\u011flence sekt\u00f6r\u00fcn\u00fcn karanl\u0131k y\u00f6nlerini ara\u015ft\u0131rarak insanlar\u0131n zirveye t\u0131rmanmak i\u00e7in yapt\u0131\u011f\u0131 fedakarl\u0131klar\u0131 ortaya \u00e7\u0131kar\u0131r.<\/p>\n<p><img loading=\"lazy\" decoding=\"async\" class=\"alignnone wp-image-138372\" src=\"https:\/\/www.tgrthaber.com\/mavikadin\/wp-content\/uploads\/8-17.png\" alt=\"\" width=\"1208\" height=\"680\" title=\"\" srcset=\"https:\/\/www.tgrthaber.com\/mavikadin\/wp-content\/uploads\/8-17.png 1280w, https:\/\/www.tgrthaber.com\/mavikadin\/wp-content\/uploads\/8-17-300x169.png 300w, https:\/\/www.tgrthaber.com\/mavikadin\/wp-content\/uploads\/8-17-1024x576.png 1024w, https:\/\/www.tgrthaber.com\/mavikadin\/wp-content\/uploads\/8-17-768x432.png 768w\" sizes=\"(max-width: 1208px) 100vw, 1208px\" \/><\/p>\n<hr \/>\n<p>Piyasa d\u00fcnyas\u0131nda, M\u00fcnevver&#8217;in yolculu\u011fu, hi\u00e7bir \u015feyin g\u00f6r\u00fcnd\u00fc\u011f\u00fc gibi olmad\u0131\u011f\u0131 bir d\u00fcnyada ki\u015fisel d\u00f6n\u00fc\u015f\u00fcm, a\u015fk ve hayatta kalma temalar\u0131yla i\u00e7 i\u00e7e ge\u00e7iyor. Karakteri \u00e7e\u015fitli ahlaki ikilemlerle kar\u015f\u0131 kar\u015f\u0131ya kal\u0131rken, Ali\u015fan izleyicileri koltuklar\u0131n\u0131n ucunda tutan ham bir enerji getiriyor.<\/p>\n<p>Piyasa&#8217;daki ba\u015far\u0131s\u0131yla, \u0130layda Ali\u015fan&#8217;\u0131n kariyeri y\u00fckseli\u015fte. Hayranlar, gelecekte hangi projelere girece\u011fini ve M\u00fcnevver rol\u00fcn\u00fcn \u00f6n\u00fcm\u00fczdeki b\u00f6l\u00fcmlerde nas\u0131l geli\u015fece\u011fini g\u00f6rmek i\u00e7in sab\u0131rs\u0131zlan\u0131yorlar.<\/p>\n","protected":false},"excerpt":{"rendered":"<p>\u0130layda Ali\u015fan, T\u00fcrk televizyon sekt\u00f6r\u00fcnde h\u0131zla \u00fcnlendi ve Piyasa dizisindeki M\u00fcnevver rol\u00fcyle dikkatleri daha da \u00fczerine \u00e7ekti. G\u00fc\u00e7l\u00fc performanslar\u0131 ve karakterlerini oynama yetene\u011fiyle tan\u0131nan Ali\u015fan, ki\u015fisel h\u0131rslar ve hayatta kalma zorluklar\u0131 aras\u0131nda s\u0131k\u0131\u015fm\u0131\u015f karma\u015f\u0131k bir karakter olan M\u00fcnevver rol\u00fcyle izleyicileri b\u00fcy\u00fcl\u00fcyor. Piyasa izleyicilerin dikkatini \u00e7ekmeye devam ederken, gelin \u0130layda Ali\u015fan&#8217;\u0131n kariyerine, sekt\u00f6rdeki yolculu\u011funa ve bu heyecan verici dizide oynad\u0131\u011f\u0131 \u00e7ok y\u00f6nl\u00fc karaktere daha derinlemesine bakal\u0131m.<\/p>\n","protected":false},"author":28,"featured_media":138364,"comment_status":"closed","ping_status":"closed","sticky":false,"template":"","format":"standard","meta":{"rank_math_lock_modified_date":true,"footnotes":""},"categories":[491],"tags":[2483,12010,12009,6183,11438],"class_list":["post-138341","post","type-post","status-publish","format-standard","has-post-thumbnail","hentry","category-biyografi","tag-ilayda-alisan","tag-ilayda-alisan-munevver","tag-ilayda-alisan-piyasa-dizisi","tag-piyasa-dizisi","tag-piyasa-dizisi-konusu"],"_links":{"self":[{"href":"https:\/\/www.tgrthaber.com\/mavikadin\/wp-json\/wp\/v2\/posts\/138341"}],"collection":[{"href":"https:\/\/www.tgrthaber.com\/mavikadin\/wp-json\/wp\/v2\/posts"}],"about":[{"href":"https:\/\/www.tgrthaber.com\/mavikadin\/wp-json\/wp\/v2\/types\/post"}],"author":[{"embeddable":true,"href":"https:\/\/www.tgrthaber.com\/mavikadin\/wp-json\/wp\/v2\/users\/28"}],"replies":[{"embeddable":true,"href":"https:\/\/www.tgrthaber.com\/mavikadin\/wp-json\/wp\/v2\/comments?post=138341"}],"version-history":[{"count":2,"href":"https:\/\/www.tgrthaber.com\/mavikadin\/wp-json\/wp\/v2\/posts\/138341\/revisions"}],"predecessor-version":[{"id":138375,"href":"https:\/\/www.tgrthaber.com\/mavikadin\/wp-json\/wp\/v2\/posts\/138341\/revisions\/138375"}],"wp:featuredmedia":[{"embeddable":true,"href":"https:\/\/www.tgrthaber.com\/mavikadin\/wp-json\/wp\/v2\/media\/138364"}],"wp:attachment":[{"href":"https:\/\/www.tgrthaber.com\/mavikadin\/wp-json\/wp\/v2\/media?parent=138341"}],"wp:term":[{"taxonomy":"category","embeddable":true,"href":"https:\/\/www.tgrthaber.com\/mavikadin\/wp-json\/wp\/v2\/categories?post=138341"},{"taxonomy":"post_tag","embeddable":true,"href":"https:\/\/www.tgrthaber.com\/mavikadin\/wp-json\/wp\/v2\/tags?post=138341"}],"curies":[{"name":"wp","href":"https:\/\/api.w.org\/{rel}","templated":true}]}}