{"id":138352,"date":"2025-02-25T21:32:09","date_gmt":"2025-02-25T18:32:09","guid":{"rendered":"https:\/\/www.tgrthaber.com\/mavikadin\/?p=138352"},"modified":"2025-02-25T21:32:09","modified_gmt":"2025-02-25T18:32:09","slug":"bir-gece-masalina-yeni-transfer-ozan-karakteriyle-geliyor","status":"publish","type":"post","link":"https:\/\/www.tgrthaber.com\/mavikadin\/bir-gece-masalina-yeni-transfer-ozan-karakteriyle-geliyor\/","title":{"rendered":"Bir Gece Masal\u0131&#8217;na yeni transfer! &#8220;Ozan&#8221; karakteriyle geliyor"},"content":{"rendered":"<p>Sal\u0131 ak\u015famlar\u0131n\u0131n vazge\u00e7ilmez dizisi Bir Gece Masal\u0131, ba\u015far\u0131l\u0131 oyunculuklar\u0131 ve senaryosuyla al\u0131nan s\u00f6z ettirmeye devam ediyor. Komiser Mahir ile Y\u00f6r\u00fck k\u0131z\u0131 Canfeza\u2019n\u0131n a\u015fk\u0131n\u0131 konu alan diziye yeni bir isim dahil oluyor.<\/p>\n<h3>B\u0130R GECE MASALI&#8217;NA YEN\u0130 OYUNCU DAH\u0130L OLUYOR<\/h3>\n<p>Pamukkale\u2019nin b\u00fcy\u00fcleyici manzaralar\u0131nda ba\u015flayan ve \u0130stanbul\u2019un k\u00f6kl\u00fc Asaf Bey Kona\u011f\u0131\u2019na uzanan tutkulu bir a\u015fk hikayesini anlatan Bir Gece Masal\u0131&#8217;na s\u00fcrpriz bir isim geliyor.<\/p>\n<p><img loading=\"lazy\" decoding=\"async\" class=\"alignnone wp-image-138358\" src=\"https:\/\/www.tgrthaber.com\/mavikadin\/wp-content\/uploads\/bir-gece-masali-yeni-bolum-300x169.jpg\" alt=\"\" width=\"1280\" height=\"720\" title=\"\" srcset=\"https:\/\/www.tgrthaber.com\/mavikadin\/wp-content\/uploads\/bir-gece-masali-yeni-bolum-300x169.jpg 300w, https:\/\/www.tgrthaber.com\/mavikadin\/wp-content\/uploads\/bir-gece-masali-yeni-bolum-1024x576.jpg 1024w, https:\/\/www.tgrthaber.com\/mavikadin\/wp-content\/uploads\/bir-gece-masali-yeni-bolum-768x432.jpg 768w, https:\/\/www.tgrthaber.com\/mavikadin\/wp-content\/uploads\/bir-gece-masali-yeni-bolum.jpg 1280w\" sizes=\"(max-width: 1280px) 100vw, 1280px\" \/><\/p>\n<hr \/>\n<p>Gazeteci Birsen Altunta\u015f&#8217;\u0131n haberine g\u00f6re; ba\u015far\u0131l\u0131 oyuncu Caner \u015eahin, Ozan karakteri ile Bir Gece Masal\u0131 dizisine dahil olacak. Y\u00f6netmen koltu\u011funda Emre Kabaka\u015fuk&#8217;un oturdu\u011fu NGM imzal\u0131 diziye yeni kat\u0131lacak Caner \u015eahin\u2019in rol\u00fc b\u00fcy\u00fck heyecan olu\u015fturdu.<\/p>\n<h3>B\u0130R GECE MASALI&#8217;NDA NELER OLUYOR?<\/h3>\n<p>Burak Deniz&#8217;in oynad\u0131\u011f\u0131 g\u00f6revine sad\u0131k Komiser Mahir ile Su Burcu Yazg\u0131 Co\u015fkun&#8217;un oynad\u0131\u011f\u0131 \u00f6zg\u00fcr ruhlu Y\u00f6r\u00fck k\u0131z\u0131 Canfeza aras\u0131nda ye\u015feren a\u015fk\u0131n imk\u00e2ns\u0131zl\u0131klarla s\u0131nanmas\u0131n\u0131 anlatan Bir Gece Masal\u0131&#8217;nda bu hafta heyecan verici geli\u015fmeler ya\u015fan\u0131yor.<\/p>\n<p><img loading=\"lazy\" decoding=\"async\" class=\"alignnone wp-image-138359\" src=\"https:\/\/www.tgrthaber.com\/mavikadin\/wp-content\/uploads\/bir-gece-masali-300x169.webp\" alt=\"\" width=\"1280\" height=\"720\" title=\"\" srcset=\"https:\/\/www.tgrthaber.com\/mavikadin\/wp-content\/uploads\/bir-gece-masali-300x169.webp 300w, https:\/\/www.tgrthaber.com\/mavikadin\/wp-content\/uploads\/bir-gece-masali-1024x576.webp 1024w, https:\/\/www.tgrthaber.com\/mavikadin\/wp-content\/uploads\/bir-gece-masali-768x432.webp 768w, https:\/\/www.tgrthaber.com\/mavikadin\/wp-content\/uploads\/bir-gece-masali-1536x864.webp 1536w, https:\/\/www.tgrthaber.com\/mavikadin\/wp-content\/uploads\/bir-gece-masali.webp 1600w\" sizes=\"(max-width: 1280px) 100vw, 1280px\" \/><\/p>\n<hr \/>\n<p>Hem s\u00fcr\u00fckleyici hem de dokunakl\u0131 bir atmosferle izleyiciyi ekran ba\u015f\u0131na \u00e7eken dizide bu hafta komiser Mahir, Ba\u015fkomiser olarak terfi al\u0131yor. Mahir&#8217;in hem babas\u0131na verdi\u011fi s\u00f6z\u00fc tutmas\u0131 hem de terfi almas\u0131 ailesi i\u00e7in b\u00fcy\u00fck gurur kayna\u011f\u0131 oluyor.<\/p>\n<p>Bu mutlu g\u00fcnlerde Mahir\u2019e \u00f6zel bir jest yapmak isteyen Asaf, t\u00fcm aileyi kapsayan unutulmaz bir tatil planlar. Ancak, huzur dolu ge\u00e7mesi beklenen bu seyahat, yaln\u0131zca Y\u0131lmaz ailesi i\u00e7in de\u011fil, G\u00fclizar ve K\u00fcr\u015fat i\u00e7in de beklenmedik olaylar\u0131n ve b\u00fcy\u00fck bir kaosun fitilini ate\u015fleyecektir.<\/p>\n<p><img loading=\"lazy\" decoding=\"async\" class=\"alignnone wp-image-138361\" src=\"https:\/\/www.tgrthaber.com\/mavikadin\/wp-content\/uploads\/caner-sahin-300x169.webp\" alt=\"\" width=\"1280\" height=\"720\" title=\"\" srcset=\"https:\/\/www.tgrthaber.com\/mavikadin\/wp-content\/uploads\/caner-sahin-300x169.webp 300w, https:\/\/www.tgrthaber.com\/mavikadin\/wp-content\/uploads\/caner-sahin-1024x576.webp 1024w, https:\/\/www.tgrthaber.com\/mavikadin\/wp-content\/uploads\/caner-sahin-768x432.webp 768w, https:\/\/www.tgrthaber.com\/mavikadin\/wp-content\/uploads\/caner-sahin.webp 1280w\" sizes=\"(max-width: 1280px) 100vw, 1280px\" \/><\/p>\n<hr \/>\n<h3>CANER \u015eAH\u0130N K\u0130MD\u0130R?<\/h3>\n<p>2 May\u0131s 1992&#8217;de Eski\u015fehir&#8217;de d\u00fcnyaya gelen ba\u015far\u0131l\u0131 oyuncu Caner \u015eahin, e\u011fitimini \u0130stanbul \u00dcniversitesi Devlet Konservatuar\u0131 Tiyatro B\u00f6l\u00fcm\u00fc\u2019nde tamamlam\u0131\u015ft\u0131r.<\/p>\n<p>Babam ve Ailesi dizisinde Kadir karakteriyle oyunculu\u011fa ilk ad\u0131m\u0131n\u0131 atan \u015eahin, Kuzgun, Karde\u015fler, Tutsak gibi yap\u0131mlarda da oyunculuk yapm\u0131\u015ft\u0131r.<\/p>\n","protected":false},"excerpt":{"rendered":"<p>ATV&#8217;nin izleyici ekran ba\u015f\u0131na kilitledi\u011fi ba\u015far\u0131l\u0131 dizisi Bir Gece Masal\u0131&#8217;na yeni bir isim dahil oldu. Sal\u0131 ak\u015famlar\u0131n\u0131n vazge\u00e7ilmez dizisi Bir Gece Masal\u0131&#8217;nda Ozan karakteriyle Caner \u015eahin de yer alacak. <\/p>\n","protected":false},"author":33,"featured_media":138357,"comment_status":"closed","ping_status":"closed","sticky":false,"template":"","format":"standard","meta":{"rank_math_lock_modified_date":false,"footnotes":""},"categories":[602],"tags":[12006,12007,12005],"class_list":["post-138352","post","type-post","status-publish","format-standard","has-post-thumbnail","hentry","category-diziler","tag-bir-gece-masali-konusu","tag-bir-gece-masali-oyunculari","tag-bir-gece-masali-ozan"],"_links":{"self":[{"href":"https:\/\/www.tgrthaber.com\/mavikadin\/wp-json\/wp\/v2\/posts\/138352"}],"collection":[{"href":"https:\/\/www.tgrthaber.com\/mavikadin\/wp-json\/wp\/v2\/posts"}],"about":[{"href":"https:\/\/www.tgrthaber.com\/mavikadin\/wp-json\/wp\/v2\/types\/post"}],"author":[{"embeddable":true,"href":"https:\/\/www.tgrthaber.com\/mavikadin\/wp-json\/wp\/v2\/users\/33"}],"replies":[{"embeddable":true,"href":"https:\/\/www.tgrthaber.com\/mavikadin\/wp-json\/wp\/v2\/comments?post=138352"}],"version-history":[{"count":1,"href":"https:\/\/www.tgrthaber.com\/mavikadin\/wp-json\/wp\/v2\/posts\/138352\/revisions"}],"predecessor-version":[{"id":138362,"href":"https:\/\/www.tgrthaber.com\/mavikadin\/wp-json\/wp\/v2\/posts\/138352\/revisions\/138362"}],"wp:featuredmedia":[{"embeddable":true,"href":"https:\/\/www.tgrthaber.com\/mavikadin\/wp-json\/wp\/v2\/media\/138357"}],"wp:attachment":[{"href":"https:\/\/www.tgrthaber.com\/mavikadin\/wp-json\/wp\/v2\/media?parent=138352"}],"wp:term":[{"taxonomy":"category","embeddable":true,"href":"https:\/\/www.tgrthaber.com\/mavikadin\/wp-json\/wp\/v2\/categories?post=138352"},{"taxonomy":"post_tag","embeddable":true,"href":"https:\/\/www.tgrthaber.com\/mavikadin\/wp-json\/wp\/v2\/tags?post=138352"}],"curies":[{"name":"wp","href":"https:\/\/api.w.org\/{rel}","templated":true}]}}