{"id":138379,"date":"2025-02-25T22:20:26","date_gmt":"2025-02-25T19:20:26","guid":{"rendered":"https:\/\/www.tgrthaber.com\/mavikadin\/?p=138379"},"modified":"2025-03-03T22:15:23","modified_gmt":"2025-03-03T19:15:23","slug":"2025-yili-iftar-menu-fiyatlari-belli-oldu-iste-tam-liste-iftar-fiyatlari","status":"publish","type":"post","link":"https:\/\/www.tgrthaber.com\/mavikadin\/2025-yili-iftar-menu-fiyatlari-belli-oldu-iste-tam-liste-iftar-fiyatlari\/","title":{"rendered":"2025 y\u0131l\u0131 iftar men\u00fc fiyatlar\u0131 belli oldu! \u0130\u015fte tam liste iftar fiyatlar\u0131"},"content":{"rendered":"<p>Ramazan ay\u0131n\u0131n ba\u015flamas\u0131na say\u0131l\u0131 g\u00fcnler kald\u0131. Bu sene 28 \u015eubat&#8217;\u0131 1 Mart&#8217;a ba\u011flayan gece sahura kalk\u0131lacak ve 1 Mart Cumartesi ak\u015fam\u0131 ilk iftar yap\u0131lacak. Ramazan&#8217;\u0131n yakla\u015fmas\u0131yla birlikte yeme-i\u00e7me sekt\u00f6r\u00fcnde faaliyet g\u00f6steren firmalar iftar men\u00fc fiyatlar\u0131n\u0131 tek tek a\u00e7\u0131klamaya ba\u015flad\u0131. \u0130\u015fte 2025 y\u0131l\u0131 iftar men\u00fc fiyatlar\u0131&#8230;<\/p>\n<h3>2025 \u0130FTAR MEN\u00dc F\u0130YATLARI<\/h3>\n<p>Ge\u00e7ti\u011fimiz seneye g\u00f6re y\u00fczde 30 ile y\u00fczde 50 aras\u0131nda bir art\u0131\u015f\u0131n g\u00f6r\u00fcld\u00fc\u011f\u00fc Ramazan iftar men\u00fc fiyatlar\u0131 i\u00e7eri\u011fe g\u00f6re de farkl\u0131l\u0131k g\u00f6steriyor.<\/p>\n<p><img loading=\"lazy\" decoding=\"async\" class=\"alignnone wp-image-138380\" src=\"https:\/\/www.tgrthaber.com\/mavikadin\/wp-content\/uploads\/iftar-fiyatlari-300x182.webp\" alt=\"\" width=\"1280\" height=\"776\" title=\"\" srcset=\"https:\/\/www.tgrthaber.com\/mavikadin\/wp-content\/uploads\/iftar-fiyatlari-300x182.webp 300w, https:\/\/www.tgrthaber.com\/mavikadin\/wp-content\/uploads\/iftar-fiyatlari-1024x621.webp 1024w, https:\/\/www.tgrthaber.com\/mavikadin\/wp-content\/uploads\/iftar-fiyatlari-768x466.webp 768w, https:\/\/www.tgrthaber.com\/mavikadin\/wp-content\/uploads\/iftar-fiyatlari.webp 1300w\" sizes=\"(max-width: 1280px) 100vw, 1280px\" \/><\/p>\n<hr \/>\n<p>\u00c7\u0131ra\u011fan Saray\u0131 i\u00e7erisindeki Tu\u011fra Restoran&#8217;da ki\u015fi ba\u015f\u0131 6.000 TL olan fiyat, Beyti Florya&#8217;da 4.500 TL, Ka\u015f\u0131beyaz&#8217;da 2.500 TL, Ramazan Bing\u00f6l Et Lokantas\u0131&#8217;nda 2.550 TL olacak. Ki\u015fi ba\u015f\u0131 550 TL&#8217;den ba\u015flayan fiyatlar 6.000 TL&#8217;ye kadar \u00e7\u0131k\u0131yor.<\/p>\n<p>Kayseri Mutfa\u011f\u0131&#8217;nda 550 TL &#8211; 850 TL aras\u0131nda \u015fekillenen iftar men\u00fc fiyatlar\u0131, G\u00f6ze Sar\u0131yer&#8217;de 650 TL &#8211; 850 TL aras\u0131nda, D\u00fcr\u00fcm Molas\u0131 550 TL &#8211; 650 TL aras\u0131nda ve Sinop Sofras\u0131 Halime \u015eahin&#8217;de 600 TL &#8211; 750 TL aras\u0131nda olacak.<\/p>\n<p><img loading=\"lazy\" decoding=\"async\" class=\"alignnone wp-image-138384\" src=\"https:\/\/www.tgrthaber.com\/mavikadin\/wp-content\/uploads\/iftar-sunum-300x195.png\" alt=\"\" width=\"1280\" height=\"833\" title=\"\" srcset=\"https:\/\/www.tgrthaber.com\/mavikadin\/wp-content\/uploads\/iftar-sunum-300x195.png 300w, https:\/\/www.tgrthaber.com\/mavikadin\/wp-content\/uploads\/iftar-sunum-1024x666.png 1024w, https:\/\/www.tgrthaber.com\/mavikadin\/wp-content\/uploads\/iftar-sunum-768x500.png 768w, https:\/\/www.tgrthaber.com\/mavikadin\/wp-content\/uploads\/iftar-sunum-1536x1000.png 1536w, https:\/\/www.tgrthaber.com\/mavikadin\/wp-content\/uploads\/iftar-sunum.png 1672w\" sizes=\"(max-width: 1280px) 100vw, 1280px\" \/><\/p>\n<hr \/>\n<h3>\u0130\u015eTE 2025 YILI \u0130FTAR MEN\u00dc F\u0130YATLARI TAM L\u0130STE<\/h3>\n<p>\u00c7\u0131ra\u011fan Saray\u0131 Tu\u011fra Restaurant 6.000 TL<br \/>\nFour Seasons Hotel \u0130stanbul 5.250 TL<br \/>\nMandarin Oriental Bosphorus 4.950 TL<br \/>\nBeyti Florya 4.500 TL<br \/>\nPalude Restaurant 3.000 TL<br \/>\nHac\u0131bozano\u011fullar\u0131 Kebap 2.050 TL<br \/>\nZennup 1844 3.250 TL<br \/>\nHavu\u015f Lokantas\u0131\u2019nda 3.250 TL<\/p>\n<p><img loading=\"lazy\" decoding=\"async\" class=\"alignnone wp-image-138383\" src=\"https:\/\/www.tgrthaber.com\/mavikadin\/wp-content\/uploads\/iftar-son-300x200.jpg\" alt=\"\" width=\"1280\" height=\"853\" title=\"\" srcset=\"https:\/\/www.tgrthaber.com\/mavikadin\/wp-content\/uploads\/iftar-son-300x200.jpg 300w, https:\/\/www.tgrthaber.com\/mavikadin\/wp-content\/uploads\/iftar-son-1024x682.jpg 1024w, https:\/\/www.tgrthaber.com\/mavikadin\/wp-content\/uploads\/iftar-son-768x512.jpg 768w, https:\/\/www.tgrthaber.com\/mavikadin\/wp-content\/uploads\/iftar-son.jpg 1250w\" sizes=\"(max-width: 1280px) 100vw, 1280px\" \/><\/p>\n<hr \/>\n<p>Hak Evrensel Medeniyetler Sofras\u0131\u2019nda 2.100 TL<br \/>\nSeraf Restaurant 3.950 TL<br \/>\nMahsun Usta Ye\u015filk\u00f6y 2.800 TL<br \/>\nKa\u015f\u0131beyaz 2.500 TL<br \/>\nDeveli Restaurant 2.600 TL<br \/>\nRamazan Bing\u00f6l Et Lokantas\u0131 2.550 TL<br \/>\n\u015eazeli 2.400 TL<br \/>\nNilhan Sultan Pa\u015faliman\u0131 2.550 TL<br \/>\nHamdi Restaurant 2.250 TL<br \/>\nG\u00f6ze Sar\u0131yer 650 TL &#8211; 850 TL<br \/>\nSwissotel The Bosphorus 3.750 TL<br \/>\nG\u00fcnayd\u0131n Kebap Etiler 2.200 TL<br \/>\nK\u00fcbban 1.450 TL<br \/>\nSarayl\u0131 D\u00f6ner 1.000 TL<br \/>\nG\u00f6rkem Kilis Sofras\u0131 1.900 TL<\/p>\n<p><img loading=\"lazy\" decoding=\"async\" class=\"alignnone wp-image-138381\" src=\"https:\/\/www.tgrthaber.com\/mavikadin\/wp-content\/uploads\/iftar-menu1-300x169.webp\" alt=\"\" width=\"1280\" height=\"719\" title=\"\" srcset=\"https:\/\/www.tgrthaber.com\/mavikadin\/wp-content\/uploads\/iftar-menu1-300x169.webp 300w, https:\/\/www.tgrthaber.com\/mavikadin\/wp-content\/uploads\/iftar-menu1-1024x575.webp 1024w, https:\/\/www.tgrthaber.com\/mavikadin\/wp-content\/uploads\/iftar-menu1-768x432.webp 768w, https:\/\/www.tgrthaber.com\/mavikadin\/wp-content\/uploads\/iftar-menu1-1536x863.webp 1536w, https:\/\/www.tgrthaber.com\/mavikadin\/wp-content\/uploads\/iftar-menu1.webp 1600w\" sizes=\"(max-width: 1280px) 100vw, 1280px\" \/><\/p>\n<hr \/>\n<p>Sembol Ocakba\u015f\u0131 1.000 TL &#8211; 1750 TL<br \/>\n\u00c7ak\u0131 Restoran Kaya\u015fehir 1.900 TL<br \/>\nBay\u0131nd\u0131r Et Kebap 1.850 TL<br \/>\nSinop Sofras\u0131 Halime \u015eahin 600 TL &#8211; 750 TL<br \/>\nBoran Konya Mutfa\u011f\u0131 1.450 TL<br \/>\nHas Konya Mutfa\u011f\u0131 1.450 TL<br \/>\nQadraj Cafe 900 TL &#8211; 1.450 TL<br \/>\nDo\u011fal D\u00fckkan Kavac\u0131k 1.200 TL<br \/>\nKayseri Mutfa\u011f\u0131 550 TL &#8211; 850 TL<br \/>\nLokanta Kad\u0131rgal\u0131 1.000 TL<br \/>\nBirecikli Kebap 1.950<br \/>\nMahmut Usta 770 TL<br \/>\nKebap\u00e7\u0131 Mahmut 1.350 TL<br \/>\nSelimiye Muhallebicisi 550 TL<br \/>\nD\u00fcr\u00fcm Molas\u0131 550 TL &#8211; 650 TL<\/p>\n<p><img loading=\"lazy\" decoding=\"async\" class=\"alignnone wp-image-141506\" src=\"https:\/\/www.tgrthaber.com\/mavikadin\/wp-content\/uploads\/iftar-menu-300x169.webp\" alt=\"\" width=\"1280\" height=\"720\" title=\"\" srcset=\"https:\/\/www.tgrthaber.com\/mavikadin\/wp-content\/uploads\/iftar-menu-300x169.webp 300w, https:\/\/www.tgrthaber.com\/mavikadin\/wp-content\/uploads\/iftar-menu-1024x576.webp 1024w, https:\/\/www.tgrthaber.com\/mavikadin\/wp-content\/uploads\/iftar-menu-768x432.webp 768w, https:\/\/www.tgrthaber.com\/mavikadin\/wp-content\/uploads\/iftar-menu.webp 1200w\" sizes=\"(max-width: 1280px) 100vw, 1280px\" \/><\/p>\n<p>Lalezar Lokantas\u0131 800 TL<br \/>\nG\u00fcll\u00fcova Et Restoran 1.500 TL<br \/>\nK\u00f6\u015fk Ye\u015filk\u00f6y 650 TL &#8211; 750 TL<br \/>\nD\u00f6nerci Bekirzade 799 TL<br \/>\nB\u00fcy\u00fckada Konak Restoran 595 TL &#8211; 775 TL<br \/>\nSaafi D\u00f6ner 1.250 TL<br \/>\nHas\u0131rl\u0131 Konya Mutfa\u011f\u0131 1.250 TL<br \/>\nSeyido\u011flu 790 TL<br \/>\nSeyido\u011flu Sultan Bac\u0131 1.690 TL<br \/>\nDedecan Ocakba\u015f\u0131 (Set men\u00fc olmayacak, alakart hizmet verecek)<br \/>\nKuleli Yakamoz 1.950 TL<br \/>\nNev\u015fehir Tavac\u0131 Mustafa 700 TL &#8211; 1.100 TL<\/p>\n","protected":false},"excerpt":{"rendered":"<p>Ramazan ay\u0131n\u0131n yakla\u015fmas\u0131yla birlikte, yeme-i\u00e7me i\u015fletmeleri iftar men\u00fc fiyatlar\u0131n\u0131 belirlemeye ve a\u00e7\u0131klamaya ba\u015flad\u0131. Ge\u00e7ti\u011fimiz y\u0131la nazaran ortalama y\u00fczde 30 ile y\u00fczde 50 aras\u0131nda art\u0131\u015f ya\u015fanan iftar men\u00fc fiyatlar\u0131n\u0131 derledik. \u0130\u015fte 2025 y\u0131l\u0131 iftar men\u00fc fiyatlar\u0131&#8230;<\/p>\n","protected":false},"author":33,"featured_media":138382,"comment_status":"closed","ping_status":"closed","sticky":false,"template":"","format":"standard","meta":{"rank_math_lock_modified_date":false,"footnotes":""},"categories":[101],"tags":[12012,12011,12013],"class_list":["post-138379","post","type-post","status-publish","format-standard","has-post-thumbnail","hentry","category-kesfet","tag-2025-iftar-menuleri","tag-iftar-menu-fiyatlari","tag-istanbul-iftar-menuleri"],"_links":{"self":[{"href":"https:\/\/www.tgrthaber.com\/mavikadin\/wp-json\/wp\/v2\/posts\/138379"}],"collection":[{"href":"https:\/\/www.tgrthaber.com\/mavikadin\/wp-json\/wp\/v2\/posts"}],"about":[{"href":"https:\/\/www.tgrthaber.com\/mavikadin\/wp-json\/wp\/v2\/types\/post"}],"author":[{"embeddable":true,"href":"https:\/\/www.tgrthaber.com\/mavikadin\/wp-json\/wp\/v2\/users\/33"}],"replies":[{"embeddable":true,"href":"https:\/\/www.tgrthaber.com\/mavikadin\/wp-json\/wp\/v2\/comments?post=138379"}],"version-history":[{"count":4,"href":"https:\/\/www.tgrthaber.com\/mavikadin\/wp-json\/wp\/v2\/posts\/138379\/revisions"}],"predecessor-version":[{"id":141507,"href":"https:\/\/www.tgrthaber.com\/mavikadin\/wp-json\/wp\/v2\/posts\/138379\/revisions\/141507"}],"wp:featuredmedia":[{"embeddable":true,"href":"https:\/\/www.tgrthaber.com\/mavikadin\/wp-json\/wp\/v2\/media\/138382"}],"wp:attachment":[{"href":"https:\/\/www.tgrthaber.com\/mavikadin\/wp-json\/wp\/v2\/media?parent=138379"}],"wp:term":[{"taxonomy":"category","embeddable":true,"href":"https:\/\/www.tgrthaber.com\/mavikadin\/wp-json\/wp\/v2\/categories?post=138379"},{"taxonomy":"post_tag","embeddable":true,"href":"https:\/\/www.tgrthaber.com\/mavikadin\/wp-json\/wp\/v2\/tags?post=138379"}],"curies":[{"name":"wp","href":"https:\/\/api.w.org\/{rel}","templated":true}]}}