{"id":138406,"date":"2025-02-25T23:14:10","date_gmt":"2025-02-25T20:14:10","guid":{"rendered":"https:\/\/www.tgrthaber.com\/mavikadin\/?p=138406"},"modified":"2025-02-26T10:44:59","modified_gmt":"2025-02-26T07:44:59","slug":"kiminin-favorisi-kiminin-kabusu-sosyal-medyanin-yeni-trendi-melek-sacli-cikolata-nasil-yapilir","status":"publish","type":"post","link":"https:\/\/www.tgrthaber.com\/mavikadin\/kiminin-favorisi-kiminin-kabusu-sosyal-medyanin-yeni-trendi-melek-sacli-cikolata-nasil-yapilir\/","title":{"rendered":"Sosyal medyan\u0131n yeni trendi Melek sa\u00e7l\u0131 \u00e7ikolata nas\u0131l yap\u0131l\u0131r? Kiminin favorisi, kiminin kabusu"},"content":{"rendered":"<p class=\"p1\">Son zamanlarda sosyal medyada h\u0131zla pop\u00fclerle\u015fen ve b\u00fcy\u00fck ilgi g\u00f6ren Melek sa\u00e7l\u0131 \u00e7ikolata, ilgin\u00e7 g\u00f6r\u00fcn\u00fcm\u00fc ve benzersiz lezzetiyle tatl\u0131 severlerin dikkatini \u00e7ekiyor. Kimileri bu tarife bay\u0131l\u0131rken, kimileri i\u00e7inse olduk\u00e7a s\u0131ra d\u0131\u015f\u0131 ve al\u0131\u015f\u0131lmad\u0131k bir deneyim sunuyor. Farkl\u0131 dokusu ve hafif \u00e7\u0131t\u0131r yap\u0131s\u0131yla damaklarda unutulmaz bir tat b\u0131rakan bu tatl\u0131, \u00f6zellikle \u00e7ikolata tutkunlar\u0131n\u0131n favorileri aras\u0131na girmeye aday. Peki, Melek sa\u00e7l\u0131 \u00e7ikolata nas\u0131l yap\u0131l\u0131r? \u0130\u015fte hem g\u00f6rsel \u015f\u00f6len sunan hem de lezzetiyle konu\u015fulan bu tatl\u0131n\u0131n tarifi!<\/p>\n<h3>SOSYAL MEDYANIN YEN\u0130 TREND\u0130: MELEK SA\u00c7LI \u00c7\u0130KOLATA<\/h3>\n<p class=\"p1\">Son d\u00f6nemde Dubai \u00e7ikolatas\u0131n\u0131n pop\u00fclerli\u011fi devam ederken, sosyal medyada yeni bir tatl\u0131 trendi daha yay\u0131lmaya ba\u015flad\u0131: Melek sa\u00e7l\u0131 \u00e7ikolata. \u00d6zellikle g\u00f6z al\u0131c\u0131 pembe rengi ve zarif g\u00f6r\u00fcn\u00fcm\u00fcyle dikkat \u00e7eken bu e\u015fsiz tatl\u0131, k\u0131sa s\u00fcrede viral olmay\u0131 ba\u015fard\u0131. Bir\u00e7ok ki\u015fi, bu ilgin\u00e7 \u00e7ikolatan\u0131n nas\u0131l yap\u0131ld\u0131\u011f\u0131n\u0131 merak ediyor ve \u201cMelek sa\u00e7l\u0131 \u00e7ikolata nas\u0131l haz\u0131rlan\u0131r?\u201d sorusunun cevab\u0131n\u0131 ar\u0131yor.\u00a0 Hem lezzeti hem de estetik sunumuyla \u00f6ne \u00e7\u0131kan bu \u00f6zel \u00e7ikolata, yo\u011fun ilgi g\u00f6rmeye devam ediyor. Hafif yap\u0131s\u0131 ve ince dokusuyla tatl\u0131 severlerin ilgisini \u00e7eken Melek sa\u00e7l\u0131 \u00e7ikolata, kiminin vazge\u00e7ilmezi, kiminin ise midesini buland\u0131ran bir tat olarak ortaya \u00e7\u0131k\u0131yor. Peki, sosyal medyada b\u00fcy\u00fck ilgi g\u00f6ren bu tatl\u0131y\u0131 evde denemek m\u00fcmk\u00fcn m\u00fc? \u0130\u015fte trend haline gelen Melek sa\u00e7l\u0131 \u00e7ikolata tarifi ve detaylar\u0131!<\/p>\n<p><img loading=\"lazy\" decoding=\"async\" class=\"alignnone wp-image-138410 \" src=\"https:\/\/www.tgrthaber.com\/mavikadin\/wp-content\/uploads\/Ekran-Resmi-2025-02-25-23.05.40.png\" alt=\"\" width=\"987\" height=\"599\" title=\"\" srcset=\"https:\/\/www.tgrthaber.com\/mavikadin\/wp-content\/uploads\/Ekran-Resmi-2025-02-25-23.05.40.png 956w, https:\/\/www.tgrthaber.com\/mavikadin\/wp-content\/uploads\/Ekran-Resmi-2025-02-25-23.05.40-300x182.png 300w, https:\/\/www.tgrthaber.com\/mavikadin\/wp-content\/uploads\/Ekran-Resmi-2025-02-25-23.05.40-768x466.png 768w\" sizes=\"(max-width: 987px) 100vw, 987px\" \/><\/p>\n<hr \/>\n<h3 class=\"p1\"><b>MELEK SA\u00c7LI \u00c7\u0130KOLATA MALZEMLER\u0130<\/b><b><\/b><\/h3>\n<p class=\"p1\">200 gram beyaz \u00e7ikolata<\/p>\n<p class=\"p1\">100 gram s\u00fctl\u00fc \u00e7ikolata (iste\u011fe ba\u011fl\u0131 bitter de kullan\u0131labilir)<\/p>\n<p class=\"p1\">1 \u00e7ay barda\u011f\u0131 s\u00fct tozu<\/p>\n<p class=\"p1\">2 yemek ka\u015f\u0131\u011f\u0131 m\u0131s\u0131r ni\u015fastas\u0131<\/p>\n<p class=\"p1\">1 yemek ka\u015f\u0131\u011f\u0131 tereya\u011f\u0131<\/p>\n<p class=\"p1\">Yar\u0131m \u00e7ay barda\u011f\u0131 pudra \u015fekeri<\/p>\n<p class=\"p1\">\u0130nce do\u011franm\u0131\u015f f\u0131nd\u0131k veya badem (iste\u011fe ba\u011fl\u0131)<\/p>\n<p><img loading=\"lazy\" decoding=\"async\" class=\"alignnone wp-image-138412 \" src=\"https:\/\/www.tgrthaber.com\/mavikadin\/wp-content\/uploads\/Ekran-Resmi-2025-02-25-23.05.29.png\" alt=\"\" width=\"999\" height=\"1382\" title=\"\" srcset=\"https:\/\/www.tgrthaber.com\/mavikadin\/wp-content\/uploads\/Ekran-Resmi-2025-02-25-23.05.29.png 532w, https:\/\/www.tgrthaber.com\/mavikadin\/wp-content\/uploads\/Ekran-Resmi-2025-02-25-23.05.29-217x300.png 217w\" sizes=\"(max-width: 999px) 100vw, 999px\" \/><\/p>\n<hr \/>\n<h3 class=\"p1\"><b>MELEK SA\u00c7LI \u00c7\u0130KOLATA NASIL YAPILIR?<\/b><\/h3>\n<p class=\"p1\">Beyaz \u00e7ikolatay\u0131 benmari usul\u00fc eritin. E\u011fer farkl\u0131 bir aroma eklemek isterseniz s\u00fctl\u00fc veya bitter \u00e7ikolatay\u0131 da ekleyebilirsiniz. \u00a0Eritilmi\u015f \u00e7ikolataya s\u00fct tozu, m\u0131s\u0131r ni\u015fastas\u0131 ve pudra \u015fekerini ekleyerek iyice kar\u0131\u015ft\u0131r\u0131n. Bu a\u015famada tereya\u011f\u0131n\u0131 da ekleyip p\u00fcr\u00fczs\u00fcz bir k\u0131vam almas\u0131n\u0131 sa\u011flay\u0131n. \u00a0Haz\u0131rlad\u0131\u011f\u0131n\u0131z kar\u0131\u015f\u0131m\u0131 ince ince sa\u00e7 teli gibi olacak \u015fekilde \u00e7ekerek uzat\u0131n ve birbirine dolay\u0131n.<\/p>\n<p><img loading=\"lazy\" decoding=\"async\" class=\"alignnone wp-image-138413 \" src=\"https:\/\/www.tgrthaber.com\/mavikadin\/wp-content\/uploads\/Ekran-Resmi-2025-02-25-23.05.40-1.png\" alt=\"\" width=\"992\" height=\"602\" title=\"\" srcset=\"https:\/\/www.tgrthaber.com\/mavikadin\/wp-content\/uploads\/Ekran-Resmi-2025-02-25-23.05.40-1.png 956w, https:\/\/www.tgrthaber.com\/mavikadin\/wp-content\/uploads\/Ekran-Resmi-2025-02-25-23.05.40-1-300x182.png 300w, https:\/\/www.tgrthaber.com\/mavikadin\/wp-content\/uploads\/Ekran-Resmi-2025-02-25-23.05.40-1-768x466.png 768w\" sizes=\"(max-width: 992px) 100vw, 992px\" \/><\/p>\n<hr \/>\n<p class=\"p1\">E\u011fer klasik y\u00f6ntemle yapmak isterseniz, dondurucuya koyarak sertle\u015fmesini bekleyebilirsiniz. \u00a0\u00dczerine ince do\u011franm\u0131\u015f f\u0131nd\u0131k veya badem ekleyerek sunum yapabilirsiniz. Denemek isteyenlere \u015fimdiden afiyet olsun&#8230;<\/p>\n","protected":false},"excerpt":{"rendered":"<p>Son d\u00f6nemde sosyal medyada b\u00fcy\u00fck yank\u0131 uyand\u0131ran Melek Sa\u00e7l\u0131 \u00c7ikolata, farkl\u0131 dokusu ve estetik g\u00f6r\u00fcn\u00fcm\u00fcyle tatl\u0131 severlerin ilgisini \u00e7ekmeyi ba\u015fard\u0131. \u0130ncecik yap\u0131s\u0131 ve hafif k\u0131t\u0131rl\u0131\u011f\u0131yla damakta ho\u015f bir tat b\u0131rakan bu \u00e7ikolata, baz\u0131lar\u0131 i\u00e7in vazge\u00e7ilmez bir lezzet haline gelirken, kimileri i\u00e7in tad\u0131na bile asla bak\u0131lmamas\u0131 gereken bir deneyim sunuyor. Peli melek sa\u00e7l\u0131 \u00e7ikolata nas\u0131l yap\u0131l\u0131r? <\/p>\n","protected":false},"author":16,"featured_media":138420,"comment_status":"closed","ping_status":"closed","sticky":false,"template":"","format":"standard","meta":{"rank_math_lock_modified_date":false,"footnotes":""},"categories":[191],"tags":[12028,12027,12026],"class_list":["post-138406","post","type-post","status-publish","format-standard","has-post-thumbnail","hentry","category-yemek-tarifleri","tag-cikolata-tarifleri","tag-melek-sacli-cikolata","tag-melek-sacli-cikolata-nasil-yapilir"],"_links":{"self":[{"href":"https:\/\/www.tgrthaber.com\/mavikadin\/wp-json\/wp\/v2\/posts\/138406"}],"collection":[{"href":"https:\/\/www.tgrthaber.com\/mavikadin\/wp-json\/wp\/v2\/posts"}],"about":[{"href":"https:\/\/www.tgrthaber.com\/mavikadin\/wp-json\/wp\/v2\/types\/post"}],"author":[{"embeddable":true,"href":"https:\/\/www.tgrthaber.com\/mavikadin\/wp-json\/wp\/v2\/users\/16"}],"replies":[{"embeddable":true,"href":"https:\/\/www.tgrthaber.com\/mavikadin\/wp-json\/wp\/v2\/comments?post=138406"}],"version-history":[{"count":4,"href":"https:\/\/www.tgrthaber.com\/mavikadin\/wp-json\/wp\/v2\/posts\/138406\/revisions"}],"predecessor-version":[{"id":138649,"href":"https:\/\/www.tgrthaber.com\/mavikadin\/wp-json\/wp\/v2\/posts\/138406\/revisions\/138649"}],"wp:featuredmedia":[{"embeddable":true,"href":"https:\/\/www.tgrthaber.com\/mavikadin\/wp-json\/wp\/v2\/media\/138420"}],"wp:attachment":[{"href":"https:\/\/www.tgrthaber.com\/mavikadin\/wp-json\/wp\/v2\/media?parent=138406"}],"wp:term":[{"taxonomy":"category","embeddable":true,"href":"https:\/\/www.tgrthaber.com\/mavikadin\/wp-json\/wp\/v2\/categories?post=138406"},{"taxonomy":"post_tag","embeddable":true,"href":"https:\/\/www.tgrthaber.com\/mavikadin\/wp-json\/wp\/v2\/tags?post=138406"}],"curies":[{"name":"wp","href":"https:\/\/api.w.org\/{rel}","templated":true}]}}