{"id":138418,"date":"2025-02-25T23:51:07","date_gmt":"2025-02-25T20:51:07","guid":{"rendered":"https:\/\/www.tgrthaber.com\/mavikadin\/?p=138418"},"modified":"2025-02-25T23:51:07","modified_gmt":"2025-02-25T20:51:07","slug":"tamer-karadagli-aslen-nereli-tamer-karadaglinin-annesi-kim","status":"publish","type":"post","link":"https:\/\/www.tgrthaber.com\/mavikadin\/tamer-karadagli-aslen-nereli-tamer-karadaglinin-annesi-kim\/","title":{"rendered":"Tamer Karada\u011fl\u0131 aslen nereli? Tamer Karada\u011fl\u0131\u2019n\u0131n annesi kim?"},"content":{"rendered":"<p>Ferhunda Han\u0131mlar dizisindeki damat rol\u00fc ile oyunculu\u011fa ad\u0131m atan Tamer Karada\u011fl\u0131, \u00c7ocuklar Duymas\u0131n dizisindeki Haluk karakteri ile geni\u015f bir hedef kitleye ula\u015ft\u0131. Haluk rol\u00fcn\u00fcn Ta\u015f F\u0131r\u0131n Erke\u011fi karakterini \u00fcstlenmesi onda adeta b\u00fcy\u00fck bir etki olu\u015fturdu. 2023 y\u0131l\u0131nda Devlet Tiyatrolar\u0131 Genel M\u00fcd\u00fcrl\u00fc\u011f\u00fc\u2019ne atanan Tamer Karada\u011fl\u0131, orada yapt\u0131\u011f\u0131 de\u011fi\u015fikliklerle sinema ve dizi sekt\u00f6r\u00fcnde ses getirerek tart\u0131\u015fmalara neden olmu\u015ftu. Ge\u00e7ti\u011fimiz g\u00fcnlerde &#8220;Dracula: Bir Deh\u015fet Komedisi&#8221; oyununda giydi\u011fi kost\u00fcmle magazin g\u00fcndemine bomba gibi d\u00fc\u015fen Tamer Karada\u011fl\u0131\u2019n\u0131n hayat\u0131na dair bilgiler merak edilir oldu. Peki, Tamer Karada\u011fl\u0131 kimdir, nereli, ka\u00e7 ya\u015f\u0131nda? Tamer Karada\u011fl\u0131\u2019n\u0131n annesi kim? Tamer Karada\u011fl\u0131 hangi dizi ve filmlerde oynad\u0131?<\/p>\n<h3>TAMER KARADA\u011eLI K\u0130MD\u0130R? KA\u00c7 YA\u015eINDADIR?<\/h3>\n<p>24 May\u0131s 1967\u2019de Ankara\u2019da d\u00fcnyaya gelen Tamer Karada\u011fl\u0131, T\u00fcrk tiyatro ve sinema oyuncusu, y\u00f6netmen, seslendirme sanat\u00e7\u0131s\u0131d\u0131r. Azer\u00ee k\u00f6kene sahip olan ailesi Kars&#8217;\u0131n Sar\u0131kam\u0131\u015f il\u00e7esindendir. \u00c7ocukluk d\u00f6neminde ailesi ile birlikte Amerika Birle\u015fik Devletleri&#8217;ne g\u00f6\u00e7 eden Karada\u011fl\u0131, ilkokula orada ba\u015flad\u0131. Ailesinin T\u00fcrkiye&#8217;ye d\u00f6nmesi \u00fczerine e\u011fitimine TED Ankara Kolejinde okuyan Tamer Karada\u011fl\u0131, okulda sahnelenen Kral ve Ben oyununda yer almas\u0131 \u00fczerine oyuncu olmaya karar vermi\u015fti. Liseye ba\u015flad\u0131\u011f\u0131 d\u00f6nemde tekrardan Amerika\u2019ya d\u00f6nen Karada\u011fl\u0131, 18 ya\u015f\u0131nda T\u00fcrkiye&#8217;ye geri gelerek \u00c7ankaya Lisesini tamamland\u0131.<\/p>\n<p>Liseden mezun olduktan sonra iki y\u0131l Ankara Amerikan K\u00fclt\u00fcr Merkezi&#8217;nde \u0130ngilizce \u00f6\u011fretmenli\u011fi yapt\u0131. Oyunculu\u011fa olan tutkusu her ge\u00e7en g\u00fcn artan Tamer Karada\u011fl\u0131, tiyatro e\u011fitimi almak i\u00e7in konservatuvara gitti. \u2018Shakespeare&#8217;in Kuru G\u00fcr\u00fclt\u00fc\u2019 oyununa haz\u0131rlanarak Bilkent \u00dcniversitesi M\u00fczik ve Sahne Sanatlar\u0131 Fak\u00fcltesi Tiyatro B\u00f6l\u00fcm\u00fcne ba\u015fvurarak y\u00fcksek\u00f6\u011frenimini tamamlad\u0131.<\/p>\n<p><img loading=\"lazy\" decoding=\"async\" class=\"alignnone wp-image-138453\" src=\"https:\/\/www.tgrthaber.com\/mavikadin\/wp-content\/uploads\/tamer-karadagli-ve-annesi-300x169.jpg\" alt=\"tamer karada\u011fl\u0131 ve annesi\" width=\"1208\" height=\"680\" title=\"\" srcset=\"https:\/\/www.tgrthaber.com\/mavikadin\/wp-content\/uploads\/tamer-karadagli-ve-annesi-300x169.jpg 300w, https:\/\/www.tgrthaber.com\/mavikadin\/wp-content\/uploads\/tamer-karadagli-ve-annesi-1024x576.jpg 1024w, https:\/\/www.tgrthaber.com\/mavikadin\/wp-content\/uploads\/tamer-karadagli-ve-annesi-768x432.jpg 768w, https:\/\/www.tgrthaber.com\/mavikadin\/wp-content\/uploads\/tamer-karadagli-ve-annesi-1536x864.jpg 1536w, https:\/\/www.tgrthaber.com\/mavikadin\/wp-content\/uploads\/tamer-karadagli-ve-annesi.jpg 1920w\" sizes=\"(max-width: 1208px) 100vw, 1208px\" \/><\/p>\n<hr \/>\n<h3>TAMER KARADA\u011eLI\u2019NIN ANNES\u0130 K\u0130MD\u0130R?<\/h3>\n<p>Tamer Karada\u011fl\u0131&#8217;n\u0131n annesi Bing\u00fcl Karada\u011fl\u0131, ressaml\u0131k yapmaktad\u0131r. Ge\u00e7ti\u011fimiz y\u0131llarda Engelsiz Ya\u015fam Vakf\u0131\u2019na \u00f6zel yapt\u0131\u011f\u0131 \u2018Engelsiz Bir Ya\u015fam \u0130\u00e7in Destek Organizasyonu Gecesi&#8217;nde tablolar\u0131n\u0131 sergilemi\u015fti.<\/p>\n<p><img loading=\"lazy\" decoding=\"async\" class=\"alignnone wp-image-138461\" src=\"https:\/\/www.tgrthaber.com\/mavikadin\/wp-content\/uploads\/tamer-karadagli-kac-evlilik-yapti-kac-kizi-var-300x169.jpg\" alt=\"tamer karada\u011fl\u0131 ka\u00e7 evlilik yapt\u0131 ka\u00e7 k\u0131z\u0131 var\" width=\"1208\" height=\"680\" title=\"\" srcset=\"https:\/\/www.tgrthaber.com\/mavikadin\/wp-content\/uploads\/tamer-karadagli-kac-evlilik-yapti-kac-kizi-var-300x169.jpg 300w, https:\/\/www.tgrthaber.com\/mavikadin\/wp-content\/uploads\/tamer-karadagli-kac-evlilik-yapti-kac-kizi-var-1024x576.jpg 1024w, https:\/\/www.tgrthaber.com\/mavikadin\/wp-content\/uploads\/tamer-karadagli-kac-evlilik-yapti-kac-kizi-var-768x432.jpg 768w, https:\/\/www.tgrthaber.com\/mavikadin\/wp-content\/uploads\/tamer-karadagli-kac-evlilik-yapti-kac-kizi-var-1536x864.jpg 1536w, https:\/\/www.tgrthaber.com\/mavikadin\/wp-content\/uploads\/tamer-karadagli-kac-evlilik-yapti-kac-kizi-var.jpg 1920w\" sizes=\"(max-width: 1208px) 100vw, 1208px\" \/><\/p>\n<hr \/>\n<h3>TAMER KARADA\u011eLI KA\u00c7 KEZ EVLEND\u0130? KA\u00c7 \u00c7OCU\u011eU VAR?<\/h3>\n<p>Tamer Karada\u011fl\u0131, kendisi gibi oyuncu olan Arzu Balkan\u2019la 30 Kas\u0131m 2002&#8217;de d\u00fcnya evine girdiler. \u00c7iftin evlili\u011finden Zeyno isminde bir k\u0131z \u00e7ocuklar\u0131 var. Tamer Karada\u011fl\u0131 ve Arzu Balkan, 5 sene s\u00fcren evliliklerin ard\u0131ndan 2007 y\u0131l\u0131nda bo\u015fanma karar\u0131 alarak evliliklerini sonland\u0131rd\u0131.<\/p>\n<h3>TAMER KARADA\u011eLI\u2019NIN KAR\u0130YER\u0130<\/h3>\n<p>\u00dcnl\u00fc oyuncu Tamer Karada\u011fl\u0131, okurken ilk olarak film seslendirmeleri yapmaya ba\u015flad\u0131. Seslendirdi\u011fi oyunuclar aralar\u0131nda Clint Eastwood, Harrison Ford, George Clooney, Russell Crowe, Kevin Costner, Michael Madsen, Antonio Banderas&#8217;\u0131n bulundu\u011fu bir\u00e7ok yabanc\u0131 oyuncunun seslendirmesini \u00fcstlendi.<\/p>\n<p>1992 y\u0131l\u0131nda Ankara Devlet Tiyatrosu&#8217;nda Cahide ve Fehim Pa\u015fa Kona\u011f\u0131 m\u00fczikalleri, Dolu D\u00fc\u015f\u00fcn Bo\u015f Konu\u015f, Saat 9:05, Bir Yaz D\u00f6n\u00fcm\u00fc Gecesi R\u00fcyas\u0131, \u0130kinin Biri gibi oyunlarda tiyatroculuk y\u00f6n\u00fcn\u00fc ortaya koydu. Tamer Karada\u011fl\u0131, Ferhunde Han\u0131mlar dizisiyle tan\u0131nd\u0131. 2002 y\u0131l\u0131ndan itibaren 17 y\u0131l boyunca T\u00fcrk televizyonlar\u0131nda yay\u0131mlanan \u00c7ocuklar Duymas\u0131n adl\u0131 aile dizisinde &#8220;Ta\u015f F\u0131r\u0131n Erke\u011fi Haluk&#8221; rol\u00fcn\u00fc oynad\u0131. 11 A\u011fustos 2023 tarihinde yay\u0131mlanan cumhurba\u015fkanl\u0131\u011f\u0131 kararnamesi ile Devlet Tiyatrolar\u0131 genel m\u00fcd\u00fcrl\u00fc\u011f\u00fcne devam etmektedir.<\/p>\n<p><img loading=\"lazy\" decoding=\"async\" class=\"alignnone wp-image-138470\" src=\"https:\/\/www.tgrthaber.com\/mavikadin\/wp-content\/uploads\/tamer-karadaglinin-kariyeri-300x169.jpg\" alt=\"tamer karada\u011fl\u0131n\u0131n kariyeri\" width=\"1208\" height=\"680\" title=\"\" srcset=\"https:\/\/www.tgrthaber.com\/mavikadin\/wp-content\/uploads\/tamer-karadaglinin-kariyeri-300x169.jpg 300w, https:\/\/www.tgrthaber.com\/mavikadin\/wp-content\/uploads\/tamer-karadaglinin-kariyeri-1024x576.jpg 1024w, https:\/\/www.tgrthaber.com\/mavikadin\/wp-content\/uploads\/tamer-karadaglinin-kariyeri-768x432.jpg 768w, https:\/\/www.tgrthaber.com\/mavikadin\/wp-content\/uploads\/tamer-karadaglinin-kariyeri-1536x864.jpg 1536w, https:\/\/www.tgrthaber.com\/mavikadin\/wp-content\/uploads\/tamer-karadaglinin-kariyeri.jpg 1920w\" sizes=\"(max-width: 1208px) 100vw, 1208px\" \/><\/p>\n<hr \/>\n<h3>TAMER KARADA\u011eLI\u2019NIN OYNADI\u011eI D\u0130Z\u0130 VE F\u0130LMLER<\/h3>\n<p><strong>Film<\/strong><\/p>\n<ul>\n<li>2003 Bir Tutam Baharat &#8211; Mustafa<\/li>\n<li>2005 Beyza&#8217;n\u0131n Kad\u0131nlar\u0131 &#8211; Fatih<\/li>\n<li>\u015eans Kap\u0131y\u0131 K\u0131r\u0131nca &#8211; Pilot<\/li>\n<li>2007 Bayrampa\u015fa: Ben Fazla Kalmayaca\u011f\u0131m -Polis<\/li>\n<li>Living &amp; Dying Duca<\/li>\n<li>2009 Suluboya<\/li>\n<li>2010 Memlekette Demokrasi Var &#8211; Kaymakam<\/li>\n<li>2012 S\u00fcper T\u00fcrk &#8211; Ekber<\/li>\n<li>T\u00fcrk Suikast\u00e7\u0131 Alina<\/li>\n<li>2016 Pamuk Prens &#8211; Tamer<\/li>\n<li>2017 Sinyalciler: Son Ak\u015fam Yeme\u011fi<\/li>\n<li>2018 B\u00f6r\u00fc\u00a0\u00a0\u00a0\u00a0\u00a0 Seslendirme (Mustafa Kemal Atat\u00fcrk)<\/li>\n<li>2023 Ser\u00e7enin G\u00f6zya\u015f\u0131 &#8211; Hakim Bey<\/li>\n<\/ul>\n<p><strong>Dizi<\/strong><\/p>\n<ul>\n<li>1993 Ferhunde Han\u0131mlar &#8211; Sel\u00e7uk<\/li>\n<li>1999 Babam Olur Musun- Erol<\/li>\n<li>1999 Demir Leblebi<\/li>\n<li>2000 \u015ea\u015f\u0131felek \u00c7\u0131kmaz\u0131 &#8211; Timur<\/li>\n<li>2000 Sar\u0131 Evin Esrar\u0131 &#8211; Do\u011fan<\/li>\n<li>2000 Art\u0131k Sevmeyece\u011fim &#8211; Kemal<\/li>\n<li>2001 Nas\u0131l Evde Kald\u0131m &#8211; Haldun<\/li>\n<li>2002 En Son Babalar Duyar &#8211; G\u00f6r\u00fcc\u00fc (Konuk oyuncu 1. b\u00f6l\u00fcm)<\/li>\n<li>2002-2019 \u00c7ocuklar Duymas\u0131n &#8211; Abidin Haluk \u00c7etino\u011flu<\/li>\n<li>2002 Reyting Hamdi &#8211; Okul M\u00fcd\u00fcr\u00fc<\/li>\n<li>2004-2005 \u00c7ocuklar Ne Olacak &#8211; Haluk<\/li>\n<li>2004-2006 Ya\u011fmur Zaman\u0131 &#8211;\u00a0 F\u0131rat \u00c7a\u011flar<\/li>\n<li>2006 Hayat\u0131m Sana Feda &#8211; Levent Ba\u015faran<\/li>\n<li>2006 Arka Sokaklar &#8211; Sivil Polis (Konuk oyuncu, 14. b\u00f6l\u00fcm)<\/li>\n<li>2007 Doktorlar<\/li>\n<li>Fedai Emin Bora<\/li>\n<li>2008 Karamel &#8211; \u00c7ayc\u0131<\/li>\n<li>2008 Kiral\u0131k Oda<\/li>\n<li>2008 Son A\u011fa &#8211; Salim A\u011fa Ba\u011fc\u0131o\u011flu<\/li>\n<li>2009 Avrupa Yakas\u0131 &#8211; Sivil Polis (Konuk oyuncu, 190. b\u00f6l\u00fcm)<\/li>\n<li>2009 Ah Kalbim -Kamuran<\/li>\n<li>2009 Alt\u0131n K\u0131zlar &#8211; Konuk oyuncu<\/li>\n<li>2011 Ad\u0131m Bayram &#8211; Bayram<\/li>\n<li>2012 Acayip Hikayeler &#8211; Yakup<\/li>\n<li>2019 Sevdim Seni Bir Kere-\u00a0 Yard\u0131mc\u0131 Komiser<\/li>\n<li>2021 Sava\u015f\u00e7\u0131\u00a0 &#8211; Albay Oktay G\u00f6kt\u00fcrk\/Uzi<\/li>\n<\/ul>\n","protected":false},"excerpt":{"rendered":"<p>Devlet Tiyatrolar\u0131 Genel M\u00fcd\u00fcr\u00fc Tamer Karada\u011fl\u0131, Ankara ve \u0130stanbul Devlet Tiyatrosu ortak projesi &#8220;Dracula: Bir Deh\u015fet Komedisi&#8221; oyunundaki Dracula kost\u00fcm\u00fc ile oyunculu\u011funu bir kez daha g\u00f6zler \u00f6n\u00fcne serdi.  Peki, Tamer Karada\u011fl\u0131 kimdir, nereli, ka\u00e7 ya\u015f\u0131nda? Tamer Karada\u011fl\u0131\u2019n\u0131n annesi kim? Tamer Karada\u011fl\u0131 hangi dizi ve filmlerde oynad\u0131?<\/p>\n","protected":false},"author":10,"featured_media":138477,"comment_status":"closed","ping_status":"closed","sticky":false,"template":"","format":"standard","meta":{"rank_math_lock_modified_date":false,"footnotes":""},"categories":[491],"tags":[3374,12045,12047,12046],"class_list":["post-138418","post","type-post","status-publish","format-standard","has-post-thumbnail","hentry","category-biyografi","tag-biyografi","tag-tamer-karadagli","tag-tamer-karadagli-annesi-kim","tag-tamer-karadagli-kimdir"],"_links":{"self":[{"href":"https:\/\/www.tgrthaber.com\/mavikadin\/wp-json\/wp\/v2\/posts\/138418"}],"collection":[{"href":"https:\/\/www.tgrthaber.com\/mavikadin\/wp-json\/wp\/v2\/posts"}],"about":[{"href":"https:\/\/www.tgrthaber.com\/mavikadin\/wp-json\/wp\/v2\/types\/post"}],"author":[{"embeddable":true,"href":"https:\/\/www.tgrthaber.com\/mavikadin\/wp-json\/wp\/v2\/users\/10"}],"replies":[{"embeddable":true,"href":"https:\/\/www.tgrthaber.com\/mavikadin\/wp-json\/wp\/v2\/comments?post=138418"}],"version-history":[{"count":1,"href":"https:\/\/www.tgrthaber.com\/mavikadin\/wp-json\/wp\/v2\/posts\/138418\/revisions"}],"predecessor-version":[{"id":138478,"href":"https:\/\/www.tgrthaber.com\/mavikadin\/wp-json\/wp\/v2\/posts\/138418\/revisions\/138478"}],"wp:featuredmedia":[{"embeddable":true,"href":"https:\/\/www.tgrthaber.com\/mavikadin\/wp-json\/wp\/v2\/media\/138477"}],"wp:attachment":[{"href":"https:\/\/www.tgrthaber.com\/mavikadin\/wp-json\/wp\/v2\/media?parent=138418"}],"wp:term":[{"taxonomy":"category","embeddable":true,"href":"https:\/\/www.tgrthaber.com\/mavikadin\/wp-json\/wp\/v2\/categories?post=138418"},{"taxonomy":"post_tag","embeddable":true,"href":"https:\/\/www.tgrthaber.com\/mavikadin\/wp-json\/wp\/v2\/tags?post=138418"}],"curies":[{"name":"wp","href":"https:\/\/api.w.org\/{rel}","templated":true}]}}