{"id":138913,"date":"2025-02-26T19:15:00","date_gmt":"2025-02-26T16:15:00","guid":{"rendered":"https:\/\/www.tgrthaber.com\/mavikadin\/?p=138913"},"modified":"2025-02-26T19:17:18","modified_gmt":"2025-02-26T16:17:18","slug":"dehanin-karahan-dogani-ertan-saban-kimdir-yasi-memleketi-merak-edildi","status":"publish","type":"post","link":"https:\/\/www.tgrthaber.com\/mavikadin\/dehanin-karahan-dogani-ertan-saban-kimdir-yasi-memleketi-merak-edildi\/","title":{"rendered":"Deha&#8217;n\u0131n Karahan Do\u011fan&#8217;\u0131 Ertan Saban kimdir? Ya\u015f\u0131, memleketi merak edildi!"},"content":{"rendered":"<p class=\"p1\">SHOW TV\u2019nin ilgiyle takip edilen dizisi Deha, yeni b\u00f6l\u00fcmleriyle izleyicileri ekran ba\u015f\u0131na toplamaya devam ediyor. Pazar ak\u015famlar\u0131n\u0131n en \u00e7ok konu\u015fulan yap\u0131mlar\u0131ndan biri haline gelen dizi, son b\u00f6l\u00fcm\u00fcyle b\u00fcy\u00fck ses getirmi\u015fti. Dizinin aksiyon dolu sahneleri dikkat \u00e7ekerken, oyuncu kadrosu da g\u00fc\u00e7lenmeye devam ediyor. Son olarak usta oyuncu Ertan Saban, Karahan Do\u011fan karakteriyle ekibe konuk oyuncu olarak kat\u0131ld\u0131. Saban\u2019\u0131n etkileyici performans\u0131 sonras\u0131 izleyiciler, \u00fcnl\u00fc oyuncunun hayat\u0131n\u0131 ara\u015ft\u0131rmaya ba\u015flad\u0131. Peki, Ertan Saban kimdir, ka\u00e7 ya\u015f\u0131nda? \u0130\u015fte detaylar\u2026<\/p>\n<h3>DEHA&#8217;NIN KARAHAN DO\u011eAN&#8217;I ERTAN SABAN K\u0130MD\u0130R?<\/h3>\n<p class=\"p1\">T\u00fcrk as\u0131ll\u0131 Makedon oyuncu Ertan Saban, ba\u015far\u0131l\u0131 kariyeri ve g\u00fc\u00e7l\u00fc performanslar\u0131yla televizyon ve sinema d\u00fcnyas\u0131nda \u00f6nemli bir yer edinmi\u015ftir. 4 Aral\u0131k 1977\u2019de \u00dcsk\u00fcp\u2019te do\u011fan Saban, Makedonya Devlet Konservatuvar\u0131 Tiyatro B\u00f6l\u00fcm\u00fc\u2019nden mezun oldu ve sahne sanatlar\u0131na olan ilgisini profesyonel bir kariyere d\u00f6n\u00fc\u015ft\u00fcrd\u00fc. Mezuniyetinin ard\u0131ndan uzun y\u0131llar Makedonya T\u00fcrk Tiyatrosu\u2019nda sahne ald\u0131. Burada karde\u015fi Erman Saban ve Luran Ahmeti ile birlikte \u00e7e\u015fitli tiyatro oyunlar\u0131nda yer ald\u0131. T\u00fcrkiye\u2019ye gelerek oyunculuk kariyerine devam eden Saban, k\u0131sa s\u00fcrede televizyon d\u00fcnyas\u0131nda kendini kan\u0131tlad\u0131.<\/p>\n<p><img loading=\"lazy\" decoding=\"async\" class=\"alignnone wp-image-138914 size-large\" src=\"https:\/\/www.tgrthaber.com\/mavikadin\/wp-content\/uploads\/Ertan-Sabanin-yeni-dizisi-belli-oldu-\u2018Dehaya-konuk-oyuncu-olarak-katiliyor-1-1024x576.png\" alt=\"\" width=\"1024\" height=\"576\" title=\"\" srcset=\"https:\/\/www.tgrthaber.com\/mavikadin\/wp-content\/uploads\/Ertan-Sabanin-yeni-dizisi-belli-oldu-\u2018Dehaya-konuk-oyuncu-olarak-katiliyor-1-1024x576.png 1024w, https:\/\/www.tgrthaber.com\/mavikadin\/wp-content\/uploads\/Ertan-Sabanin-yeni-dizisi-belli-oldu-\u2018Dehaya-konuk-oyuncu-olarak-katiliyor-1-300x169.png 300w, https:\/\/www.tgrthaber.com\/mavikadin\/wp-content\/uploads\/Ertan-Sabanin-yeni-dizisi-belli-oldu-\u2018Dehaya-konuk-oyuncu-olarak-katiliyor-1-768x432.png 768w, https:\/\/www.tgrthaber.com\/mavikadin\/wp-content\/uploads\/Ertan-Sabanin-yeni-dizisi-belli-oldu-\u2018Dehaya-konuk-oyuncu-olarak-katiliyor-1-1536x864.png 1536w, https:\/\/www.tgrthaber.com\/mavikadin\/wp-content\/uploads\/Ertan-Sabanin-yeni-dizisi-belli-oldu-\u2018Dehaya-konuk-oyuncu-olarak-katiliyor-1.png 1920w\" sizes=\"(max-width: 1024px) 100vw, 1024px\" \/><\/p>\n<hr \/>\n<p class=\"p1\">Ertan Saban\u2019\u0131n T\u00fcrkiye\u2019deki ilk \u00f6nemli televizyon projesi, 2003 y\u0131l\u0131nda yay\u0131nlanan \u201cSultan Makam\u0131\u201d dizisi oldu. Bu yap\u0131mda sergiledi\u011fi performans, onun oyunculuk yetene\u011fini geni\u015f kitlelere tan\u0131tt\u0131. Daha sonra Elveda Rumeli dizisinde oynad\u0131\u011f\u0131\u00a0 Aleks karakteri, onu daha da pop\u00fcler hale getirdi. Ba\u015far\u0131l\u0131 oyuncu, Kurtlar Vadisi Pusu, Sakarya F\u0131rat, Sa\u011f\u0131r Oda, Mutlu Ol Yeter ve Gelsin Hayat Bildi\u011fi Gibi gibi pek \u00e7ok pop\u00fcler dizide rol ald\u0131. 2022-2023 y\u0131llar\u0131 aras\u0131nda Show TV\u2019de yay\u0131mlanan \u201cGelsin Hayat Bildi\u011fi Gibi\u201d dizisinde de \u00f6nemli bir karakteri oynad\u0131.<\/p>\n<p><img loading=\"lazy\" decoding=\"async\" class=\"alignnone wp-image-138915 \" src=\"https:\/\/www.tgrthaber.com\/mavikadin\/wp-content\/uploads\/Ekran-Resmi-2025-02-26-19.11.44.png\" alt=\"\" width=\"997\" height=\"585\" title=\"\" srcset=\"https:\/\/www.tgrthaber.com\/mavikadin\/wp-content\/uploads\/Ekran-Resmi-2025-02-26-19.11.44.png 954w, https:\/\/www.tgrthaber.com\/mavikadin\/wp-content\/uploads\/Ekran-Resmi-2025-02-26-19.11.44-300x176.png 300w, https:\/\/www.tgrthaber.com\/mavikadin\/wp-content\/uploads\/Ekran-Resmi-2025-02-26-19.11.44-768x451.png 768w\" sizes=\"(max-width: 997px) 100vw, 997px\" \/><\/p>\n<hr \/>\n<p class=\"p1\">Ertan Saban, televizyon dizilerindeki ba\u015far\u0131s\u0131n\u0131 sinema projeleriyle de destekledi.\u00a0 G\u00f6lgesizler, Ba\u015fka Semtin \u00c7ocuklar\u0131 ve Limonata gibi yap\u0131mlarda ba\u015far\u0131l\u0131 performanslar sergileyerek, sinema izleyicisinin de be\u011fenisini kazand\u0131.<\/p>\n<h3 class=\"p1\"><b>ERTAN SABAN EVL\u0130 M\u0130?<\/b><\/h3>\n<p class=\"p1\">2009 y\u0131l\u0131nda ilk e\u015fi \u0130nci Saban\u2019\u0131 kanser nedeniyle kaybeden Ertan Saban, 3 Haziran 2016\u2019da oyuncu Ebru \u00d6zkan ile evlendi. 2007 y\u0131l\u0131nda, Malt grubunun \u201cDeprem\u201d adl\u0131 \u015fark\u0131s\u0131n\u0131n klibinde Demet Evgar ile birlikte rol ald\u0131.<\/p>\n<p><img loading=\"lazy\" decoding=\"async\" class=\"alignnone wp-image-138916 \" src=\"https:\/\/www.tgrthaber.com\/mavikadin\/wp-content\/uploads\/Ekran-Resmi-2025-02-26-19.11.38.png\" alt=\"\" width=\"994\" height=\"579\" title=\"\" srcset=\"https:\/\/www.tgrthaber.com\/mavikadin\/wp-content\/uploads\/Ekran-Resmi-2025-02-26-19.11.38.png 924w, https:\/\/www.tgrthaber.com\/mavikadin\/wp-content\/uploads\/Ekran-Resmi-2025-02-26-19.11.38-300x175.png 300w, https:\/\/www.tgrthaber.com\/mavikadin\/wp-content\/uploads\/Ekran-Resmi-2025-02-26-19.11.38-768x447.png 768w\" sizes=\"(max-width: 994px) 100vw, 994px\" \/><\/p>\n<hr \/>\n<p class=\"p1\">Ba\u015far\u0131l\u0131 oyuncu, dizi ve sinema projelerinde karakterlere katt\u0131\u011f\u0131 etkileyici oyunculuk performans\u0131yla dikkat \u00e7ekmeye devam ediyor. T\u00fcrkiye ve Balkan sinemas\u0131n\u0131n g\u00fc\u00e7l\u00fc isimlerinden biri olarak, kariyerine h\u0131z kesmeden devam eden Saban, oyunculuk alan\u0131ndaki yetkinli\u011fiyle ve her projedeki ba\u015far\u0131l\u0131 oyunculu\u011fuyla dikkat \u00e7ekmeyi ba\u015far\u0131yor.<\/p>\n","protected":false},"excerpt":{"rendered":"<p>SHOW TV\u2019nin b\u00fcy\u00fck ilgi g\u00f6ren dizisi Deha, yeni b\u00f6l\u00fcmleriyle seyircileri ekrana kilitlemeye devam ediyor. Pazar ak\u015famlar\u0131n\u0131n en \u00e7ok konu\u015fulan yap\u0131mlar\u0131ndan biri olan dizi, son b\u00f6l\u00fcm\u00fcyle b\u00fcy\u00fck yank\u0131 uyand\u0131rd\u0131. Aksiyon dolu sahneleriyle dikkat \u00e7eken yap\u0131m, oyuncu kadrosunu da geni\u015fletiyor. Son olarak Ertan Saban, Karahan Do\u011fan karakteriyle konuk oyuncu olarak diziye kat\u0131ld\u0131. Ba\u015far\u0131l\u0131 oyuncunun performans\u0131 izleyicilerden tam not al\u0131rken, hayat\u0131 ve kariyeri de merak konusu oldu. Peki, Ertan Saban kimdir, ka\u00e7 ya\u015f\u0131nda? \u0130\u015fte detaylar\u2026<\/p>\n","protected":false},"author":16,"featured_media":138917,"comment_status":"closed","ping_status":"closed","sticky":false,"template":"","format":"standard","meta":{"rank_math_lock_modified_date":false,"footnotes":""},"categories":[491],"tags":[12149,12145,12148],"class_list":["post-138913","post","type-post","status-publish","format-standard","has-post-thumbnail","hentry","category-biyografi","tag-deha-karahan-dogan-ertan-saban","tag-ertan-saban-kimdir","tag-ertan-saban-memleketi"],"_links":{"self":[{"href":"https:\/\/www.tgrthaber.com\/mavikadin\/wp-json\/wp\/v2\/posts\/138913"}],"collection":[{"href":"https:\/\/www.tgrthaber.com\/mavikadin\/wp-json\/wp\/v2\/posts"}],"about":[{"href":"https:\/\/www.tgrthaber.com\/mavikadin\/wp-json\/wp\/v2\/types\/post"}],"author":[{"embeddable":true,"href":"https:\/\/www.tgrthaber.com\/mavikadin\/wp-json\/wp\/v2\/users\/16"}],"replies":[{"embeddable":true,"href":"https:\/\/www.tgrthaber.com\/mavikadin\/wp-json\/wp\/v2\/comments?post=138913"}],"version-history":[{"count":2,"href":"https:\/\/www.tgrthaber.com\/mavikadin\/wp-json\/wp\/v2\/posts\/138913\/revisions"}],"predecessor-version":[{"id":138919,"href":"https:\/\/www.tgrthaber.com\/mavikadin\/wp-json\/wp\/v2\/posts\/138913\/revisions\/138919"}],"wp:featuredmedia":[{"embeddable":true,"href":"https:\/\/www.tgrthaber.com\/mavikadin\/wp-json\/wp\/v2\/media\/138917"}],"wp:attachment":[{"href":"https:\/\/www.tgrthaber.com\/mavikadin\/wp-json\/wp\/v2\/media?parent=138913"}],"wp:term":[{"taxonomy":"category","embeddable":true,"href":"https:\/\/www.tgrthaber.com\/mavikadin\/wp-json\/wp\/v2\/categories?post=138913"},{"taxonomy":"post_tag","embeddable":true,"href":"https:\/\/www.tgrthaber.com\/mavikadin\/wp-json\/wp\/v2\/tags?post=138913"}],"curies":[{"name":"wp","href":"https:\/\/api.w.org\/{rel}","templated":true}]}}