{"id":138981,"date":"2025-02-26T22:18:21","date_gmt":"2025-02-26T19:18:21","guid":{"rendered":"https:\/\/www.tgrthaber.com\/mavikadin\/?p=138981"},"modified":"2025-02-26T22:18:21","modified_gmt":"2025-02-26T19:18:21","slug":"prens-dizisi-ekibinden-heyecanlandiran-paylasim-prens-3-sezon-ne-zaman-cikacak","status":"publish","type":"post","link":"https:\/\/www.tgrthaber.com\/mavikadin\/prens-dizisi-ekibinden-heyecanlandiran-paylasim-prens-3-sezon-ne-zaman-cikacak\/","title":{"rendered":"Prens dizisi ekibinden heyecanland\u0131ran payla\u015f\u0131m! Prens 3. sezon ne zaman \u00e7\u0131kacak?"},"content":{"rendered":"<p>BluTV&#8217;de yay\u0131nlanan ekranlar\u0131n fenomen dizisi Prens&#8217;in 3. sezonunun ne zaman yay\u0131nlanaca\u011f\u0131 merak konusu oldu. Senaryosunu Giray Alt\u0131nok ve Kerem \u00d6zdo\u011fan\u2019\u0131n kaleme ald\u0131\u011f\u0131 Prens dizisinin yeni sezonuna ili\u015fkin yeni bir geli\u015fme ya\u015fand\u0131. Peki Prens 3. sezon ne zaman yay\u0131nlanacak?<\/p>\n<h3>PRENS D\u0130Z\u0130S\u0130 EK\u0130B\u0130NDEN HEYECANLANDIRAN PAYLA\u015eIM<\/h3>\n<p>Yay\u0131n hayat\u0131na girdi\u011fi tarihten itibaren bir\u00e7ok izleyici taraf\u0131ndan ilgiyle ve heyecanla takip edilen Prens dizisinin yeni sezonunun ne zaman \u00e7\u0131kaca\u011f\u0131 s\u0131k s\u0131k g\u00fcndeme geliyordu. Dizinin oyuncular\u0131, sosyal medya hesaplar\u0131ndan konuya ili\u015fkin bir payla\u015f\u0131mda bulundular.<\/p>\n<p><img loading=\"lazy\" decoding=\"async\" class=\"alignnone wp-image-138994\" src=\"https:\/\/www.tgrthaber.com\/mavikadin\/wp-content\/uploads\/giray-altinok-1-300x169.jpg\" alt=\"\" width=\"1280\" height=\"720\" title=\"\" srcset=\"https:\/\/www.tgrthaber.com\/mavikadin\/wp-content\/uploads\/giray-altinok-1-300x169.jpg 300w, https:\/\/www.tgrthaber.com\/mavikadin\/wp-content\/uploads\/giray-altinok-1-1024x576.jpg 1024w, https:\/\/www.tgrthaber.com\/mavikadin\/wp-content\/uploads\/giray-altinok-1-768x432.jpg 768w, https:\/\/www.tgrthaber.com\/mavikadin\/wp-content\/uploads\/giray-altinok-1.jpg 1280w\" sizes=\"(max-width: 1280px) 100vw, 1280px\" \/><\/p>\n<hr \/>\n<p>Prens dizisi oyuncular\u0131 3. sezonun \u00e7ekimlerinin bitti\u011fini bir sosyal medya g\u00f6nderisiyle duyurdular. G\u00f6r\u00fcnt\u00fclerde sezon \u00e7ekimlerinin bitmesi sonras\u0131 oyuncular Kaptan Van Dijk \u015fark\u0131s\u0131 e\u015fli\u011finde kutlama yapt\u0131lar. \u00c7ekimleri biten dizinin yeni sezonunun ne zaman yay\u0131nlanaca\u011f\u0131 ara\u015ft\u0131r\u0131lan konular aras\u0131nda yer ald\u0131.<\/p>\n<h3>PRENS 3. SEZON NE ZAMAN \u00c7IKACAK?<\/h3>\n<p>Herkesin merakla bekledi\u011fi BluTV&#8217;nin fenomen dizisi Prens&#8217;in 3. sezonunun ne zaman \u00e7\u0131kaca\u011f\u0131na ili\u015fkin meraklar artarken ge\u00e7ti\u011fimiz aylarca, dizinin ba\u015frol oyuncusu Giray Alt\u0131nok, sosyal medya hesab\u0131ndan payla\u015f\u0131m yapm\u0131\u015ft\u0131.<\/p>\n<p><img loading=\"lazy\" decoding=\"async\" class=\"alignnone wp-image-138995\" src=\"https:\/\/www.tgrthaber.com\/mavikadin\/wp-content\/uploads\/prens-giray-altinok-300x169.webp\" alt=\"\" width=\"1280\" height=\"720\" title=\"\" srcset=\"https:\/\/www.tgrthaber.com\/mavikadin\/wp-content\/uploads\/prens-giray-altinok-300x169.webp 300w, https:\/\/www.tgrthaber.com\/mavikadin\/wp-content\/uploads\/prens-giray-altinok-1024x576.webp 1024w, https:\/\/www.tgrthaber.com\/mavikadin\/wp-content\/uploads\/prens-giray-altinok-768x432.webp 768w, https:\/\/www.tgrthaber.com\/mavikadin\/wp-content\/uploads\/prens-giray-altinok.webp 1280w\" sizes=\"(max-width: 1280px) 100vw, 1280px\" \/><\/p>\n<hr \/>\n<p>Alt\u0131nok, 3. sezona ili\u015fkin yapt\u0131\u011f\u0131 payla\u015f\u0131mda, dizinin yeni sezonunun Nisan ay\u0131 gibi \u00e7\u0131kaca\u011f\u0131n\u0131 belirtmi\u015fti. Dizinin yeni sezonunun ne zaman yay\u0131nlanaca\u011f\u0131na dair net bir tarih bulunmuyor.<\/p>\n<h3>3. SEZONDA PRENS&#8217;E YEN\u0130 OYUNCULAR DAH\u0130L OLUYOR<\/h3>\n<p>G\u00fc\u00e7l\u00fc kadrosu ve senaryosuyla Prens dizisi, ad\u0131ndan s\u0131kl\u0131kla s\u00f6z ettiren yap\u0131mlar aras\u0131nda yer al\u0131yor. BluTV&#8217;nin be\u011feniyle takip edilen komedi dizisi Prens&#8217;in 3. sezon \u00e7ekimleri tamamland\u0131.<\/p>\n<p><img loading=\"lazy\" decoding=\"async\" class=\"alignnone wp-image-138997\" src=\"https:\/\/www.tgrthaber.com\/mavikadin\/wp-content\/uploads\/prens-oyuncular-300x169.webp\" alt=\"\" width=\"1280\" height=\"720\" title=\"\" srcset=\"https:\/\/www.tgrthaber.com\/mavikadin\/wp-content\/uploads\/prens-oyuncular-300x169.webp 300w, https:\/\/www.tgrthaber.com\/mavikadin\/wp-content\/uploads\/prens-oyuncular-1024x576.webp 1024w, https:\/\/www.tgrthaber.com\/mavikadin\/wp-content\/uploads\/prens-oyuncular-768x432.webp 768w, https:\/\/www.tgrthaber.com\/mavikadin\/wp-content\/uploads\/prens-oyuncular.webp 1280w\" sizes=\"(max-width: 1280px) 100vw, 1280px\" \/><\/p>\n<hr \/>\n<p>Yeni sezonda Osmanl\u0131 Devleti&#8217;nin de konu edilece\u011fi diziye yeni isimler de dahil oldu. Dizinin 3. sezonunda gen\u00e7 ya\u015f\u0131na ra\u011fmen ba\u015far\u0131l\u0131 performans\u0131yla \u00f6ne \u00e7\u0131kan Bar\u0131\u015f Dakak, Fatih Sultan Mehmet karakterini oynayacak. Usta oyuncu Binnur Kaya ise dizinin yeni sezonunda Venedik Krali\u00e7esi rol\u00fcyle ekranlarda olacak.<\/p>\n<p><img loading=\"lazy\" decoding=\"async\" class=\"alignnone wp-image-138998\" src=\"https:\/\/www.tgrthaber.com\/mavikadin\/wp-content\/uploads\/prens-1-300x169.jpg\" alt=\"\" width=\"1280\" height=\"720\" title=\"\" srcset=\"https:\/\/www.tgrthaber.com\/mavikadin\/wp-content\/uploads\/prens-1-300x169.jpg 300w, https:\/\/www.tgrthaber.com\/mavikadin\/wp-content\/uploads\/prens-1-1024x576.jpg 1024w, https:\/\/www.tgrthaber.com\/mavikadin\/wp-content\/uploads\/prens-1-768x432.jpg 768w, https:\/\/www.tgrthaber.com\/mavikadin\/wp-content\/uploads\/prens-1.jpg 1280w\" sizes=\"(max-width: 1280px) 100vw, 1280px\" \/><\/p>\n<hr \/>\n<p>Prens&#8217;in 3. sezonunda Burcu \u00d6zberk, &#8220;Prens\u2019in k\u0131z karde\u015fi&#8221; rol\u00fcyle, Yi\u011fit \u00d6z\u015fener &#8220;Macar komutan&#8221; rol\u00fcyle, Tansu Bi\u00e7er &#8220;Senat\u00f6r&#8221; rol\u00fcyle, Mustafa K\u0131rantepe &#8220;Za\u011fanos Pa\u015fa&#8221; rol\u00fcyle ve Orhan Alkaya &#8220;Ak\u015femseddin&#8221; rol\u00fcyle diziye dahil olacak.<\/p>\n","protected":false},"excerpt":{"rendered":"<p>Bir\u00e7ok ki\u015finin heyecanla bekledi\u011fi BluTV&#8217;nin fenomen dizisi Prens&#8217;in 3. sezonuna ili\u015fkin heyecanland\u0131ran bir geli\u015fme ya\u015fand\u0131. Prens dizisi oyuncular\u0131, dizinin 3. sezon \u00e7ekimlerinin bitmesinin ard\u0131ndan Kaptan Van Dijk \u015fark\u0131s\u0131 e\u015fli\u011finde kutlama yapt\u0131. Peki Prens 3. sezon ne zaman yay\u0131nlanacak?<\/p>\n","protected":false},"author":33,"featured_media":138996,"comment_status":"closed","ping_status":"closed","sticky":false,"template":"","format":"standard","meta":{"rank_math_lock_modified_date":false,"footnotes":""},"categories":[602],"tags":[9194,12171,12170,12172],"class_list":["post-138981","post","type-post","status-publish","format-standard","has-post-thumbnail","hentry","category-diziler","tag-prens-3-sezon-ne-zaman","tag-prens-3-sezon-yeni-oyuncular","tag-prens-dizisi-oyunculari","tag-prens-nerede-yayinlaniyor"],"_links":{"self":[{"href":"https:\/\/www.tgrthaber.com\/mavikadin\/wp-json\/wp\/v2\/posts\/138981"}],"collection":[{"href":"https:\/\/www.tgrthaber.com\/mavikadin\/wp-json\/wp\/v2\/posts"}],"about":[{"href":"https:\/\/www.tgrthaber.com\/mavikadin\/wp-json\/wp\/v2\/types\/post"}],"author":[{"embeddable":true,"href":"https:\/\/www.tgrthaber.com\/mavikadin\/wp-json\/wp\/v2\/users\/33"}],"replies":[{"embeddable":true,"href":"https:\/\/www.tgrthaber.com\/mavikadin\/wp-json\/wp\/v2\/comments?post=138981"}],"version-history":[{"count":1,"href":"https:\/\/www.tgrthaber.com\/mavikadin\/wp-json\/wp\/v2\/posts\/138981\/revisions"}],"predecessor-version":[{"id":138999,"href":"https:\/\/www.tgrthaber.com\/mavikadin\/wp-json\/wp\/v2\/posts\/138981\/revisions\/138999"}],"wp:featuredmedia":[{"embeddable":true,"href":"https:\/\/www.tgrthaber.com\/mavikadin\/wp-json\/wp\/v2\/media\/138996"}],"wp:attachment":[{"href":"https:\/\/www.tgrthaber.com\/mavikadin\/wp-json\/wp\/v2\/media?parent=138981"}],"wp:term":[{"taxonomy":"category","embeddable":true,"href":"https:\/\/www.tgrthaber.com\/mavikadin\/wp-json\/wp\/v2\/categories?post=138981"},{"taxonomy":"post_tag","embeddable":true,"href":"https:\/\/www.tgrthaber.com\/mavikadin\/wp-json\/wp\/v2\/tags?post=138981"}],"curies":[{"name":"wp","href":"https:\/\/api.w.org\/{rel}","templated":true}]}}