{"id":139280,"date":"2025-02-27T13:03:47","date_gmt":"2025-02-27T10:03:47","guid":{"rendered":"https:\/\/www.tgrthaber.com\/mavikadin\/?p=139280"},"modified":"2025-02-27T13:03:47","modified_gmt":"2025-02-27T10:03:47","slug":"cocuk-doktoru-ulku-yilmazdan-kres-cocuklari-ailelerine-oneriler-cocugumun-bagisiklik-sistemi-mi-zayif","status":"publish","type":"post","link":"https:\/\/www.tgrthaber.com\/mavikadin\/cocuk-doktoru-ulku-yilmazdan-kres-cocuklari-ailelerine-oneriler-cocugumun-bagisiklik-sistemi-mi-zayif\/","title":{"rendered":"\u00c7ocuk Doktoru \u00dclk\u00fc Y\u0131lmaz\u2019dan kre\u015f \u00e7ocuklar\u0131 ailelerine \u00f6neriler! &#8216;\u00c7ocu\u011fumun ba\u011f\u0131\u015f\u0131kl\u0131k sistemi mi zay\u0131f?&#8217;"},"content":{"rendered":"<p>\u00c7ocuklar\u0131n\u0131n kre\u015fe ya da anaokuluna ba\u015flad\u0131ktan sonra s\u0131k hastalanmas\u0131, bir\u00e7ok ailenin en b\u00fcy\u00fck kayg\u0131lar\u0131ndan biri haline geliyor. Ebeveynler genellikle &#8220;\u00c7ocu\u011fumun ba\u011f\u0131\u015f\u0131kl\u0131k sistemi mi zay\u0131f?&#8221; diye endi\u015felenirken, asl\u0131nda bu durumun do\u011fal bir s\u00fcre\u00e7 oldu\u011funu belirten \u00d6zel \u00dcmit Vi\u015fnelik Hastanesi \u00c7ocuk Doktoru Uzm. Dr. \u00dclk\u00fc Korkmaz, \u00e7ocuklar\u0131n s\u0131k hastalanmas\u0131n\u0131n nedenleri ve al\u0131nabilecek \u00f6nlemler hakk\u0131nda \u00f6nemli bilgiler verdi.<\/p>\n<p>\u00c7ocuklar\u0131n kre\u015fe veya anaokuluna ba\u015flad\u0131ktan sonra s\u0131k hastalanmas\u0131n\u0131n, hem aileler hem de \u00e7ocuklar i\u00e7in zorlay\u0131c\u0131 bir s\u00fcre\u00e7 olabiliyor. Ancak bu durumun bir \u00f6\u011frenme s\u00fcreci oldu\u011funu vurgulayan Uzm. Dr. \u00dclk\u00fc Korkmaz\u2019\u0131n a\u00e7\u0131klamalar\u0131, bu s\u00fcrecin asl\u0131nda do\u011fal ve ba\u011f\u0131\u015f\u0131kl\u0131k sisteminin geli\u015fmesi a\u00e7\u0131s\u0131ndan gerekli oldu\u011funu g\u00f6steriyor.<\/p>\n<h3>KRE\u015e \u00c7OCUKLARI A\u0130LELER\u0130NE \u00d6NER\u0130LER<\/h3>\n<p>\u00c7ocuklar, do\u011fduklar\u0131 ilk 6 ay boyunca anneden ge\u00e7en antikorlar sayesinde korunakl\u0131d\u0131rlar. Ancak 6 aydan sonra bu antikorlar azal\u0131r ve \u00e7ocuklar kendi ba\u011f\u0131\u015f\u0131kl\u0131k sistemlerini geli\u015ftirmeye ba\u015flar. Kre\u015fe veya anaokuluna ba\u015flad\u0131klar\u0131nda, farkl\u0131 mikroplarla kar\u015f\u0131la\u015farak ba\u011f\u0131\u015f\u0131kl\u0131k sistemlerinin olgunla\u015fmas\u0131 s\u00fcreci ba\u015flar. Bu s\u00fcre\u00e7 zaman al\u0131r ve bazen s\u0131k hastal\u0131klar g\u00f6r\u00fclebilir.<\/p>\n<p><img loading=\"lazy\" decoding=\"async\" class=\"alignnone wp-image-139285\" src=\"https:\/\/www.tgrthaber.com\/mavikadin\/wp-content\/uploads\/Kres-5-scaled.jpg\" alt=\"\" width=\"1208\" height=\"806\" title=\"\" srcset=\"https:\/\/www.tgrthaber.com\/mavikadin\/wp-content\/uploads\/Kres-5-scaled.jpg 2560w, https:\/\/www.tgrthaber.com\/mavikadin\/wp-content\/uploads\/Kres-5-300x200.jpg 300w, https:\/\/www.tgrthaber.com\/mavikadin\/wp-content\/uploads\/Kres-5-1024x683.jpg 1024w, https:\/\/www.tgrthaber.com\/mavikadin\/wp-content\/uploads\/Kres-5-768x512.jpg 768w, https:\/\/www.tgrthaber.com\/mavikadin\/wp-content\/uploads\/Kres-5-1536x1025.jpg 1536w, https:\/\/www.tgrthaber.com\/mavikadin\/wp-content\/uploads\/Kres-5-2048x1367.jpg 2048w\" sizes=\"(max-width: 1208px) 100vw, 1208px\" \/><\/p>\n<hr \/>\n<h3>KRE\u015e VE ANAOKULLARINDAK\u0130 R\u0130SKLER<\/h3>\n<p>Kre\u015f ve anaokullar\u0131ndaki enfeksiyonlar\u0131n yay\u0131lmas\u0131nda birka\u00e7 temel sebep bulunuyor. \u00d6zellikle el hijyenine dikkat edilmemesi, ortak oyuncaklar\u0131n d\u00fczenli dezenfekte edilmemesi ve hasta \u00e7ocuklar\u0131n okula devam etmesi, enfeksiyonlar\u0131n h\u0131zla yay\u0131lmas\u0131na yol a\u00e7abiliyor. Bu nedenle, hem \u00e7ocuklar\u0131n hem de okul y\u00f6netiminin bu konuda dikkatli olmas\u0131 gerekir.<\/p>\n<p><img loading=\"lazy\" decoding=\"async\" class=\"alignnone size-full wp-image-139287\" src=\"https:\/\/www.tgrthaber.com\/mavikadin\/wp-content\/uploads\/Kres-1.jpg\" alt=\"\" width=\"1208\" height=\"680\" title=\"\" srcset=\"https:\/\/www.tgrthaber.com\/mavikadin\/wp-content\/uploads\/Kres-1.jpg 1208w, https:\/\/www.tgrthaber.com\/mavikadin\/wp-content\/uploads\/Kres-1-300x169.jpg 300w, https:\/\/www.tgrthaber.com\/mavikadin\/wp-content\/uploads\/Kres-1-1024x576.jpg 1024w, https:\/\/www.tgrthaber.com\/mavikadin\/wp-content\/uploads\/Kres-1-768x432.jpg 768w\" sizes=\"(max-width: 1208px) 100vw, 1208px\" \/><\/p>\n<hr \/>\n<h3>A\u0130LELERE Y\u00d6NEL\u0130K \u00d6NER\u0130LER<\/h3>\n<p>Ailelerin \u00e7ocuklar\u0131n\u0131n ba\u011f\u0131\u015f\u0131kl\u0131k sistemini g\u00fc\u00e7lendirebilmesi ve hastalanma s\u0131kl\u0131\u011f\u0131n\u0131 azaltabilmesi i\u00e7in \u015fu \u00f6neriler sunuluyor:<\/p>\n<p><strong>Dengeli Beslenme:<\/strong> Bol sebze ve meyve, protein a\u00e7\u0131s\u0131ndan zengin g\u0131dalar ve yeterli s\u0131v\u0131 al\u0131m\u0131, \u00e7ocu\u011fun ba\u011f\u0131\u015f\u0131kl\u0131k sistemini g\u00fc\u00e7lendirir.<br \/>\n<strong>D\u00fczenli Uyku:<\/strong> Uykusuz kalan \u00e7ocuklar, enfeksiyonlara kar\u015f\u0131 daha savunmas\u0131z hale gelir. D\u00fczenli uyku, ba\u011f\u0131\u015f\u0131kl\u0131k sisteminin d\u00fczg\u00fcn \u00e7al\u0131\u015fmas\u0131n\u0131 sa\u011flar.<br \/>\n<strong>El Hijyeni:<\/strong> \u00c7ocuklar\u0131n el y\u0131kama al\u0131\u015fkanl\u0131klar\u0131n\u0131 kazanmalar\u0131, vir\u00fcs ve bakterilerin yay\u0131lmas\u0131n\u0131 engellemeye yard\u0131mc\u0131 olur. Bu konuda e\u011fitici \u00e7al\u0131\u015fmalar yap\u0131labilir.<br \/>\n<strong>A\u015f\u0131 Takvimi:<\/strong> \u00c7ocuklar\u0131n a\u015f\u0131 takvimine uygun \u015fekilde a\u015f\u0131lanmas\u0131, olas\u0131 enfeksiyon risklerini b\u00fcy\u00fck \u00f6l\u00e7\u00fcde azalt\u0131r.<br \/>\n<strong>Hasta \u00c7ocuklar\u0131n Okula G\u00f6nderilmemesi:<\/strong> \u00c7ocuklar hastaland\u0131\u011f\u0131nda, onlar\u0131 okula g\u00f6ndermemek di\u011fer \u00e7ocuklar\u0131 koruyacakt\u0131r. Bu, enfeksiyonlar\u0131n yay\u0131lmas\u0131n\u0131 \u00f6nleyebilir.<\/p>\n<p><img loading=\"lazy\" decoding=\"async\" class=\"alignnone size-full wp-image-139290\" src=\"https:\/\/www.tgrthaber.com\/mavikadin\/wp-content\/uploads\/Kres-3.jpg\" alt=\"\" width=\"1208\" height=\"680\" title=\"\" srcset=\"https:\/\/www.tgrthaber.com\/mavikadin\/wp-content\/uploads\/Kres-3.jpg 1208w, https:\/\/www.tgrthaber.com\/mavikadin\/wp-content\/uploads\/Kres-3-300x169.jpg 300w, https:\/\/www.tgrthaber.com\/mavikadin\/wp-content\/uploads\/Kres-3-1024x576.jpg 1024w, https:\/\/www.tgrthaber.com\/mavikadin\/wp-content\/uploads\/Kres-3-768x432.jpg 768w\" sizes=\"(max-width: 1208px) 100vw, 1208px\" \/><\/p>\n<hr \/>\n<h3>EBEVEYN KAYGISI VE DO\u011eAL S\u00dcRE\u00c7<\/h3>\n<p>Ebeveynlerin \u00e7ocuklar\u0131n\u0131n s\u0131k hastalanmas\u0131yla ilgili kayg\u0131 duymas\u0131 olduk\u00e7a yayg\u0131nd\u0131r. Ancak, bu durumun \u00e7ocuklar\u0131n ba\u011f\u0131\u015f\u0131kl\u0131k sisteminin geli\u015fmesi i\u00e7in gerekli bir s\u00fcre\u00e7 oldu\u011funu unutmamak gerekir. Bu nedenle ailelerin kayg\u0131lar\u0131n\u0131 bir kenara b\u0131rakarak, ba\u011f\u0131\u015f\u0131kl\u0131k sistemini g\u00fc\u00e7lendirmek i\u00e7in \u00f6nerilen y\u00f6ntemleri uygulamalar\u0131 \u00f6nemlidir.<\/p>\n<p><img loading=\"lazy\" decoding=\"async\" class=\"alignnone size-full wp-image-139291\" src=\"https:\/\/www.tgrthaber.com\/mavikadin\/wp-content\/uploads\/Kres-2.jpg\" alt=\"\" width=\"1208\" height=\"680\" title=\"\" srcset=\"https:\/\/www.tgrthaber.com\/mavikadin\/wp-content\/uploads\/Kres-2.jpg 1208w, https:\/\/www.tgrthaber.com\/mavikadin\/wp-content\/uploads\/Kres-2-300x169.jpg 300w, https:\/\/www.tgrthaber.com\/mavikadin\/wp-content\/uploads\/Kres-2-1024x576.jpg 1024w, https:\/\/www.tgrthaber.com\/mavikadin\/wp-content\/uploads\/Kres-2-768x432.jpg 768w\" sizes=\"(max-width: 1208px) 100vw, 1208px\" \/><\/p>\n<hr \/>\n<h3>KRE\u015e VE ANAOKULU Y\u00d6NET\u0130M\u0130N\u0130N ROL\u00dc<\/h3>\n<p>Kre\u015f ve anaokulu y\u00f6netimlerinin de sorumlulu\u011fu b\u00fcy\u00fckt\u00fcr. S\u0131n\u0131flarda hijyen kurallar\u0131na dikkat edilmesi, \u00e7ocuklar\u0131n hastal\u0131k belirtisi g\u00f6sterdi\u011finde evde kalmalar\u0131n\u0131n sa\u011flanmas\u0131 ve oyuncaklar\u0131n d\u00fczenli dezenfekte edilmesi, enfeksiyonlar\u0131n yay\u0131lmas\u0131n\u0131 \u00f6nlemeye yard\u0131mc\u0131 olabilir.<\/p>\n","protected":false},"excerpt":{"rendered":"<p>\u00c7ocuk Doktoru Uzm. Dr. \u00dclk\u00fc Korkmaz, \u00e7ocuklar\u0131n kre\u015fe ya da anaokuluna ba\u015flad\u0131ktan sonra s\u0131k hastalanmas\u0131n\u0131n nedenlerini anlatt\u0131 ve ailelere \u00f6nerilerde bulundu.<\/p>\n","protected":false},"author":5,"featured_media":139281,"comment_status":"closed","ping_status":"closed","sticky":false,"template":"","format":"standard","meta":{"rank_math_lock_modified_date":false,"footnotes":""},"categories":[111],"tags":[113,12251,12252],"class_list":["post-139280","post","type-post","status-publish","format-standard","has-post-thumbnail","hentry","category-anne-cocuk","tag-cocuk","tag-cocuk-doktoru","tag-cocuk-doktoru-ulku-yilmaz"],"_links":{"self":[{"href":"https:\/\/www.tgrthaber.com\/mavikadin\/wp-json\/wp\/v2\/posts\/139280"}],"collection":[{"href":"https:\/\/www.tgrthaber.com\/mavikadin\/wp-json\/wp\/v2\/posts"}],"about":[{"href":"https:\/\/www.tgrthaber.com\/mavikadin\/wp-json\/wp\/v2\/types\/post"}],"author":[{"embeddable":true,"href":"https:\/\/www.tgrthaber.com\/mavikadin\/wp-json\/wp\/v2\/users\/5"}],"replies":[{"embeddable":true,"href":"https:\/\/www.tgrthaber.com\/mavikadin\/wp-json\/wp\/v2\/comments?post=139280"}],"version-history":[{"count":3,"href":"https:\/\/www.tgrthaber.com\/mavikadin\/wp-json\/wp\/v2\/posts\/139280\/revisions"}],"predecessor-version":[{"id":139294,"href":"https:\/\/www.tgrthaber.com\/mavikadin\/wp-json\/wp\/v2\/posts\/139280\/revisions\/139294"}],"wp:featuredmedia":[{"embeddable":true,"href":"https:\/\/www.tgrthaber.com\/mavikadin\/wp-json\/wp\/v2\/media\/139281"}],"wp:attachment":[{"href":"https:\/\/www.tgrthaber.com\/mavikadin\/wp-json\/wp\/v2\/media?parent=139280"}],"wp:term":[{"taxonomy":"category","embeddable":true,"href":"https:\/\/www.tgrthaber.com\/mavikadin\/wp-json\/wp\/v2\/categories?post=139280"},{"taxonomy":"post_tag","embeddable":true,"href":"https:\/\/www.tgrthaber.com\/mavikadin\/wp-json\/wp\/v2\/tags?post=139280"}],"curies":[{"name":"wp","href":"https:\/\/api.w.org\/{rel}","templated":true}]}}