{"id":139408,"date":"2025-02-27T16:43:58","date_gmt":"2025-02-27T13:43:58","guid":{"rendered":"https:\/\/www.tgrthaber.com\/mavikadin\/?p=139408"},"modified":"2025-02-27T16:43:57","modified_gmt":"2025-02-27T13:43:57","slug":"gonul-dagi-agitci-huseyin-geri-donecek-mi-erdal-cindoruktan-ayrilik-aciklamasi","status":"publish","type":"post","link":"https:\/\/www.tgrthaber.com\/mavikadin\/gonul-dagi-agitci-huseyin-geri-donecek-mi-erdal-cindoruktan-ayrilik-aciklamasi\/","title":{"rendered":"G\u00f6n\u00fcl Da\u011f\u0131 A\u011f\u0131t\u00e7\u0131 H\u00fcseyin geri d\u00f6necek mi? Erdal Cindoruk a\u00e7\u0131klad\u0131!"},"content":{"rendered":"<p>TRT 1&#8217;in hit dizisi G\u00f6n\u00fcl Da\u011f\u0131&#8217;nda sevilen karakter A\u011f\u0131t\u00e7\u0131 H\u00fcseyin&#8217;i canland\u0131ran oyuncu Erdal Cindoruk, diziden ayr\u0131lm\u0131\u015ft\u0131. Yap\u0131m ekibiyle yap\u0131lan anla\u015fman\u0131n ard\u0131ndan diziden ayr\u0131ld\u0131\u011f\u0131 do\u011fruland\u0131 ve 4 Ocak 2025&#8217;te yay\u0131nlanan 160. B\u00f6l\u00fcmle birlikte hikayesinin sonu geldi. Diziyi be\u015f sezon boyunca takip eden hayranlar, A\u011f\u0131t\u00e7\u0131 H\u00fcseyin&#8217;in dizinin anlat\u0131s\u0131nda \u00f6nemli ve unutulmaz bir karakter haline gelmesiyle birlikte diziden ani ayr\u0131l\u0131\u015f\u0131yla y\u00fcrekleri da\u011fland\u0131. Erdal Cindoruk&#8217;un diziye geri d\u00f6n\u00fcp d\u00f6nmeyece\u011fi merak ediliyordu. Beklenen a\u00e7\u0131klama geldi!<\/p>\n<h3>G\u00d6N\u00dcL DA\u011eI A\u011eIT\u00c7I H\u00dcSEY\u0130N GER\u0130 D\u00d6NECEK M\u0130?<\/h3>\n<p>TRT 1&#8217;in sevilen dizisi G\u00f6n\u00fcl Da\u011f\u0131&#8217;nda, dizi sezon finaline haz\u0131rlan\u0131rken b\u00fcy\u00fck bir geli\u015fme ya\u015fand\u0131. Efsanevi karakter A\u011f\u0131t\u00e7\u0131 H\u00fcseyin&#8217;i oynayan yetenekli oyuncu Erdal Cindoruk, birka\u00e7 hafta \u00f6nce diziden ayr\u0131ld\u0131ktan sonra diziye geri d\u00f6n\u00fcyor.<\/p>\n<p>K\u0131sa bir s\u00fcre \u00f6nce Cindoruk, G\u00f6n\u00fcl Da\u011f\u0131&#8217;ndan ayr\u0131ld\u0131\u011f\u0131n\u0131 duyurdu\u011funda man\u015fetlere \u00e7\u0131km\u0131\u015ft\u0131. Oyuncu, OGM Pictures&#8217;\u0131n yap\u0131mc\u0131l\u0131\u011f\u0131n\u0131 \u00fcstlendi\u011fi Sen A\u011flama \u0130stanbul adl\u0131 ba\u015fka bir projede ba\u015frol oynamak i\u00e7in anla\u015fma imzalam\u0131\u015ft\u0131. Ayr\u0131l\u0131\u015f\u0131, hayranlar\u0131n\u0131 dizinin duygusal hikayesinin merkezi haline gelen A\u011f\u0131t\u00e7\u0131 H\u00fcseyin karakterinin gelece\u011fi konusunda endi\u015felendirdi.<\/p>\n<p><img loading=\"lazy\" decoding=\"async\" class=\"alignnone wp-image-139896\" src=\"https:\/\/www.tgrthaber.com\/mavikadin\/wp-content\/uploads\/5-145-1.png\" alt=\"\" width=\"1208\" height=\"680\" title=\"\" srcset=\"https:\/\/www.tgrthaber.com\/mavikadin\/wp-content\/uploads\/5-145-1.png 1280w, https:\/\/www.tgrthaber.com\/mavikadin\/wp-content\/uploads\/5-145-1-300x169.png 300w, https:\/\/www.tgrthaber.com\/mavikadin\/wp-content\/uploads\/5-145-1-1024x576.png 1024w, https:\/\/www.tgrthaber.com\/mavikadin\/wp-content\/uploads\/5-145-1-768x432.png 768w\" sizes=\"(max-width: 1208px) 100vw, 1208px\" \/><\/p>\n<hr \/>\n<h3>A\u011eIT\u00c7I H\u00dcSEY\u0130N GER\u0130 D\u00d6N\u00dcYOR!<\/h3>\n<p>Ancak, \u015fa\u015f\u0131rt\u0131c\u0131 bir geli\u015fmeyle, Erdal Cindoruk&#8217;un 6. Sezon i\u00e7in G\u00f6n\u00fcl Da\u011f\u0131&#8217;na geri d\u00f6nece\u011fi do\u011fruland\u0131. Oyuncu, 172. B\u00f6l\u00fcmde A\u011f\u0131t\u00e7\u0131 H\u00fcseyin rol\u00fcn\u00fc tekrar oynayacak. \u0130lk ayr\u0131l\u0131\u015f\u0131ndan dolay\u0131 \u00fcz\u00fclen hayranlar, karakterin yolculu\u011fu tamamlanmadan b\u0131rak\u0131ld\u0131\u011f\u0131 i\u00e7in geri d\u00f6n\u00fc\u015f\u00fcn\u00fc g\u00f6rmekten heyecan duyacaklar.<\/p>\n<p><img loading=\"lazy\" decoding=\"async\" class=\"alignnone wp-image-139895\" src=\"https:\/\/www.tgrthaber.com\/mavikadin\/wp-content\/uploads\/4-210-1.png\" alt=\"\" width=\"1208\" height=\"680\" title=\"\" srcset=\"https:\/\/www.tgrthaber.com\/mavikadin\/wp-content\/uploads\/4-210-1.png 1280w, https:\/\/www.tgrthaber.com\/mavikadin\/wp-content\/uploads\/4-210-1-300x169.png 300w, https:\/\/www.tgrthaber.com\/mavikadin\/wp-content\/uploads\/4-210-1-1024x576.png 1024w, https:\/\/www.tgrthaber.com\/mavikadin\/wp-content\/uploads\/4-210-1-768x432.png 768w\" sizes=\"(max-width: 1208px) 100vw, 1208px\" \/><\/p>\n<hr \/>\n<h3>G\u00d6N\u00dcL DA\u011eI KALDI\u011eI YERDEN DEVAM ED\u0130YOR<\/h3>\n<p>G\u00f6n\u00fcl Da\u011f\u0131, duygusal derinli\u011fi ve ilgi \u00e7ekici hikayesiyle izleyicileri b\u00fcy\u00fclemeye devam ederken, A\u011f\u0131t\u00e7\u0131 H\u00fcseyin&#8217;in d\u00f6n\u00fc\u015f\u00fc diziye daha da fazla dram ve heyecan katmay\u0131 vaat ediyor. Cumartesi gecesi reytinglerine s\u00fcrekli olarak hakim olan dizi, alt\u0131nc\u0131 sezon ilerledik\u00e7e ba\u015far\u0131s\u0131n\u0131 s\u00fcrd\u00fcrmeye haz\u0131r.<\/p>\n<p>5.\u2060 \u2060Sezonu yakla\u015f\u0131k 12 b\u00f6l\u00fcmde sezon finaliyle tamamlamaya haz\u0131rlanan dizi, \u015fimdi daha da y\u00fcrek burkan anlara haz\u0131rlan\u0131yor. Cindoruk&#8217;un d\u00f6n\u00fc\u015f\u00fc, hayranlar di\u011fer sevilen karakterlerle yeniden bir araya gelmesini sab\u0131rs\u0131zl\u0131kla beklerken devam eden olay \u00f6rg\u00fcs\u00fcne yeni bir entrika katman\u0131 ekliyor. Geri d\u00f6n\u00fc\u015f\u00fc kesinlikle duygusal anlar olu\u015fturacak ve A\u011f\u0131t\u00e7\u0131 H\u00fcseyin&#8217;in hikayesine yeni bir bak\u0131\u015f a\u00e7\u0131s\u0131 getirecek.<\/p>\n<p><img loading=\"lazy\" decoding=\"async\" class=\"alignnone wp-image-139894\" src=\"https:\/\/www.tgrthaber.com\/mavikadin\/wp-content\/uploads\/3-263-1.png\" alt=\"\" width=\"1208\" height=\"680\" title=\"\" srcset=\"https:\/\/www.tgrthaber.com\/mavikadin\/wp-content\/uploads\/3-263-1.png 1280w, https:\/\/www.tgrthaber.com\/mavikadin\/wp-content\/uploads\/3-263-1-300x169.png 300w, https:\/\/www.tgrthaber.com\/mavikadin\/wp-content\/uploads\/3-263-1-1024x576.png 1024w, https:\/\/www.tgrthaber.com\/mavikadin\/wp-content\/uploads\/3-263-1-768x432.png 768w\" sizes=\"(max-width: 1208px) 100vw, 1208px\" \/><\/p>\n<hr \/>\n<p>G\u00f6n\u00fcl Da\u011f\u0131&#8217;n\u0131n cumartesi gecesi favorisi olmaya devam etmesiyle, dizinin sad\u0131k izleyicilerinin bir \u015f\u00f6lene haz\u0131r olaca\u011f\u0131 a\u00e7\u0131k. Erdal Cindoruk&#8217;un d\u00f6n\u00fc\u015f\u00fc dizi i\u00e7in heyecan verici yeni bir b\u00f6l\u00fcm\u00fc i\u015faret ediyor ve hayranlar karakterinin yolculu\u011funun \u00f6n\u00fcm\u00fczdeki b\u00f6l\u00fcmlerde nas\u0131l ortaya \u00e7\u0131kaca\u011f\u0131n\u0131 g\u00f6rmek i\u00e7in sab\u0131rs\u0131zlan\u0131yor.<\/p>\n<p>K\u00f6pr\u00fc Film taraf\u0131ndan \u00fcretilen G\u00f6n\u00fcl Da\u011f\u0131, \u00f6n\u00fcm\u00fczdeki haftalarda daha da ilgi \u00e7ekici anlarla geri d\u00f6necek. Hayranlar, A\u011f\u0131t\u00e7\u0131 H\u00fcseyin&#8217;in d\u00f6n\u00fc\u015f\u00fc olay \u00f6rg\u00fcs\u00fcn\u00fcn \u00f6nemli bir unsuru olarak dizinin bir sonraki sezonuna ge\u00e7erken draman\u0131n t\u0131rmanmas\u0131n\u0131 bekleyebilirler.<\/p>\n","protected":false},"excerpt":{"rendered":"<p>TRT 1&#8217;in sevilen dizisi G\u00f6n\u00fcl Da\u011f\u0131&#8217;nda &#8220;A\u011f\u0131t\u00e7\u0131 H\u00fcseyin&#8221; karakterini oynayan \u00fcnl\u00fc oyuncu Erdal Cindoruk, diziden resmen ayr\u0131ld\u0131. Yap\u0131m \u015firketiyle yap\u0131lan anla\u015fman\u0131n ard\u0131ndan oyuncunun dizideki yolculu\u011fu 4 Ocak 2025&#8217;te yay\u0131nlanan 160. B\u00f6l\u00fcmle sona erdi. Oyuncunun son a\u00e7\u0131klamalara g\u00f6re diziye d\u00f6n\u00fcp d\u00f6nmeyece\u011fi belirlendi. \u0130\u015fte detaylar&#8230;<\/p>\n","protected":false},"author":28,"featured_media":139898,"comment_status":"closed","ping_status":"closed","sticky":false,"template":"","format":"standard","meta":{"rank_math_lock_modified_date":true,"footnotes":""},"categories":[602],"tags":[12282,7116,12279,12280,12281,3687],"class_list":["post-139408","post","type-post","status-publish","format-standard","has-post-thumbnail","hentry","category-diziler","tag-agitci-huseyin-gonul-dagindan-ayrildi-mi","tag-erdal-cindoruk","tag-erdal-cindoruk-gonul-dagina-gelecek-mi","tag-erdal-cindoruk-gonul-dagindan-ayrildi-mi","tag-erdal-cindoruk-gonul-dagindan-neden-ayrildi","tag-gonul-dagi"],"_links":{"self":[{"href":"https:\/\/www.tgrthaber.com\/mavikadin\/wp-json\/wp\/v2\/posts\/139408"}],"collection":[{"href":"https:\/\/www.tgrthaber.com\/mavikadin\/wp-json\/wp\/v2\/posts"}],"about":[{"href":"https:\/\/www.tgrthaber.com\/mavikadin\/wp-json\/wp\/v2\/types\/post"}],"author":[{"embeddable":true,"href":"https:\/\/www.tgrthaber.com\/mavikadin\/wp-json\/wp\/v2\/users\/28"}],"replies":[{"embeddable":true,"href":"https:\/\/www.tgrthaber.com\/mavikadin\/wp-json\/wp\/v2\/comments?post=139408"}],"version-history":[{"count":3,"href":"https:\/\/www.tgrthaber.com\/mavikadin\/wp-json\/wp\/v2\/posts\/139408\/revisions"}],"predecessor-version":[{"id":139888,"href":"https:\/\/www.tgrthaber.com\/mavikadin\/wp-json\/wp\/v2\/posts\/139408\/revisions\/139888"}],"wp:featuredmedia":[{"embeddable":true,"href":"https:\/\/www.tgrthaber.com\/mavikadin\/wp-json\/wp\/v2\/media\/139898"}],"wp:attachment":[{"href":"https:\/\/www.tgrthaber.com\/mavikadin\/wp-json\/wp\/v2\/media?parent=139408"}],"wp:term":[{"taxonomy":"category","embeddable":true,"href":"https:\/\/www.tgrthaber.com\/mavikadin\/wp-json\/wp\/v2\/categories?post=139408"},{"taxonomy":"post_tag","embeddable":true,"href":"https:\/\/www.tgrthaber.com\/mavikadin\/wp-json\/wp\/v2\/tags?post=139408"}],"curies":[{"name":"wp","href":"https:\/\/api.w.org\/{rel}","templated":true}]}}