{"id":139561,"date":"2025-02-27T22:56:39","date_gmt":"2025-02-27T19:56:39","guid":{"rendered":"https:\/\/www.tgrthaber.com\/mavikadin\/?p=139561"},"modified":"2025-02-27T22:56:39","modified_gmt":"2025-02-27T19:56:39","slug":"kurtlar-vadisi-cakirin-kizi-busra-ayaydin-bebegini-paylasti-sessiz-sedasiz-evlenmisti","status":"publish","type":"post","link":"https:\/\/www.tgrthaber.com\/mavikadin\/kurtlar-vadisi-cakirin-kizi-busra-ayaydin-bebegini-paylasti-sessiz-sedasiz-evlenmisti\/","title":{"rendered":"Kurtlar Vadisi \u00c7ak\u0131r&#8217;\u0131n k\u0131z\u0131 B\u00fc\u015fra Ayayd\u0131n bebe\u011fini payla\u015ft\u0131! Sessiz sedas\u0131z evlenmi\u015fti"},"content":{"rendered":"<p>Yay\u0131nland\u0131\u011f\u0131 d\u00f6nemde t\u00fcm T\u00fcrkiye&#8217;yi ekran ba\u015f\u0131na kilitlemeyi ba\u015faran, o d\u00f6nemlerde \u0130stanbul&#8217;daki trafi\u011fi bitirecek d\u00fczeyde sevilen Kurtlar Vadisi dizisinin oyuncular\u0131ndan B\u00fc\u015fra Ayayd\u0131n, takip\u00e7ilerini sevindiren bir payla\u015f\u0131mda bulundu.<\/p>\n<h3>\u00c7AKIR&#8217;IN KIZI SELV\u0130 B\u00dc\u015eRA AYAYDIN&#8217;DAN BEBEKL\u0130 PAYLA\u015eIM<\/h3>\n<p>Kurtlar Vadisi dizisinde yeralt\u0131 d\u00fcnyas\u0131n\u0131n \u00f6nemli fig\u00fcrlerinden biri olan S\u00fcleyman \u00c7ak\u0131r&#8217;\u0131n k\u0131z\u0131 Selvi&#8217;yi oynayan B\u00fc\u015fra Ayayd\u0131n, takip\u00e7ilerini sevindiren bir payla\u015f\u0131m yapt\u0131. Ayayd\u0131n, payla\u015f\u0131m\u0131nda bebe\u011finin foto\u011fraf\u0131na yer verdi.<\/p>\n<p><img loading=\"lazy\" decoding=\"async\" class=\"alignnone wp-image-139563\" src=\"https:\/\/www.tgrthaber.com\/mavikadin\/wp-content\/uploads\/paylasim-138x300.jpg\" alt=\"\" width=\"1280\" height=\"2774\" title=\"\" srcset=\"https:\/\/www.tgrthaber.com\/mavikadin\/wp-content\/uploads\/paylasim-138x300.jpg 138w, https:\/\/www.tgrthaber.com\/mavikadin\/wp-content\/uploads\/paylasim-473x1024.jpg 473w, https:\/\/www.tgrthaber.com\/mavikadin\/wp-content\/uploads\/paylasim-768x1664.jpg 768w, https:\/\/www.tgrthaber.com\/mavikadin\/wp-content\/uploads\/paylasim-709x1536.jpg 709w, https:\/\/www.tgrthaber.com\/mavikadin\/wp-content\/uploads\/paylasim.jpg 945w\" sizes=\"(max-width: 1280px) 100vw, 1280px\" \/><\/p>\n<hr \/>\n<p>&#8220;Bebemle ilk Ramazan, in\u015faAllah&#8221; notuyla payla\u015f\u0131m yapan Ayayd\u0131n, sevenlerini heyecanland\u0131rd\u0131.<\/p>\n<h3>B\u00dc\u015eRA AYAYDIN K\u0130MD\u0130R?<\/h3>\n<p>Kurtlar Vadisi&#8217;nin Selvi&#8217;si Fatma B\u00fc\u015fra Ayayd\u0131n, 27 Ekim 1994 do\u011fumludur. \u015eu an 31 ya\u015f\u0131nda olan, Kurtlar Vadisi&#8217;nde \u00c7ak\u0131r&#8217;\u0131n k\u0131z\u0131n\u0131 oynayan Ayayd\u0131n, \u00e7ok gen\u00e7 ya\u015flar\u0131nda ekranlarla tan\u0131\u015fm\u0131\u015ft\u0131r.<\/p>\n<p><img loading=\"lazy\" decoding=\"async\" class=\"alignnone wp-image-139566\" src=\"https:\/\/www.tgrthaber.com\/mavikadin\/wp-content\/uploads\/kurtlar-vadisi-cakirin-kizi-300x200.jpg\" alt=\"\" width=\"1280\" height=\"853\" title=\"\" srcset=\"https:\/\/www.tgrthaber.com\/mavikadin\/wp-content\/uploads\/kurtlar-vadisi-cakirin-kizi-300x200.jpg 300w, https:\/\/www.tgrthaber.com\/mavikadin\/wp-content\/uploads\/kurtlar-vadisi-cakirin-kizi-1024x682.jpg 1024w, https:\/\/www.tgrthaber.com\/mavikadin\/wp-content\/uploads\/kurtlar-vadisi-cakirin-kizi-768x512.jpg 768w, https:\/\/www.tgrthaber.com\/mavikadin\/wp-content\/uploads\/kurtlar-vadisi-cakirin-kizi-1536x1023.jpg 1536w, https:\/\/www.tgrthaber.com\/mavikadin\/wp-content\/uploads\/kurtlar-vadisi-cakirin-kizi.jpg 2048w\" sizes=\"(max-width: 1280px) 100vw, 1280px\" \/><\/p>\n<hr \/>\n<p>Ankara&#8217;da d\u00fcnyaya gelen ba\u015far\u0131l\u0131 oyuncu B\u00fc\u015fra Ayayd\u0131n, daha \u00e7ocuk ya\u015flar\u0131nda oyunculuk hayat\u0131na ba\u015flam\u0131\u015f ve ba\u015far\u0131l\u0131 yap\u0131mlarda rol alm\u0131\u015ft\u0131r. Hat\u0131rla Sevgili, En \u0130yi Arkada\u015f\u0131m, Canan, Mavi R\u00fcya ve Kurtlar Vadisi gibi \u00f6nemli yap\u0131mlarda rol alan ba\u015far\u0131l\u0131 oyuncu, son olarak Siccin 3 filminde oynam\u0131\u015ft\u0131r.<\/p>\n<p>Yeditepe \u00dcniversitesi Tiyatro B\u00f6l\u00fcm\u00fc mezunu olan ba\u015far\u0131l\u0131 oyuncu, 21 ya\u015f\u0131nda tesett\u00fcre girme karar\u0131 alarak oyunculu\u011fa ara verdi. G\u00fcn\u00fcm\u00fczde oyunculuk yapmayan Ayayd\u0131n, giri\u015fimcilikle u\u011fra\u015fmaktad\u0131r.<\/p>\n<p><img loading=\"lazy\" decoding=\"async\" class=\"alignnone wp-image-139565\" src=\"https:\/\/www.tgrthaber.com\/mavikadin\/wp-content\/uploads\/busra-ayaydin1-300x169.webp\" alt=\"\" width=\"1280\" height=\"720\" title=\"\" srcset=\"https:\/\/www.tgrthaber.com\/mavikadin\/wp-content\/uploads\/busra-ayaydin1-300x169.webp 300w, https:\/\/www.tgrthaber.com\/mavikadin\/wp-content\/uploads\/busra-ayaydin1-1024x576.webp 1024w, https:\/\/www.tgrthaber.com\/mavikadin\/wp-content\/uploads\/busra-ayaydin1-768x432.webp 768w, https:\/\/www.tgrthaber.com\/mavikadin\/wp-content\/uploads\/busra-ayaydin1.webp 1200w\" sizes=\"(max-width: 1280px) 100vw, 1280px\" \/><\/p>\n<hr \/>\n<h3>SESS\u0130Z SEDASIZ EVLENM\u0130\u015eT\u0130<\/h3>\n<p>Tesett\u00fcre girdikten sonra daha m\u00fctevazi bir hayat ya\u015famay\u0131 se\u00e7en ve oyunculu\u011fu b\u0131rakan B\u00fc\u015fra Ayayd\u0131n, 18 Kas\u0131m 2023 tarihinde i\u015f insan\u0131 Bilal Aslano\u011flu ile kimsenin haberi olmadan sessiz sedas\u0131z evlenmi\u015fti. Ayayd\u0131n, evlili\u011finin ard\u0131ndan ilk sosyal medya payla\u015f\u0131m\u0131n\u0131 Umre&#8217;den yapm\u0131\u015ft\u0131.<\/p>\n<p><img loading=\"lazy\" decoding=\"async\" class=\"alignnone wp-image-139564\" src=\"https:\/\/www.tgrthaber.com\/mavikadin\/wp-content\/uploads\/busra-ayaydin-2-300x169.webp\" alt=\"\" width=\"1280\" height=\"720\" title=\"\" srcset=\"https:\/\/www.tgrthaber.com\/mavikadin\/wp-content\/uploads\/busra-ayaydin-2-300x169.webp 300w, https:\/\/www.tgrthaber.com\/mavikadin\/wp-content\/uploads\/busra-ayaydin-2-1024x576.webp 1024w, https:\/\/www.tgrthaber.com\/mavikadin\/wp-content\/uploads\/busra-ayaydin-2-768x432.webp 768w, https:\/\/www.tgrthaber.com\/mavikadin\/wp-content\/uploads\/busra-ayaydin-2.webp 1200w\" sizes=\"(max-width: 1280px) 100vw, 1280px\" \/><\/p>\n<hr \/>\n<p>Oyunculuk kariyerine veda etme s\u00fcrecine ili\u015fkin detay veren Ayayd\u0131n, oynad\u0131\u011f\u0131 bir dizinin setinde kendisine verilen tepkileri anlatt\u0131. Ayayd\u0131n, \u201cSon oynad\u0131\u011f\u0131m dizide baz\u0131 oyuncular namaz k\u0131ld\u0131\u011f\u0131m\u0131 duyup bana &#8220;Oyunculuk yap\u0131yorsun namaz ne alaka! Niye bir taraf\u0131 se\u00e7miyorsun&#8217; \u015feklinde tepki g\u00f6sterdi. O s\u00f6zler y\u00fcz\u00fcme tokat gibi \u00e7arpt\u0131.&#8221; \u0130fadelerini kullanm\u0131\u015ft\u0131.<\/p>\n","protected":false},"excerpt":{"rendered":"<p>Bir d\u00f6neme damgas\u0131n\u0131 vuran ve g\u00fcn\u00fcm\u00fczde dahi bir\u00e7ok ki\u015fi taraf\u0131ndan ilgiyle izlenen Kurtlar Vadisi dizisinde S\u00fcleyman \u00c7ak\u0131r karakterini oynayan Oktay Kaynarca&#8217;n\u0131n k\u0131z\u0131 Selvi rol\u00fcnde oynayan B\u00fc\u015fra Ayayd\u0131n, sosyal medya hesab\u0131 \u00fczerinden bebe\u011fini payla\u015ft\u0131. Kimsenin haberi olmadan sessiz sedas\u0131z evlenen Ayayd\u0131n payla\u015f\u0131m\u0131nda, &#8220;Bebemle ilk Ramazan, in\u015fAllah&#8221; notunu d\u00fc\u015ft\u00fc. <\/p>\n","protected":false},"author":33,"featured_media":139567,"comment_status":"closed","ping_status":"closed","sticky":false,"template":"","format":"standard","meta":{"rank_math_lock_modified_date":false,"footnotes":""},"categories":[76],"tags":[12335,12334,12333],"class_list":["post-139561","post","type-post","status-publish","format-standard","has-post-thumbnail","hentry","category-magazin","tag-busra-ayaydin-bebegi","tag-busra-ayaydin-kimdir","tag-kurtlar-vadisi-selvi"],"_links":{"self":[{"href":"https:\/\/www.tgrthaber.com\/mavikadin\/wp-json\/wp\/v2\/posts\/139561"}],"collection":[{"href":"https:\/\/www.tgrthaber.com\/mavikadin\/wp-json\/wp\/v2\/posts"}],"about":[{"href":"https:\/\/www.tgrthaber.com\/mavikadin\/wp-json\/wp\/v2\/types\/post"}],"author":[{"embeddable":true,"href":"https:\/\/www.tgrthaber.com\/mavikadin\/wp-json\/wp\/v2\/users\/33"}],"replies":[{"embeddable":true,"href":"https:\/\/www.tgrthaber.com\/mavikadin\/wp-json\/wp\/v2\/comments?post=139561"}],"version-history":[{"count":2,"href":"https:\/\/www.tgrthaber.com\/mavikadin\/wp-json\/wp\/v2\/posts\/139561\/revisions"}],"predecessor-version":[{"id":139569,"href":"https:\/\/www.tgrthaber.com\/mavikadin\/wp-json\/wp\/v2\/posts\/139561\/revisions\/139569"}],"wp:featuredmedia":[{"embeddable":true,"href":"https:\/\/www.tgrthaber.com\/mavikadin\/wp-json\/wp\/v2\/media\/139567"}],"wp:attachment":[{"href":"https:\/\/www.tgrthaber.com\/mavikadin\/wp-json\/wp\/v2\/media?parent=139561"}],"wp:term":[{"taxonomy":"category","embeddable":true,"href":"https:\/\/www.tgrthaber.com\/mavikadin\/wp-json\/wp\/v2\/categories?post=139561"},{"taxonomy":"post_tag","embeddable":true,"href":"https:\/\/www.tgrthaber.com\/mavikadin\/wp-json\/wp\/v2\/tags?post=139561"}],"curies":[{"name":"wp","href":"https:\/\/api.w.org\/{rel}","templated":true}]}}