{"id":139562,"date":"2025-02-27T23:12:57","date_gmt":"2025-02-27T20:12:57","guid":{"rendered":"https:\/\/www.tgrthaber.com\/mavikadin\/?p=139562"},"modified":"2025-02-27T23:17:12","modified_gmt":"2025-02-27T20:17:12","slug":"gassal-2-sezon-ilk-fragman-yayinlandi-gassal-2-sezon-1-bolum-yayinlandi-mi","status":"publish","type":"post","link":"https:\/\/www.tgrthaber.com\/mavikadin\/gassal-2-sezon-ilk-fragman-yayinlandi-gassal-2-sezon-1-bolum-yayinlandi-mi\/","title":{"rendered":"Gassal 2. sezon ilk fragman yay\u0131nland\u0131! Gassal 2.sezon 1. b\u00f6l\u00fcm yay\u0131nland\u0131 m\u0131?"},"content":{"rendered":"<p class=\"p1\">Tabii platformunda yay\u0131nlanan ve ilgiyle takip edilen Gassal dizisinin 2. sezon fragman\u0131 izleyicilerle bulu\u015ftu. Yeni sezonda diziye, ba\u015far\u0131l\u0131 oyuncu Hande Soral kat\u0131l\u0131rken, fragman\u0131n sonunda Bayhan\u2019\u0131n \u201cSeni Anan Benim \u0130\u00e7in Do\u011furmu\u015f\u201d \u015fark\u0131s\u0131n\u0131 seslendirmesi b\u00fcy\u00fck ilgi g\u00f6rd\u00fc. Ahmet Kural ve Hande Soral\u2019\u0131n ba\u015frollerinde yer ald\u0131\u011f\u0131, y\u00f6netmenli\u011fini Sel\u00e7uk Aydemir\u2019in \u00fcstlendi\u011fi, senaryosunu ise S\u00fcmeyye Karaarslan\u2019\u0131n yazd\u0131\u011f\u0131 dizinin yeni sezonu i\u00e7in geri say\u0131m ba\u015flad\u0131. Peki, Gassal 2. sezon ne zaman ba\u015fl\u0131yor? Gassal 2. sezon 1. fragman yay\u0131nland\u0131! \u0130\u015fte merakla beklenen dizi hakk\u0131nda t\u00fcm detaylar&#8230;<\/p>\n<h3 class=\"p1\">GASSAL 2. SEZON GER\u0130 SAYIM BA\u015eLADI<\/h3>\n<p class=\"p1\">Tabii platformunun dikkat \u00e7eken yap\u0131mlar\u0131ndan biri olan Gassal, ilk sezonuyla izleyicilerden tam not alm\u0131\u015ft\u0131. \u201c\u00d6l\u00fcnce beni kim y\u0131kayacak?\u201d sorusuyla afi\u015flerde merak uyand\u0131ran dizi, yaln\u0131z bir adam olan B\u00e2ki\u2019nin, \u00f6l\u00fcm ve hayat aras\u0131ndaki ince \u00e7izgide anlam aray\u0131\u015f\u0131n\u0131 konu al\u0131yor. Gassal 2. sezon, yeni karakterlerle hikayesini daha da derinle\u015ftirecek. Dizinin yeni sezonunda Hande Soral, Gassal karakterini oynayacak. Ayr\u0131ca Ercan Kesal, Nazan Kesal ve Serhat K\u0131l\u0131\u00e7 gibi usta oyuncular da kadroda yer almaya devam edecek. Peki, Gassal 2. sezon yay\u0131n tarihi belli oldu mu? \u0130\u015fte yeni sezon hakk\u0131nda merak edilenler\u2026<\/p>\n<p><img loading=\"lazy\" decoding=\"async\" class=\"alignnone wp-image-139572 size-large\" src=\"https:\/\/www.tgrthaber.com\/mavikadin\/wp-content\/uploads\/Ekran-Resmi-2025-02-27-23.00.50-1024x640.png\" alt=\"\" width=\"1024\" height=\"640\" title=\"\" srcset=\"https:\/\/www.tgrthaber.com\/mavikadin\/wp-content\/uploads\/Ekran-Resmi-2025-02-27-23.00.50-1024x640.png 1024w, https:\/\/www.tgrthaber.com\/mavikadin\/wp-content\/uploads\/Ekran-Resmi-2025-02-27-23.00.50-300x188.png 300w, https:\/\/www.tgrthaber.com\/mavikadin\/wp-content\/uploads\/Ekran-Resmi-2025-02-27-23.00.50-768x480.png 768w, https:\/\/www.tgrthaber.com\/mavikadin\/wp-content\/uploads\/Ekran-Resmi-2025-02-27-23.00.50.png 1254w\" sizes=\"(max-width: 1024px) 100vw, 1024px\" \/><\/p>\n<hr \/>\n<h3 class=\"p1\">GASSAL 2. SEZON NE ZAMAN BA\u015eLAYACAK?<\/h3>\n<p class=\"p1\">Etkileyici senaryosu ve g\u00fc\u00e7l\u00fc kadrosuyla b\u00fcy\u00fck bir hayran kitlesi kazanan Gassal dizisinin 2. sezon \u00e7ekimleri tamamland\u0131. Yeni b\u00f6l\u00fcmlerin yay\u0131n tarihi hakk\u0131nda resmi bir a\u00e7\u0131klama yap\u0131lmasa da dizinin \u00e7ok yak\u0131nda izleyicilerle bulu\u015fmas\u0131 bekleniyor. Yak\u0131n zamanda Tabii platformu taraf\u0131ndan duyuru yap\u0131lmas\u0131 bekleniyor.<\/p>\n<p><img loading=\"lazy\" decoding=\"async\" class=\"alignnone wp-image-139573 size-large\" src=\"https:\/\/www.tgrthaber.com\/mavikadin\/wp-content\/uploads\/Ekran-Resmi-2025-02-27-23.01.04-1024x613.png\" alt=\"\" width=\"1024\" height=\"613\" title=\"\" srcset=\"https:\/\/www.tgrthaber.com\/mavikadin\/wp-content\/uploads\/Ekran-Resmi-2025-02-27-23.01.04-1024x613.png 1024w, https:\/\/www.tgrthaber.com\/mavikadin\/wp-content\/uploads\/Ekran-Resmi-2025-02-27-23.01.04-300x180.png 300w, https:\/\/www.tgrthaber.com\/mavikadin\/wp-content\/uploads\/Ekran-Resmi-2025-02-27-23.01.04-768x460.png 768w, https:\/\/www.tgrthaber.com\/mavikadin\/wp-content\/uploads\/Ekran-Resmi-2025-02-27-23.01.04.png 1340w\" sizes=\"(max-width: 1024px) 100vw, 1024px\" \/><\/p>\n<hr \/>\n<h3 class=\"p1\">GASSAL 2. SEZON FRAGMANI YAYINLANDI<\/h3>\n<p class=\"p1\">Yeni sezonda B\u00e2ki\u2019nin ge\u00e7mi\u015fiyle y\u00fczle\u015fmesi ve ya\u015fam\u0131n anlam\u0131n\u0131 sorgulamas\u0131 daha da derinle\u015fecek. Hande Soral\u2019\u0131n diziye kat\u0131lmas\u0131 hikayeye yeni bir anlam\u00a0 kazand\u0131r\u0131rken, fragmanda duyulan Bayhan\u2019\u0131n seslendirdi\u011fi \u015fark\u0131 b\u00fcy\u00fck merak uyand\u0131rd\u0131. \u0130lk sezonda \u015eahin Kendirci\u2019nin seslendirdi\u011fi eserler b\u00fcy\u00fck be\u011feni kazanm\u0131\u015ft\u0131. \u0130kinci sezonda ise m\u00fczikal anlamda dizinin Bayhan\u2019\u0131n sesinden \u015fark\u0131larla renklenece\u011fi d\u00fc\u015f\u00fcn\u00fcl\u00fcyor.<\/p>\n<div style=\"width: 640px;\" class=\"wp-video\"><!--[if lt IE 9]><script>document.createElement('video');<\/script><![endif]-->\n<video class=\"wp-video-shortcode\" id=\"video-139562-1\" width=\"640\" height=\"1490\" preload=\"metadata\" controls=\"controls\"><source type=\"video\/mp4\" src=\"https:\/\/www.tgrthaber.com\/mavikadin\/wp-content\/uploads\/IMG_8932.mp4?_=1\" \/><a href=\"https:\/\/www.tgrthaber.com\/mavikadin\/wp-content\/uploads\/IMG_8932.mp4\">https:\/\/www.tgrthaber.com\/mavikadin\/wp-content\/uploads\/IMG_8932.mp4<\/a><\/video><\/div>\n<h3 class=\"p1\">GASSAL D\u0130Z\u0130S\u0130 NEREDEN \u0130ZLEN\u0130R?<\/h3>\n<p class=\"p1\">Gassal dizisi, Tabii dijital platformunda yay\u0131nlan\u0131yor. Diziyi izleyebilmek i\u00e7in Tabii\u2019nin web sitesi veya mobil uygulamas\u0131 \u00fczerinden kay\u0131t olu\u015fturmak ve Premium paket sat\u0131n almak gerekiyor.<\/p>\n","protected":false},"excerpt":{"rendered":"<p>Tabii platformunun sevilen yap\u0131mlar\u0131ndan Gassal, ikinci sezonuyla izleyicilerle bulu\u015fmaya haz\u0131rlan\u0131yor. Yeni sezon fragman\u0131nda Hande Soral\u2019\u0131n kadroya dahil olmas\u0131 dikkat \u00e7ekerken, final sahnesinde Bayhan\u2019\u0131n \u201cSeni Anan Benim \u0130\u00e7in Do\u011furmu\u015f\u201d \u015fark\u0131s\u0131n\u0131 seslendirmesi b\u00fcy\u00fck ilgi toplad\u0131.<\/p>\n","protected":false},"author":16,"featured_media":139585,"comment_status":"closed","ping_status":"closed","sticky":false,"template":"","format":"standard","meta":{"rank_math_lock_modified_date":false,"footnotes":""},"categories":[602],"tags":[12343,12342,12038],"class_list":["post-139562","post","type-post","status-publish","format-standard","has-post-thumbnail","hentry","category-diziler","tag-gassal-2-sezon-1-bolum","tag-gassal-2-sezon-fragman-yayinlandi","tag-gassal-2-sezon-ne-zaman"],"_links":{"self":[{"href":"https:\/\/www.tgrthaber.com\/mavikadin\/wp-json\/wp\/v2\/posts\/139562"}],"collection":[{"href":"https:\/\/www.tgrthaber.com\/mavikadin\/wp-json\/wp\/v2\/posts"}],"about":[{"href":"https:\/\/www.tgrthaber.com\/mavikadin\/wp-json\/wp\/v2\/types\/post"}],"author":[{"embeddable":true,"href":"https:\/\/www.tgrthaber.com\/mavikadin\/wp-json\/wp\/v2\/users\/16"}],"replies":[{"embeddable":true,"href":"https:\/\/www.tgrthaber.com\/mavikadin\/wp-json\/wp\/v2\/comments?post=139562"}],"version-history":[{"count":4,"href":"https:\/\/www.tgrthaber.com\/mavikadin\/wp-json\/wp\/v2\/posts\/139562\/revisions"}],"predecessor-version":[{"id":139596,"href":"https:\/\/www.tgrthaber.com\/mavikadin\/wp-json\/wp\/v2\/posts\/139562\/revisions\/139596"}],"wp:featuredmedia":[{"embeddable":true,"href":"https:\/\/www.tgrthaber.com\/mavikadin\/wp-json\/wp\/v2\/media\/139585"}],"wp:attachment":[{"href":"https:\/\/www.tgrthaber.com\/mavikadin\/wp-json\/wp\/v2\/media?parent=139562"}],"wp:term":[{"taxonomy":"category","embeddable":true,"href":"https:\/\/www.tgrthaber.com\/mavikadin\/wp-json\/wp\/v2\/categories?post=139562"},{"taxonomy":"post_tag","embeddable":true,"href":"https:\/\/www.tgrthaber.com\/mavikadin\/wp-json\/wp\/v2\/tags?post=139562"}],"curies":[{"name":"wp","href":"https:\/\/api.w.org\/{rel}","templated":true}]}}