{"id":139609,"date":"2025-02-28T00:45:23","date_gmt":"2025-02-27T21:45:23","guid":{"rendered":"https:\/\/www.tgrthaber.com\/mavikadin\/?p=139609"},"modified":"2025-02-28T00:45:23","modified_gmt":"2025-02-27T21:45:23","slug":"nagihan-karadere-hakan-hatipogluna-cok-sert-cikti-patronunuzu-arayin-da-aglayin","status":"publish","type":"post","link":"https:\/\/www.tgrthaber.com\/mavikadin\/nagihan-karadere-hakan-hatipogluna-cok-sert-cikti-patronunuzu-arayin-da-aglayin\/","title":{"rendered":"Nagihan Karadere Hakan Hatipo\u011flu&#8217;na \u00e7ok sert \u00e7\u0131kt\u0131! &#8220;Patronunuzu aray\u0131n da a\u011flay\u0131n&#8221;"},"content":{"rendered":"<p>Son zamanlarda magazin g\u00fcndeminde Survivor program\u0131na kat\u0131l\u0131p kat\u0131lmayaca\u011f\u0131na y\u00f6nelik defalarca kez yapt\u0131\u011f\u0131 a\u00e7\u0131klamalarla konu\u015fulan eski yar\u0131\u015fmac\u0131 Nagihan Karadere, Survivor Panorama&#8217;da kendisi ile ilgili konu\u015fulunca \u00f6fkeden sinir krizine girdi.<\/p>\n<p>Sosyal medya hesab\u0131ndan yapt\u0131\u011f\u0131 a\u00e7\u0131klamalarla Survivor 2025&#8217;te yer almayaca\u011f\u0131n\u0131n \u0131srarla alt\u0131n\u0131 \u00e7izen ve hala buna ra\u011fmen s\u0131k s\u0131k yar\u0131\u015fmaya d\u00f6nmesi i\u00e7in takip\u00e7ilerinden mesajlar ald\u0131\u011f\u0131n\u0131 ifade eden Nagihan Karadere, Survivor Panaroma&#8217;da yap\u0131lan a\u00e7\u0131klamalarla ilgili sert tepkide bulundu.<\/p>\n<h3>SUR\u0130VOR PANORAMA&#8217;DA ADI GE\u00c7EN KARADERE \u00c7ILGINA D\u00d6ND\u00dc!<\/h3>\n<p>Programdaki yar\u0131\u015fmay\u0131 yorumlayan Murat \u00d6zar\u0131 &#8220;Krali\u00e7e Nagihan Karadere&#8217;dir. Almeda&#8217;n\u0131n Nagihan ile k\u0131yaslanmas\u0131 bile Nagihan&#8217;\u0131n b\u00fcy\u00fckl\u00fc\u011f\u00fcn\u00fc g\u00f6sterir.<\/p>\n<p><img loading=\"lazy\" decoding=\"async\" class=\"alignnone wp-image-139624\" src=\"https:\/\/www.tgrthaber.com\/mavikadin\/wp-content\/uploads\/dfdf-6.png\" alt=\"\" width=\"1208\" height=\"698\" title=\"\" srcset=\"https:\/\/www.tgrthaber.com\/mavikadin\/wp-content\/uploads\/dfdf-6.png 703w, https:\/\/www.tgrthaber.com\/mavikadin\/wp-content\/uploads\/dfdf-6-300x173.png 300w\" sizes=\"(max-width: 1208px) 100vw, 1208px\" \/><\/p>\n<hr \/>\n<p>Nagihan y\u00fczde y\u00fcz\u00fcyle gelse, hi\u00e7bir sakatl\u0131\u011f\u0131 olmasa, Nagihan ve Almeda 10 oyun oynasa 9&#8217;unu Nagihan kazan\u0131r&#8221; a\u00e7\u0131klamas\u0131nda bulundu.<\/p>\n<p>Sunucu Hakan Hatipo\u011flu ise &#8220;Kim \u00e7\u0131kard\u0131 bunu? \u0130lk kim dedi? Kendi \u00e7\u0131karm\u0131\u015ft\u0131r&#8221; diyerek Nagihan ile aras\u0131n\u0131n a\u00e7\u0131k oldu\u011fu Damla&#8217;ya imal\u0131 bir \u015fekilde g\u00fcld\u00fc.<\/p>\n<p>Nagihan Karadere ise aktif kulland\u0131\u011f\u0131 sosyal medya hesab\u0131ndan &#8220;\u0130ki kuduruk, k\u0131skan\u00e7, fesat, yalaka tayfa beni mi anm\u0131\u015flar yine. Evet krali\u00e7e lakab\u0131m\u0131 takan Acun Il\u0131cal\u0131, patronunuzu aray\u0131n da a\u011flay\u0131n. patatessssss!!!&#8221; \u015feklinde sitemde bulunarak \u015fu s\u00f6zlerde bulundu:<\/p>\n<p>&#8220;Yar\u0131\u015fmada haddin olmayan konuya maydanoz olup beni anneli\u011fimden vurmaya \u00e7al\u0131\u015f\u0131p beni delirtip sonra da o pis surat\u0131na t\u00fck\u00fcrm\u00fc\u015ft\u00fcm vallahi sana az bile yapm\u0131\u015f\u0131m lan patates?&#8221;<\/p>\n<h3>ESK\u0130 YARI\u015eMACI NAG\u0130HAN KARADERE SURV\u0130VOR&#8217;A KATILMAYACA\u011eINI \u015eU S\u00d6ZLERLE A\u00c7IKLAMI\u015eTI&#8230;<\/h3>\n<p>Sosyal medya hesab\u0131nda Survivorda olmayaca\u011f\u0131n\u0131 ifade eden eski yar\u0131\u015fmac\u0131 Karadere, g\u00f6nderisine \u201cSevgili arkada\u015flar, toplu bir a\u00e7\u0131klama yapma ihtiyac\u0131 duyuyorum \u00e7\u00fcnk\u00fc aylard\u0131r s\u00fcrekli bana bu soru geliyor. Art\u0131k DM kutum patl\u0131yor.<\/p>\n<p><img loading=\"lazy\" decoding=\"async\" class=\"alignnone wp-image-55702\" src=\"https:\/\/www.tgrthaber.com\/mavikadin\/wp-content\/uploads\/2024\/09\/survivor-yarismacisi-nefise-karatay-nagihan-karadere-yi-cileden-cikartti.jpg\" alt=\"\" width=\"1208\" height=\"634\" title=\"\" srcset=\"https:\/\/www.tgrthaber.com\/mavikadin\/wp-content\/uploads\/2024\/09\/survivor-yarismacisi-nefise-karatay-nagihan-karadere-yi-cileden-cikartti.jpg 1200w, https:\/\/www.tgrthaber.com\/mavikadin\/wp-content\/uploads\/2024\/09\/survivor-yarismacisi-nefise-karatay-nagihan-karadere-yi-cileden-cikartti-300x158.jpg 300w, https:\/\/www.tgrthaber.com\/mavikadin\/wp-content\/uploads\/2024\/09\/survivor-yarismacisi-nefise-karatay-nagihan-karadere-yi-cileden-cikartti-1024x538.jpg 1024w, https:\/\/www.tgrthaber.com\/mavikadin\/wp-content\/uploads\/2024\/09\/survivor-yarismacisi-nefise-karatay-nagihan-karadere-yi-cileden-cikartti-768x403.jpg 768w, https:\/\/www.tgrthaber.com\/mavikadin\/wp-content\/uploads\/2024\/09\/survivor-yarismacisi-nefise-karatay-nagihan-karadere-yi-cileden-cikartti-571x300.jpg 571w, https:\/\/www.tgrthaber.com\/mavikadin\/wp-content\/uploads\/2024\/09\/survivor-yarismacisi-nefise-karatay-nagihan-karadere-yi-cileden-cikartti-600x315.jpg 600w, https:\/\/www.tgrthaber.com\/mavikadin\/wp-content\/uploads\/2024\/09\/survivor-yarismacisi-nefise-karatay-nagihan-karadere-yi-cileden-cikartti-30x16.jpg 30w, https:\/\/www.tgrthaber.com\/mavikadin\/wp-content\/uploads\/2024\/09\/survivor-yarismacisi-nefise-karatay-nagihan-karadere-yi-cileden-cikartti-19x10.jpg 19w\" sizes=\"(max-width: 1208px) 100vw, 1208px\" \/><\/p>\n<hr \/>\n<p>Hala \u00fcmitlenenler var, hala gidece\u011fimi d\u00fc\u015f\u00fcnenler var. Arkada\u015flar, her eylemimden bir anlam \u00e7\u0131karmay\u0131n. Survivor\u2019a gitmiyorum. Survivor art\u0131k yar\u0131lanm\u0131\u015f, ancak bana hala \u2018Yedeklerden gelirsin\u2019 diyenler var. Yokum arkada\u015flar yani ger\u00e7ekten bunu a\u00e7\u0131klad\u0131\u011f\u0131ma da inanam\u0131yorum\u201d notunu d\u00fc\u015fm\u00fc\u015ft\u00fc.<\/p>\n","protected":false},"excerpt":{"rendered":"<p>TV8 kanal\u0131nda yay\u0131nlanan &#8216;Survivor Panorama&#8217;da ad\u0131 ge\u00e7en Nagihan Karadere, \u00f6fkeden deliye d\u00f6nd\u00fc. \u00dcnl\u00fc ismin kendisi hakk\u0131nda bahsedilen s\u00f6zlerine \u00e7ok sert geri d\u00f6n\u00fc\u015f\u00fc oldu.<\/p>\n","protected":false},"author":27,"featured_media":139625,"comment_status":"closed","ping_status":"closed","sticky":false,"template":"","format":"standard","meta":{"rank_math_lock_modified_date":false,"footnotes":""},"categories":[76],"tags":[12352,133,2447,2366],"class_list":["post-139609","post","type-post","status-publish","format-standard","has-post-thumbnail","hentry","category-magazin","tag-hakan-hatipoglu","tag-magazin","tag-nagihan-karadere","tag-survivor"],"_links":{"self":[{"href":"https:\/\/www.tgrthaber.com\/mavikadin\/wp-json\/wp\/v2\/posts\/139609"}],"collection":[{"href":"https:\/\/www.tgrthaber.com\/mavikadin\/wp-json\/wp\/v2\/posts"}],"about":[{"href":"https:\/\/www.tgrthaber.com\/mavikadin\/wp-json\/wp\/v2\/types\/post"}],"author":[{"embeddable":true,"href":"https:\/\/www.tgrthaber.com\/mavikadin\/wp-json\/wp\/v2\/users\/27"}],"replies":[{"embeddable":true,"href":"https:\/\/www.tgrthaber.com\/mavikadin\/wp-json\/wp\/v2\/comments?post=139609"}],"version-history":[{"count":2,"href":"https:\/\/www.tgrthaber.com\/mavikadin\/wp-json\/wp\/v2\/posts\/139609\/revisions"}],"predecessor-version":[{"id":139627,"href":"https:\/\/www.tgrthaber.com\/mavikadin\/wp-json\/wp\/v2\/posts\/139609\/revisions\/139627"}],"wp:featuredmedia":[{"embeddable":true,"href":"https:\/\/www.tgrthaber.com\/mavikadin\/wp-json\/wp\/v2\/media\/139625"}],"wp:attachment":[{"href":"https:\/\/www.tgrthaber.com\/mavikadin\/wp-json\/wp\/v2\/media?parent=139609"}],"wp:term":[{"taxonomy":"category","embeddable":true,"href":"https:\/\/www.tgrthaber.com\/mavikadin\/wp-json\/wp\/v2\/categories?post=139609"},{"taxonomy":"post_tag","embeddable":true,"href":"https:\/\/www.tgrthaber.com\/mavikadin\/wp-json\/wp\/v2\/tags?post=139609"}],"curies":[{"name":"wp","href":"https:\/\/api.w.org\/{rel}","templated":true}]}}